{"id":148175,"date":"2021-11-17T13:10:04","date_gmt":"2021-11-17T19:10:04","guid":{"rendered":"https:\/\/visionpeninsular.com\/mid\/?p=148175"},"modified":"2021-11-17T13:10:08","modified_gmt":"2021-11-17T19:10:08","slug":"realizaran-el-reciclaton-para-prevenir-la-contaminacion-por-residuos-electricos","status":"publish","type":"post","link":"https:\/\/visionpeninsular.com\/mid\/realizaran-el-reciclaton-para-prevenir-la-contaminacion-por-residuos-electricos\/","title":{"rendered":"Realizar\u00e1n el \u201cReciclat\u00f3n\u201d para prevenir la contaminaci\u00f3n por residuos el\u00e9ctricos"},"content":{"rendered":"\n<p>Del 22 al 28 de noviembre se realizar\u00e1 la s\u00e9ptima edici\u00f3n del \u201cReciclat\u00f3n\u201d, estrategia que busca evitar que art\u00edculos electr\u00f3nicos se conviertan en un problema de contaminaci\u00f3n.<\/p>\n\n\n\n<p>En conferencia de prensa, la secretaria de Desarrollo Sustentable (SDS), Sayda Rodr\u00edguez G\u00f3mez, precis\u00f3 que en el marco de este evento se habilitar\u00e1n 16 centros de acopio en distintos puntos de la ciudad de M\u00e9rida para la colecta de residuos electr\u00f3nicos.<\/p>\n\n\n\n<p>Los centros de acopio estar\u00e1n en sitios como la Unidad Deportiva Caucel, Parque Ecol\u00f3gico Metropolitano del sur, estadio \u201cSalvador Alvarado\u201d, la Canaco M\u00e9rida, empresas, universidades y tiendas que participan en la campa\u00f1a.<\/p>\n\n\n\n<p>En estos sitios se podr\u00e1 desechar computadoras, laptops, tablets, tel\u00e9fonos, celulares, conmutadores, c\u00e1maras de video y fotogr\u00e1ficas, proyectores, televisores, pantallas, monitores, impresoras y otros art\u00edculos.<\/p>\n\n\n\n<p>\u201cLa recepci\u00f3n de materiales ser\u00e1 del lunes 22 al viernes 26 de noviembre, a excepci\u00f3n de algunos centros de acopio, que estar\u00e1n habilitados hasta el domingo 28; el horario en todos ser\u00e1 de 9:00 a 17:00 y no se atender\u00e1 fuera de este tiempo\u201d, explic\u00f3.<\/p>\n\n\n\n<p>\u201cEn la edici\u00f3n anterior, se logr\u00f3 reunir un total de 21.750 toneladas de residuos electr\u00f3nicos y, aunque los puntos de recolecci\u00f3n estar\u00e1n en M\u00e9rida, se invita a la poblaci\u00f3n de todos los municipios para superar esta meta\u201d, apunt\u00f3.<\/p>\n\n\n\n<p>Se\u00f1al\u00f3 que los aparatos electr\u00f3nicos contienen sustancias, como plomo, cadmio, mercurio y cromo, que pueden causar efectos t\u00f3xicos en la salud y el ambiente, si no se les trata adecuadamente, por lo que recalc\u00f3 la importancia de depositarlos en los sitios adecuados.<\/p>\n<div class='share-to-whatsapp-wrapper'><div class='share-on-whsp'>Share on: <\/div><a data-text='Realizar\u00e1n el \u201cReciclat\u00f3n\u201d para prevenir la contaminaci\u00f3n por residuos el\u00e9ctricos' data-link='https:\/\/visionpeninsular.com\/mid\/realizaran-el-reciclaton-para-prevenir-la-contaminacion-por-residuos-electricos\/' class='whatsapp-button whatsapp-share'>WhatsApp<\/a><div class='clear '><\/div><\/div>","protected":false},"excerpt":{"rendered":"<p>Del 22 al 28 de noviembre se realizar\u00e1 la s\u00e9ptima edici\u00f3n del \u201cReciclat\u00f3n\u201d, estrategia que busca evitar que art\u00edculos electr\u00f3nicos se conviertan en un problema de contaminaci\u00f3n. En conferencia de prensa, la secretaria de Desarrollo Sustentable (SDS), Sayda Rodr\u00edguez G\u00f3mez, precis\u00f3 que en el marco de este evento se habilitar\u00e1n 16 centros de acopio en &hellip;<\/p>\n","protected":false},"author":5,"featured_media":148177,"comment_status":"open","ping_status":"open","sticky":false,"template":"","format":"standard","meta":{"_mi_skip_tracking":false},"categories":[50,37],"tags":[29233,16070,14076],"_links":{"self":[{"href":"https:\/\/visionpeninsular.com\/mid\/wp-json\/wp\/v2\/posts\/148175"}],"collection":[{"href":"https:\/\/visionpeninsular.com\/mid\/wp-json\/wp\/v2\/posts"}],"about":[{"href":"https:\/\/visionpeninsular.com\/mid\/wp-json\/wp\/v2\/types\/post"}],"author":[{"embeddable":true,"href":"https:\/\/visionpeninsular.com\/mid\/wp-json\/wp\/v2\/users\/5"}],"replies":[{"embeddable":true,"href":"https:\/\/visionpeninsular.com\/mid\/wp-json\/wp\/v2\/comments?post=148175"}],"version-history":[{"count":1,"href":"https:\/\/visionpeninsular.com\/mid\/wp-json\/wp\/v2\/posts\/148175\/revisions"}],"predecessor-version":[{"id":148178,"href":"https:\/\/visionpeninsular.com\/mid\/wp-json\/wp\/v2\/posts\/148175\/revisions\/148178"}],"wp:featuredmedia":[{"embeddable":true,"href":"https:\/\/visionpeninsular.com\/mid\/wp-json\/wp\/v2\/media\/148177"}],"wp:attachment":[{"href":"https:\/\/visionpeninsular.com\/mid\/wp-json\/wp\/v2\/media?parent=148175"}],"wp:term":[{"taxonomy":"category","embeddable":true,"href":"https:\/\/visionpeninsular.com\/mid\/wp-json\/wp\/v2\/categories?post=148175"},{"taxonomy":"post_tag","embeddable":true,"href":"https:\/\/visionpeninsular.com\/mid\/wp-json\/wp\/v2\/tags?post=148175"}],"curies":[{"name":"wp","href":"https:\/\/api.w.org\/{rel}","templated":true}]}}