{"id":147748,"date":"2021-11-06T13:43:40","date_gmt":"2021-11-06T19:43:40","guid":{"rendered":"https:\/\/visionpeninsular.com\/mid\/?p=147748"},"modified":"2021-11-06T16:13:07","modified_gmt":"2021-11-06T22:13:07","slug":"obituario-sensible-fallecimiento-de-don-jose-maria-canto-cetina","status":"publish","type":"post","link":"https:\/\/visionpeninsular.com\/mid\/obituario-sensible-fallecimiento-de-don-jose-maria-canto-cetina\/","title":{"rendered":"Obituario: Sensible fallecimiento de Don Jos\u00e9 Mar\u00eda Canto Cetina"},"content":{"rendered":"\n<p>Con profundo dolor comunicamos el fallecimiento de <strong>Don JOSE MARIA CANTO CETINA.<\/strong><\/p>\n\n\n\n<p>Don Jos\u00e9 aprendi\u00f3 de su Padre el compromiso c\u00edvico de formarse en las filas del <strong>PAN<\/strong> en Yucatan , ese partido que entonces, hac\u00eda la diferencia por sus principios , esos mismos principios por los que Don Jose y su padre trabajaron en el D\u00eda a d\u00eda.<\/p>\n\n\n\n<p>Son Jose Canto Cetina, form\u00f3 parte de ese honorable n\u00facleo de Panistas que se resist\u00eda a las modernidades de sacrificar sus principios, a cambio de algunas posiciones o de p\u00edrricas victorias .<\/p>\n\n\n\n<p>Don Jose y su esposa Ligia Moreno Concha formaron una familia y tuvieron tres hijos : <strong>Diana, Graciela y Alejandro Canto Moreno<\/strong> quienes hoy est\u00e1n recibiendo las condolencias de familiares y amigos.<\/p>\n\n\n\n<p>Destacamos que su hija <strong>DIANA CANTO MORENO<\/strong> es actualmente S\u00edndico del Ayuntamiento de Merida, donde se distingue por su compromiso y lealtad con la ciudadan\u00eda .<\/p>\n\n\n\n<p>Reciben tambi\u00e9n condolencias sus <strong>Nietos: Esteban y Diego Ramirez Canto ; as\u00ed como tambi\u00e9n Monica y Regina Duran Canto.<\/strong><\/p>\n\n\n\n<p>Por respeto a las condiciones sanitarias ; el velorio se est\u00e1 efectuando en la intimidad de su familia y pronto se dar\u00e1n a conocer las Misas de condolencias por su eterno descanso .<\/p>\n\n\n\n<p><br><strong>DESCANSE EN PAZ !<\/strong><\/p>\n<div class='share-to-whatsapp-wrapper'><div class='share-on-whsp'>Share on: <\/div><a data-text='Obituario: Sensible fallecimiento de Don Jos\u00e9 Mar\u00eda Canto Cetina' data-link='https:\/\/visionpeninsular.com\/mid\/obituario-sensible-fallecimiento-de-don-jose-maria-canto-cetina\/' class='whatsapp-button whatsapp-share'>WhatsApp<\/a><div class='clear '><\/div><\/div>","protected":false},"excerpt":{"rendered":"<p>Con profundo dolor comunicamos el fallecimiento de Don JOSE MARIA CANTO CETINA. Don Jos\u00e9 aprendi\u00f3 de su Padre el compromiso c\u00edvico de formarse en las filas del PAN en Yucatan , ese partido que entonces, hac\u00eda la diferencia por sus principios , esos mismos principios por los que Don Jose y su padre trabajaron en &hellip;<\/p>\n","protected":false},"author":1,"featured_media":147751,"comment_status":"open","ping_status":"open","sticky":false,"template":"","format":"standard","meta":{"_mi_skip_tracking":false},"categories":[49,37],"tags":[23583,10585,157,11888,227],"_links":{"self":[{"href":"https:\/\/visionpeninsular.com\/mid\/wp-json\/wp\/v2\/posts\/147748"}],"collection":[{"href":"https:\/\/visionpeninsular.com\/mid\/wp-json\/wp\/v2\/posts"}],"about":[{"href":"https:\/\/visionpeninsular.com\/mid\/wp-json\/wp\/v2\/types\/post"}],"author":[{"embeddable":true,"href":"https:\/\/visionpeninsular.com\/mid\/wp-json\/wp\/v2\/users\/1"}],"replies":[{"embeddable":true,"href":"https:\/\/visionpeninsular.com\/mid\/wp-json\/wp\/v2\/comments?post=147748"}],"version-history":[{"count":2,"href":"https:\/\/visionpeninsular.com\/mid\/wp-json\/wp\/v2\/posts\/147748\/revisions"}],"predecessor-version":[{"id":147754,"href":"https:\/\/visionpeninsular.com\/mid\/wp-json\/wp\/v2\/posts\/147748\/revisions\/147754"}],"wp:featuredmedia":[{"embeddable":true,"href":"https:\/\/visionpeninsular.com\/mid\/wp-json\/wp\/v2\/media\/147751"}],"wp:attachment":[{"href":"https:\/\/visionpeninsular.com\/mid\/wp-json\/wp\/v2\/media?parent=147748"}],"wp:term":[{"taxonomy":"category","embeddable":true,"href":"https:\/\/visionpeninsular.com\/mid\/wp-json\/wp\/v2\/categories?post=147748"},{"taxonomy":"post_tag","embeddable":true,"href":"https:\/\/visionpeninsular.com\/mid\/wp-json\/wp\/v2\/tags?post=147748"}],"curies":[{"name":"wp","href":"https:\/\/api.w.org\/{rel}","templated":true}]}}