{"id":147281,"date":"2021-10-23T12:52:50","date_gmt":"2021-10-23T17:52:50","guid":{"rendered":"https:\/\/visionpeninsular.com\/mid\/?p=147281"},"modified":"2021-10-23T12:52:54","modified_gmt":"2021-10-23T17:52:54","slug":"titeres-resolveran-el-misterio-de-las-animas-en-obra-de-teatro-guinol","status":"publish","type":"post","link":"https:\/\/visionpeninsular.com\/mid\/titeres-resolveran-el-misterio-de-las-animas-en-obra-de-teatro-guinol\/","title":{"rendered":"T\u00edteres resolver\u00e1n el misterio de las \u00e1nimas, en obra de teatro gui\u00f1ol"},"content":{"rendered":"\n<p>M\u00e9rida, Yucat\u00e1n, 23 de octubre de 2021.- La ni\u00f1ez pasar\u00e1 un domingo de mucha diversi\u00f3n y aprendizaje, con la obra de t\u00edteres El misterio de las \u00e1nimas, que forma parte del Oto\u00f1o Cultural 2021 y en la que se revivir\u00e1 pasajes alusivos al D\u00eda de Muertos, con escenas musicales.<\/p>\n\n\n\n<p>Se llevar\u00e1 a cabo el 24 de octubre, a las 11:00 horas, en el Museo de Arte Popular (MAPY), y la entrada ser\u00e1 gratuita, como en todas las actividades de la cartelera.<\/p>\n\n\n\n<p>El montaje en peque\u00f1o formato, a cargo de la compa\u00f1\u00eda El Gui\u00f1ol de Tito y Tita, se integra de dos n\u00fameros musicales y un cuento, titulado igual que la propuesta, con las escenas \u201cEl pr\u00f3logo de las calaveras\u201d, \u201cLa danza de los fantasmas\u201d y \u201cJarabe de ultratumba\u201d.<\/p>\n\n\n\n<p>De acuerdo con su director, Gabriel \u201cTito\u201d D\u00edaz, el p\u00fablico estar\u00e1 en una funci\u00f3n tradicional de teatro gui\u00f1ol que le entretendr\u00e1 de principio a fin, en el referido espacio, ubicado en el n\u00famero 487 de la calle 50-A, en el Centro Hist\u00f3rico de M\u00e9rida.<\/p>\n\n\n\n<figure class=\"wp-block-image size-full\"><a href=\"https:\/\/visionpeninsular.com\/mid\/wp-content\/uploads\/2021\/10\/Los-Trovadores-de-Yucatan-scaled-1.jpg\"><img loading=\"lazy\" width=\"768\" height=\"518\" src=\"https:\/\/visionpeninsular.com\/mid\/wp-content\/uploads\/2021\/10\/Los-Trovadores-de-Yucatan-scaled-1.jpg\" alt=\"\" class=\"wp-image-147283\" srcset=\"https:\/\/visionpeninsular.com\/mid\/wp-content\/uploads\/2021\/10\/Los-Trovadores-de-Yucatan-scaled-1.jpg 768w, https:\/\/visionpeninsular.com\/mid\/wp-content\/uploads\/2021\/10\/Los-Trovadores-de-Yucatan-scaled-1-300x202.jpg 300w, https:\/\/visionpeninsular.com\/mid\/wp-content\/uploads\/2021\/10\/Los-Trovadores-de-Yucatan-scaled-1-110x75.jpg 110w\" sizes=\"(max-width: 768px) 100vw, 768px\" \/><\/a><\/figure>\n\n\n\n<p>Para los internos del Centro de Readaptaci\u00f3n Social (Cereso) de esta ciudad, llegar\u00e1 la m\u00e1xima fiesta art\u00edstica y cultural de la entidad, a las 14:00, cuando Los Trovadores de Yucat\u00e1n cantar\u00e1n lo m\u00e1s destacado de su repertorio, con autores de la tierra del Mayab.<\/p>\n\n\n\n<p>El tr\u00edo surgi\u00f3 el 26 agosto del a\u00f1o 2000 y se caracteriza por su estilo especial, gracias a la armon\u00eda creada entre voces y guitarras, que han compartido en Colombia, Estados Unidos y Venezuela. Adem\u00e1s de rendir homenaje a compositores locales, cuentan con sones cubanos y ritmos caribe\u00f1os.<\/p>\n\n\n\n<figure class=\"wp-block-image size-full\"><a href=\"https:\/\/visionpeninsular.com\/mid\/wp-content\/uploads\/2021\/10\/Calle-de-las-animas-scaled-1.jpg\"><img loading=\"lazy\" width=\"768\" height=\"496\" src=\"https:\/\/visionpeninsular.com\/mid\/wp-content\/uploads\/2021\/10\/Calle-de-las-animas-scaled-1.jpg\" alt=\"\" class=\"wp-image-147284\" srcset=\"https:\/\/visionpeninsular.com\/mid\/wp-content\/uploads\/2021\/10\/Calle-de-las-animas-scaled-1.jpg 768w, https:\/\/visionpeninsular.com\/mid\/wp-content\/uploads\/2021\/10\/Calle-de-las-animas-scaled-1-300x194.jpg 300w\" sizes=\"(max-width: 768px) 100vw, 768px\" \/><\/a><\/figure>\n\n\n\n<p>La programaci\u00f3n del Oto\u00f1o Cultural 2021 est\u00e1 disponible en redes sociales de Sedeculta, facebook.com\/sedeculta, twitter.com\/sedecultayuc e instagram.com\/sedeculta, as\u00ed como en el portal oficial, www.cultura.yucatan.gob.mx.<\/p>\n<div class='share-to-whatsapp-wrapper'><div class='share-on-whsp'>Share on: <\/div><a data-text='T\u00edteres resolver\u00e1n el misterio de las \u00e1nimas, en obra de teatro gui\u00f1ol' data-link='https:\/\/visionpeninsular.com\/mid\/titeres-resolveran-el-misterio-de-las-animas-en-obra-de-teatro-guinol\/' class='whatsapp-button whatsapp-share'>WhatsApp<\/a><div class='clear '><\/div><\/div>","protected":false},"excerpt":{"rendered":"<p>M\u00e9rida, Yucat\u00e1n, 23 de octubre de 2021.- La ni\u00f1ez pasar\u00e1 un domingo de mucha diversi\u00f3n y aprendizaje, con la obra de t\u00edteres El misterio de las \u00e1nimas, que forma parte del Oto\u00f1o Cultural 2021 y en la que se revivir\u00e1 pasajes alusivos al D\u00eda de Muertos, con escenas musicales. Se llevar\u00e1 a cabo el 24 &hellip;<\/p>\n","protected":false},"author":5,"featured_media":147282,"comment_status":"open","ping_status":"open","sticky":false,"template":"","format":"standard","meta":{"_mi_skip_tracking":false},"categories":[50,37],"tags":[28959,28805,1557,28960],"_links":{"self":[{"href":"https:\/\/visionpeninsular.com\/mid\/wp-json\/wp\/v2\/posts\/147281"}],"collection":[{"href":"https:\/\/visionpeninsular.com\/mid\/wp-json\/wp\/v2\/posts"}],"about":[{"href":"https:\/\/visionpeninsular.com\/mid\/wp-json\/wp\/v2\/types\/post"}],"author":[{"embeddable":true,"href":"https:\/\/visionpeninsular.com\/mid\/wp-json\/wp\/v2\/users\/5"}],"replies":[{"embeddable":true,"href":"https:\/\/visionpeninsular.com\/mid\/wp-json\/wp\/v2\/comments?post=147281"}],"version-history":[{"count":1,"href":"https:\/\/visionpeninsular.com\/mid\/wp-json\/wp\/v2\/posts\/147281\/revisions"}],"predecessor-version":[{"id":147285,"href":"https:\/\/visionpeninsular.com\/mid\/wp-json\/wp\/v2\/posts\/147281\/revisions\/147285"}],"wp:featuredmedia":[{"embeddable":true,"href":"https:\/\/visionpeninsular.com\/mid\/wp-json\/wp\/v2\/media\/147282"}],"wp:attachment":[{"href":"https:\/\/visionpeninsular.com\/mid\/wp-json\/wp\/v2\/media?parent=147281"}],"wp:term":[{"taxonomy":"category","embeddable":true,"href":"https:\/\/visionpeninsular.com\/mid\/wp-json\/wp\/v2\/categories?post=147281"},{"taxonomy":"post_tag","embeddable":true,"href":"https:\/\/visionpeninsular.com\/mid\/wp-json\/wp\/v2\/tags?post=147281"}],"curies":[{"name":"wp","href":"https:\/\/api.w.org\/{rel}","templated":true}]}}