{"id":145613,"date":"2021-09-01T16:55:20","date_gmt":"2021-09-01T21:55:20","guid":{"rendered":"https:\/\/visionpeninsular.com\/mid\/?p=145613"},"modified":"2021-09-01T16:55:23","modified_gmt":"2021-09-01T21:55:23","slug":"acude-el-gobernador-mauricio-vila-dosal-a-la-sesion-de-apertura-del-primer-periodo-ordinario-de-sesiones-de-la-63-legislatura-del-congreso-del-estado","status":"publish","type":"post","link":"https:\/\/visionpeninsular.com\/mid\/acude-el-gobernador-mauricio-vila-dosal-a-la-sesion-de-apertura-del-primer-periodo-ordinario-de-sesiones-de-la-63-legislatura-del-congreso-del-estado\/","title":{"rendered":"Acude el Gobernador Mauricio Vila Dosal a la sesi\u00f3n de apertura del primer periodo ordinario de sesiones de la 63 Legislatura del Congreso del Estado"},"content":{"rendered":"\n<p>M\u00e9rida, Yucat\u00e1n, 1 de septiembre de 2021.- El Gobernador Mauricio Vila Dosal asisti\u00f3 esta ma\u00f1ana a la sesi\u00f3n de apertura del primer periodo ordinario de sesiones de la 63 Legislatura del Congreso del Estado, por lo que invit\u00f3 a los nuevos diputados a impulsar m\u00e1s cambios que generen empleos, fortalezcan la salud, la seguridad y la educaci\u00f3n para continuar con la recuperaci\u00f3n de Yucat\u00e1n frente a la pandemia del Coronavirus.<\/p>\n\n\n\n<p>Acompa\u00f1ado del presidente del Tribunal Superior de Justicia del Estado, Ricardo \u00c1vila Heredia, Vila Dosal atestigu\u00f3 el inicio de los trabajos de la actual Legislatura, en la que los diputados aprobaron la propuesta de acuerdo signada por la Mesa Directiva, que encabeza la diputada Pilar Santos D\u00edaz, relativa a la integraci\u00f3n de la Junta de Gobierno y Coordinaci\u00f3n Pol\u00edtica del Congreso del Estado, que desde hoy preside el legislador V\u00edctor Hugo Lozano Poveda.<\/p>\n\n\n\n<p>En ese marco, Vila Dosal dese\u00f3 el mayor de los \u00e9xitos a los legisladores yucatecos y reiter\u00f3 su convicci\u00f3n de que solo trabajando coordinados y en equipo Yucat\u00e1n saldr\u00e1 adelante.<\/p>\n\n\n\n<p>A la sesi\u00f3n tambi\u00e9n acudieron los titulares de la Secretar\u00eda General de Gobierno (SGG), Mar\u00eda Fritz Sierra y de la Fiscal\u00eda General del Estado (FGE), Juan Manuel Le\u00f3n, as\u00ed como el alcalde de M\u00e9rida, Ren\u00e1n Barrera Concha, el Consejero Jur\u00eddico del Gobierno del Estado, Mauricio Tappan Silveira y el Jefe de Despacho del Gobernador, Edgar Ram\u00edrez Pech.<\/p>\n<div class='share-to-whatsapp-wrapper'><div class='share-on-whsp'>Share on: <\/div><a data-text='Acude el Gobernador Mauricio Vila Dosal a la sesi\u00f3n de apertura del primer periodo ordinario de sesiones de la 63 Legislatura del Congreso del Estado' data-link='https:\/\/visionpeninsular.com\/mid\/acude-el-gobernador-mauricio-vila-dosal-a-la-sesion-de-apertura-del-primer-periodo-ordinario-de-sesiones-de-la-63-legislatura-del-congreso-del-estado\/' class='whatsapp-button whatsapp-share'>WhatsApp<\/a><div class='clear '><\/div><\/div>","protected":false},"excerpt":{"rendered":"<p>M\u00e9rida, Yucat\u00e1n, 1 de septiembre de 2021.- El Gobernador Mauricio Vila Dosal asisti\u00f3 esta ma\u00f1ana a la sesi\u00f3n de apertura del primer periodo ordinario de sesiones de la 63 Legislatura del Congreso del Estado, por lo que invit\u00f3 a los nuevos diputados a impulsar m\u00e1s cambios que generen empleos, fortalezcan la salud, la seguridad y &hellip;<\/p>\n","protected":false},"author":1,"featured_media":145614,"comment_status":"open","ping_status":"open","sticky":false,"template":"","format":"standard","meta":{"_mi_skip_tracking":false},"categories":[49,37],"tags":[185,28417,40],"_links":{"self":[{"href":"https:\/\/visionpeninsular.com\/mid\/wp-json\/wp\/v2\/posts\/145613"}],"collection":[{"href":"https:\/\/visionpeninsular.com\/mid\/wp-json\/wp\/v2\/posts"}],"about":[{"href":"https:\/\/visionpeninsular.com\/mid\/wp-json\/wp\/v2\/types\/post"}],"author":[{"embeddable":true,"href":"https:\/\/visionpeninsular.com\/mid\/wp-json\/wp\/v2\/users\/1"}],"replies":[{"embeddable":true,"href":"https:\/\/visionpeninsular.com\/mid\/wp-json\/wp\/v2\/comments?post=145613"}],"version-history":[{"count":1,"href":"https:\/\/visionpeninsular.com\/mid\/wp-json\/wp\/v2\/posts\/145613\/revisions"}],"predecessor-version":[{"id":145615,"href":"https:\/\/visionpeninsular.com\/mid\/wp-json\/wp\/v2\/posts\/145613\/revisions\/145615"}],"wp:featuredmedia":[{"embeddable":true,"href":"https:\/\/visionpeninsular.com\/mid\/wp-json\/wp\/v2\/media\/145614"}],"wp:attachment":[{"href":"https:\/\/visionpeninsular.com\/mid\/wp-json\/wp\/v2\/media?parent=145613"}],"wp:term":[{"taxonomy":"category","embeddable":true,"href":"https:\/\/visionpeninsular.com\/mid\/wp-json\/wp\/v2\/categories?post=145613"},{"taxonomy":"post_tag","embeddable":true,"href":"https:\/\/visionpeninsular.com\/mid\/wp-json\/wp\/v2\/tags?post=145613"}],"curies":[{"name":"wp","href":"https:\/\/api.w.org\/{rel}","templated":true}]}}