{"id":145411,"date":"2021-08-20T11:25:29","date_gmt":"2021-08-20T16:25:29","guid":{"rendered":"https:\/\/visionpeninsular.com\/mid\/?p=145411"},"modified":"2021-08-20T11:25:33","modified_gmt":"2021-08-20T16:25:33","slug":"presentan-denuncia-por-violencia-politica-contra-alejandro-moreno-lider-nacional-del-pri","status":"publish","type":"post","link":"https:\/\/visionpeninsular.com\/mid\/presentan-denuncia-por-violencia-politica-contra-alejandro-moreno-lider-nacional-del-pri\/","title":{"rendered":"Presentan denuncia por violencia pol\u00edtica contra Alejandro Moreno, l\u00edder Nacional del PRI"},"content":{"rendered":"\n<p>Son ya tres las demandas presentadas contra \u201cAlito\u201d Moreno, l\u00edder nacional del PRI, por parte de la exsecretaria de Vinculaci\u00f3n de dicho partido pol\u00edtico, Nallely Guti\u00e9rrez, tras presentar una denuncia por delito de violencia pol\u00edtica en raz\u00f3n de g\u00e9nero en la Fiscal\u00eda General de Justicia de la Ciudad de M\u00e9xico, record\u00f3 que las otras dos denuncias son por amenazas y otra por delito electoral relacionada tambi\u00e9n con violencia pol\u00edtica en raz\u00f3n de g\u00e9nero.<\/p>\n\n\n\n<p>De igual modo se\u00f1al\u00f3 que se present\u00f3 una denuncia ante la Unidad de Inteligencia Financiera de la Secretar\u00eda de Hacienda por posibles delitos financieros.<\/p>\n\n\n\n<p>\u201cHe sufrido desde hace dos a\u00f1os violencia pol\u00edtica en raz\u00f3n de genero por Alejandro Moreno, existen otras dos denuncias que vamos a ratificar\u201d<\/p>\n\n\n\n<p>Denunci\u00f3 que, a trav\u00e9s de las redes sociales y llamadas telef\u00f3nicas, ha sufrido agresiones personales.<\/p>\n<div class='share-to-whatsapp-wrapper'><div class='share-on-whsp'>Share on: <\/div><a data-text='Presentan denuncia por violencia pol\u00edtica contra Alejandro Moreno, l\u00edder Nacional del PRI' data-link='https:\/\/visionpeninsular.com\/mid\/presentan-denuncia-por-violencia-politica-contra-alejandro-moreno-lider-nacional-del-pri\/' class='whatsapp-button whatsapp-share'>WhatsApp<\/a><div class='clear '><\/div><\/div>","protected":false},"excerpt":{"rendered":"<p>Son ya tres las demandas presentadas contra \u201cAlito\u201d Moreno, l\u00edder nacional del PRI, por parte de la exsecretaria de Vinculaci\u00f3n de dicho partido pol\u00edtico, Nallely Guti\u00e9rrez, tras presentar una denuncia por delito de violencia pol\u00edtica en raz\u00f3n de g\u00e9nero en la Fiscal\u00eda General de Justicia de la Ciudad de M\u00e9xico, record\u00f3 que las otras dos &hellip;<\/p>\n","protected":false},"author":1,"featured_media":145412,"comment_status":"open","ping_status":"open","sticky":false,"template":"","format":"standard","meta":{"_mi_skip_tracking":false},"categories":[38,45],"tags":[],"_links":{"self":[{"href":"https:\/\/visionpeninsular.com\/mid\/wp-json\/wp\/v2\/posts\/145411"}],"collection":[{"href":"https:\/\/visionpeninsular.com\/mid\/wp-json\/wp\/v2\/posts"}],"about":[{"href":"https:\/\/visionpeninsular.com\/mid\/wp-json\/wp\/v2\/types\/post"}],"author":[{"embeddable":true,"href":"https:\/\/visionpeninsular.com\/mid\/wp-json\/wp\/v2\/users\/1"}],"replies":[{"embeddable":true,"href":"https:\/\/visionpeninsular.com\/mid\/wp-json\/wp\/v2\/comments?post=145411"}],"version-history":[{"count":1,"href":"https:\/\/visionpeninsular.com\/mid\/wp-json\/wp\/v2\/posts\/145411\/revisions"}],"predecessor-version":[{"id":145413,"href":"https:\/\/visionpeninsular.com\/mid\/wp-json\/wp\/v2\/posts\/145411\/revisions\/145413"}],"wp:featuredmedia":[{"embeddable":true,"href":"https:\/\/visionpeninsular.com\/mid\/wp-json\/wp\/v2\/media\/145412"}],"wp:attachment":[{"href":"https:\/\/visionpeninsular.com\/mid\/wp-json\/wp\/v2\/media?parent=145411"}],"wp:term":[{"taxonomy":"category","embeddable":true,"href":"https:\/\/visionpeninsular.com\/mid\/wp-json\/wp\/v2\/categories?post=145411"},{"taxonomy":"post_tag","embeddable":true,"href":"https:\/\/visionpeninsular.com\/mid\/wp-json\/wp\/v2\/tags?post=145411"}],"curies":[{"name":"wp","href":"https:\/\/api.w.org\/{rel}","templated":true}]}}