{"id":14505,"date":"2016-10-13T09:06:27","date_gmt":"2016-10-13T14:06:27","guid":{"rendered":"http:\/\/visionpeninsular.com\/mid\/?p=14505"},"modified":"2016-10-13T09:06:27","modified_gmt":"2016-10-13T14:06:27","slug":"congreso-va-tras-fidel-villanueva-le-restaran-poder","status":"publish","type":"post","link":"https:\/\/visionpeninsular.com\/mid\/congreso-va-tras-fidel-villanueva-le-restaran-poder\/","title":{"rendered":"Congreso va tras Fidel Villanueva &#8211; Le restar\u00e1n poder"},"content":{"rendered":"<p>La Reforma a la Constituci\u00f3n Local que acortar\u00e1 la permanencia en poder del Presidente del Tribunal Superior de Justicia (TSJ) fue aprobada por los integrantes de las Comisiones de Puntos Constitucionales y Justicia, con lo cual se espera que Fidel Villanueva Rivero este menos tiempo en este cargo, adem\u00e1s con esta iniciativa ser\u00eda el Poder Ejecutivo quien tendr\u00eda la facultad de proponer a la terna de aspirantes para ser magistrados en el TSJ y no el Poder Judicial quien realice esta propuesta. <\/p>\n<p>Y es que tras las propuestas del Ex gobernador Beto Borge, el Presidente del TSJ ten\u00eda la opci\u00f3n de ser reelegido y permanecer en este poder por hasta 12 a\u00f1os, siendo adem\u00e1s el ocupante de este puesto quien proponga y presida el proceso para designar la asignaci\u00f3n de Magistrados, por lo que se propone reformar el art\u00edculo 99 pidiendo que el Magistrado Presidente solo este en el cargo por 5 a\u00f1os sin opci\u00f3n de reelecci\u00f3n.<\/p>\n<p>De aprobarse la iniciativa en la sesi\u00f3n de este jueves, Villanueva Rivero, ocupar\u00eda el cargo por dos periodos de tres a\u00f1os, los cuales vencen en agosto de 2017, quedando con la posibilidad de ser un simple magistrado hasta 2021 pero sin la posibilidad de ser ratificado; pero sino el art\u00edculo VI transitorio del decreto 411 abre la posibilidad de que, al finalizar su periodo, el mismo Villanueva Rivero pueda participar en el proceso de renovaci\u00f3n de la presidencia del Tribunal, que ser\u00eda de cinco a\u00f1os, alargando su gesti\u00f3n hasta 2022.<\/p>\n<p>Como parte de la iniciativa que se votar\u00e1 este jueves, se propone incrementar de 9 a 12 los magistrados del pleno del TSJ. <\/p>\n<div class='share-to-whatsapp-wrapper'><div class='share-on-whsp'>Share on: <\/div><a data-text='Congreso va tras Fidel Villanueva - Le restar\u00e1n poder' data-link='https:\/\/visionpeninsular.com\/mid\/congreso-va-tras-fidel-villanueva-le-restaran-poder\/' class='whatsapp-button whatsapp-share'>WhatsApp<\/a><div class='clear '><\/div><\/div>","protected":false},"excerpt":{"rendered":"<p>La Reforma a la Constituci\u00f3n Local que acortar\u00e1 la permanencia en poder del Presidente del Tribunal Superior de Justicia (TSJ) fue aprobada por los integrantes de las Comisiones de Puntos Constitucionales y Justicia, con lo cual se espera que Fidel Villanueva Rivero este menos tiempo en este cargo, adem\u00e1s con esta iniciativa ser\u00eda el Poder &hellip;<\/p>\n","protected":false},"author":1,"featured_media":14506,"comment_status":"open","ping_status":"open","sticky":false,"template":"","format":"standard","meta":{"_mi_skip_tracking":false},"categories":[48],"tags":[187,2907,3203],"_links":{"self":[{"href":"https:\/\/visionpeninsular.com\/mid\/wp-json\/wp\/v2\/posts\/14505"}],"collection":[{"href":"https:\/\/visionpeninsular.com\/mid\/wp-json\/wp\/v2\/posts"}],"about":[{"href":"https:\/\/visionpeninsular.com\/mid\/wp-json\/wp\/v2\/types\/post"}],"author":[{"embeddable":true,"href":"https:\/\/visionpeninsular.com\/mid\/wp-json\/wp\/v2\/users\/1"}],"replies":[{"embeddable":true,"href":"https:\/\/visionpeninsular.com\/mid\/wp-json\/wp\/v2\/comments?post=14505"}],"version-history":[{"count":1,"href":"https:\/\/visionpeninsular.com\/mid\/wp-json\/wp\/v2\/posts\/14505\/revisions"}],"predecessor-version":[{"id":14507,"href":"https:\/\/visionpeninsular.com\/mid\/wp-json\/wp\/v2\/posts\/14505\/revisions\/14507"}],"wp:featuredmedia":[{"embeddable":true,"href":"https:\/\/visionpeninsular.com\/mid\/wp-json\/wp\/v2\/media\/14506"}],"wp:attachment":[{"href":"https:\/\/visionpeninsular.com\/mid\/wp-json\/wp\/v2\/media?parent=14505"}],"wp:term":[{"taxonomy":"category","embeddable":true,"href":"https:\/\/visionpeninsular.com\/mid\/wp-json\/wp\/v2\/categories?post=14505"},{"taxonomy":"post_tag","embeddable":true,"href":"https:\/\/visionpeninsular.com\/mid\/wp-json\/wp\/v2\/tags?post=14505"}],"curies":[{"name":"wp","href":"https:\/\/api.w.org\/{rel}","templated":true}]}}