{"id":144900,"date":"2021-08-03T14:05:40","date_gmt":"2021-08-03T19:05:40","guid":{"rendered":"https:\/\/visionpeninsular.com\/mid\/?p=144900"},"modified":"2021-08-03T14:05:44","modified_gmt":"2021-08-03T19:05:44","slug":"sedeculta-lleva-musica-teatro-y-literatura-a-celestun","status":"publish","type":"post","link":"https:\/\/visionpeninsular.com\/mid\/sedeculta-lleva-musica-teatro-y-literatura-a-celestun\/","title":{"rendered":"SEDECULTA lleva m\u00fasica, teatro y literatura a Celest\u00fan"},"content":{"rendered":"\n<p>CELEST\u00daN.- Con todas las medidas de seguridad e higiene, familias de la costa participaron en un encuentro con la literatura y sus memorias, teatro con t\u00edteres y un concierto de jazz, que forman parte del proyecto pro cultura que encabeza el Gobernador Mauricio Vila Dosal.<\/p>\n\n\n\n<p>Se trata de la tercera presentaci\u00f3n de cinco ciclos itinerantes de Ra\u00edz M\u00e9xico- Giras Art\u00edsticas, esquema resultado del esfuerzo coordinado entre las Secretar\u00edas de la Cultura y las Artes (Sedeculta) y de Cultura federal, con una cartelera orientada a fomentar valores de convivencia y despertar el inter\u00e9s en talentos nacientes.<\/p>\n\n\n\n<p>En la cancha deportiva del Centro de este puerto, Cristina Isabel S\u00e1nchez Ruiz y su peque\u00f1a hija, Ana Cristina P\u00e9rez S\u00e1nchez, disfrutaron Peque\u00f1as grandes acciones, &nbsp;obra con t\u00edteres dirigida por Eva Paulina Pat, en la que se aborda la importancia de separar y reciclar la basura.<\/p>\n\n\n\n<p>&nbsp;\u201cMe parecen muy buenos estos eventos, con esta informaci\u00f3n para los ni\u00f1os, sobre el tema del cuidado del medio ambiente; ojal\u00e1 y se sigan presentando este tipo de espect\u00e1culos con m\u00fasica, pues se agradece que lleguen hasta estos lugares\u201d, expres\u00f3 la madre.<\/p>\n\n\n\n<p>Ra\u00edz M\u00e9xico- Giras Art\u00edsticas representa un beneficio directo para proyectos de diversas disciplinas art\u00edsticas, como las de esta tarde: El \u00e1rbol de la vida, de Ivy May Dzib, que a trav\u00e9s de la escritura de un cuento breve, hizo que las y los asistentes recordaran vivencias de su infancia y familia.<\/p>\n\n\n\n<p>La compa\u00f1\u00eda Borba Teatro, que encabeza Nelson Cepeda Borba, represent\u00f3 Mi perro y yo, con las actuaciones de Gabriel Moreno Roche, Juan Carlos Dur\u00e1n y Maritza Figueroa, que contribuye al arte y la cultura, sensibilizando a la ni\u00f1ez acerca del respeto a los animales, la amistad y el cuidado del ambiente.<\/p>\n\n\n\n<p>\u201cFreejazz en la naturaleza y la ciudad\u201d, concierto de la talentosa Abril S\u00e1nchez, sorprendi\u00f3 con una mezcla de sonidos del mar, fauna y flora de la costa, que junto con la cadencia de la guitarra, marc\u00f3 el cierre de esta jornada.<\/p>\n\n\n\n<p>La cartelera completa de estas actividades, que continuar\u00e1n realiz\u00e1ndose durante las pr\u00f3ximas semanas, puede consultarse en las redes sociales oficiales de la dependencia: Facebook\/sedeculta, Twitter\/ @SedecultaYuc e Instagram\/sedeculta, as\u00ed como en su sitio web, cultura.yucatan.gob.mx.<\/p>\n<div class='share-to-whatsapp-wrapper'><div class='share-on-whsp'>Share on: <\/div><a data-text='SEDECULTA lleva m\u00fasica, teatro y literatura a Celest\u00fan' data-link='https:\/\/visionpeninsular.com\/mid\/sedeculta-lleva-musica-teatro-y-literatura-a-celestun\/' class='whatsapp-button whatsapp-share'>WhatsApp<\/a><div class='clear '><\/div><\/div>","protected":false},"excerpt":{"rendered":"<p>CELEST\u00daN.- Con todas las medidas de seguridad e higiene, familias de la costa participaron en un encuentro con la literatura y sus memorias, teatro con t\u00edteres y un concierto de jazz, que forman parte del proyecto pro cultura que encabeza el Gobernador Mauricio Vila Dosal. Se trata de la tercera presentaci\u00f3n de cinco ciclos itinerantes &hellip;<\/p>\n","protected":false},"author":5,"featured_media":144901,"comment_status":"open","ping_status":"open","sticky":false,"template":"","format":"standard","meta":{"_mi_skip_tracking":false},"categories":[49,37],"tags":[19946,3861,28186,1557],"_links":{"self":[{"href":"https:\/\/visionpeninsular.com\/mid\/wp-json\/wp\/v2\/posts\/144900"}],"collection":[{"href":"https:\/\/visionpeninsular.com\/mid\/wp-json\/wp\/v2\/posts"}],"about":[{"href":"https:\/\/visionpeninsular.com\/mid\/wp-json\/wp\/v2\/types\/post"}],"author":[{"embeddable":true,"href":"https:\/\/visionpeninsular.com\/mid\/wp-json\/wp\/v2\/users\/5"}],"replies":[{"embeddable":true,"href":"https:\/\/visionpeninsular.com\/mid\/wp-json\/wp\/v2\/comments?post=144900"}],"version-history":[{"count":1,"href":"https:\/\/visionpeninsular.com\/mid\/wp-json\/wp\/v2\/posts\/144900\/revisions"}],"predecessor-version":[{"id":144902,"href":"https:\/\/visionpeninsular.com\/mid\/wp-json\/wp\/v2\/posts\/144900\/revisions\/144902"}],"wp:featuredmedia":[{"embeddable":true,"href":"https:\/\/visionpeninsular.com\/mid\/wp-json\/wp\/v2\/media\/144901"}],"wp:attachment":[{"href":"https:\/\/visionpeninsular.com\/mid\/wp-json\/wp\/v2\/media?parent=144900"}],"wp:term":[{"taxonomy":"category","embeddable":true,"href":"https:\/\/visionpeninsular.com\/mid\/wp-json\/wp\/v2\/categories?post=144900"},{"taxonomy":"post_tag","embeddable":true,"href":"https:\/\/visionpeninsular.com\/mid\/wp-json\/wp\/v2\/tags?post=144900"}],"curies":[{"name":"wp","href":"https:\/\/api.w.org\/{rel}","templated":true}]}}