{"id":144636,"date":"2021-07-24T12:38:53","date_gmt":"2021-07-24T17:38:53","guid":{"rendered":"https:\/\/visionpeninsular.com\/mid\/?p=144636"},"modified":"2021-07-24T12:38:57","modified_gmt":"2021-07-24T17:38:57","slug":"inician-giras-artisticas-de-raiz-mexico-en-yucatan","status":"publish","type":"post","link":"https:\/\/visionpeninsular.com\/mid\/inician-giras-artisticas-de-raiz-mexico-en-yucatan\/","title":{"rendered":"Inician giras art\u00edsticas de Ra\u00edz M\u00e9xico en Yucat\u00e1n"},"content":{"rendered":"\n<p>Con mucho entusiasmo inici\u00f3 en el municipio de Tekax la primera de cinco funciones de las Giras Art\u00edsticas Ra\u00edz M\u00e9xico, que coordina la Secretar\u00eda de la Cultura de las Artes derivado de una convocatoria que benefici\u00f3 a veinte proyectos de creadoras y creadores que con su talento acercan las manifestaciones art\u00edsticas a la ciudadan\u00eda.<\/p>\n\n\n\n<p>La inauguraci\u00f3n de las jornadas, que tambi\u00e9n estar\u00e1n presentes en Kinchil, Celest\u00fan, Ticul y M\u00e9rida, estuvo a cargo de la titular de la dependencia Loreto Villanueva Trujillo acompa\u00f1ada por la alcaldesa interina de la Sultana de la Sierra, Flora Peraza Campos.<\/p>\n\n\n\n<p>El Centro de Convenciones del municipio fue la sede para que ni\u00f1as, ni\u00f1os, acompa\u00f1ados de sus madres y padres disfrutaran una serie espect\u00e1culos que promueven la sensibilizaci\u00f3n y apreciaci\u00f3n de la cultura. Se incluyeron narraciones orales de leyendas mayas, danza contempor\u00e1nea y m\u00fasica, con la participaci\u00f3n de 10 artistas que presentaron sus trabajos para acercar el arte y la cultura a las localidades del estado.<\/p>\n\n\n\n<p>El p\u00fablico asistente escuch\u00f3 atento las historias \u201c\u00c1rboles del Mayab: La ceiba\u201d en la voz de Sandra Rubio, quien les cont\u00f3 el origen del Yaxch\u00e9, su relaci\u00f3n con la naturaleza y su significado, usando la t\u00e9cnica de teatro de papel kamishibal.<\/p>\n\n\n\n<p>Posteriormente, lleg\u00f3 al escenario el Colectivo Ruta Yucat\u00e1n, quienes a trav\u00e9s del montaje \u201cTodos somos uno\u201d donde fusionan danza contempor\u00e1nea y la narraci\u00f3n para dar a conocer la relaci\u00f3n de nuestros antepasados y las nuevas generaciones con la naturaleza.<\/p>\n\n\n\n<p>La tercera participaci\u00f3n estuvo a cargo B\u00fanker M\u00e9rida, agrupaci\u00f3n de cuatro bailarinas que ejecutaron la coreograf\u00eda \u201cColectiva\u201d, un recorrido esc\u00e9nico, con movimientos \u00e1giles e interacciones sonoras, que invitaron a las y los asistentes a reflexionar sobre qui\u00e9nes somos, la colectividad, la sororidad y el lugar que ocupamos en nuestro entorno.<\/p>\n\n\n\n<p>Finalmente, Omar Celis Camargo cerr\u00f3 la tarde con el concierto interactivo \u201cEl percusionista no tiene quien le escriba\u201d acompa\u00f1ado de un peculiar instrumento, llamado vibr\u00e1fono, con el que deleit\u00f3 al p\u00fablico al mostrar su sonido, antes de pedirle a algunos de los presentes que lo asistieran para poder desarrollar una historia sobre una rana, que incluy\u00f3 el uso de tambores, huiro y casta\u00f1uelas.<\/p>\n\n\n\n<p>Giras Art\u00edsticas Ra\u00edz M\u00e9xico, continuar\u00e1 el pr\u00f3ximo s\u00e1bado 24, a las 16:00 horas, en Kinchil para continuar en Celest\u00fan el 31, Ticul el 7 de agosto y finalizar en M\u00e9rida el 14 del mismo mes. Con estas actividades se contribuye a fortalecer la salud emocional y mental de las personas que acuden.<\/p>\n\n\n\n<p>Para mayor informaci\u00f3n y conocer las actividades se pueden consultar las redes sociales facebook.com\/sedeculta, twitter.com\/sedecultayuc e instagram.com\/sedeculta, y el sitio oficial cultura.yucatan.gob.mx.<\/p>\n<div class='share-to-whatsapp-wrapper'><div class='share-on-whsp'>Share on: <\/div><a data-text='Inician giras art\u00edsticas de Ra\u00edz M\u00e9xico en Yucat\u00e1n' data-link='https:\/\/visionpeninsular.com\/mid\/inician-giras-artisticas-de-raiz-mexico-en-yucatan\/' class='whatsapp-button whatsapp-share'>WhatsApp<\/a><div class='clear '><\/div><\/div>","protected":false},"excerpt":{"rendered":"<p>Con mucho entusiasmo inici\u00f3 en el municipio de Tekax la primera de cinco funciones de las Giras Art\u00edsticas Ra\u00edz M\u00e9xico, que coordina la Secretar\u00eda de la Cultura de las Artes derivado de una convocatoria que benefici\u00f3 a veinte proyectos de creadoras y creadores que con su talento acercan las manifestaciones art\u00edsticas a la ciudadan\u00eda. La &hellip;<\/p>\n","protected":false},"author":5,"featured_media":144637,"comment_status":"open","ping_status":"open","sticky":false,"template":"","format":"standard","meta":{"_mi_skip_tracking":false},"categories":[49,37],"tags":[28069,185,1557],"_links":{"self":[{"href":"https:\/\/visionpeninsular.com\/mid\/wp-json\/wp\/v2\/posts\/144636"}],"collection":[{"href":"https:\/\/visionpeninsular.com\/mid\/wp-json\/wp\/v2\/posts"}],"about":[{"href":"https:\/\/visionpeninsular.com\/mid\/wp-json\/wp\/v2\/types\/post"}],"author":[{"embeddable":true,"href":"https:\/\/visionpeninsular.com\/mid\/wp-json\/wp\/v2\/users\/5"}],"replies":[{"embeddable":true,"href":"https:\/\/visionpeninsular.com\/mid\/wp-json\/wp\/v2\/comments?post=144636"}],"version-history":[{"count":1,"href":"https:\/\/visionpeninsular.com\/mid\/wp-json\/wp\/v2\/posts\/144636\/revisions"}],"predecessor-version":[{"id":144638,"href":"https:\/\/visionpeninsular.com\/mid\/wp-json\/wp\/v2\/posts\/144636\/revisions\/144638"}],"wp:featuredmedia":[{"embeddable":true,"href":"https:\/\/visionpeninsular.com\/mid\/wp-json\/wp\/v2\/media\/144637"}],"wp:attachment":[{"href":"https:\/\/visionpeninsular.com\/mid\/wp-json\/wp\/v2\/media?parent=144636"}],"wp:term":[{"taxonomy":"category","embeddable":true,"href":"https:\/\/visionpeninsular.com\/mid\/wp-json\/wp\/v2\/categories?post=144636"},{"taxonomy":"post_tag","embeddable":true,"href":"https:\/\/visionpeninsular.com\/mid\/wp-json\/wp\/v2\/tags?post=144636"}],"curies":[{"name":"wp","href":"https:\/\/api.w.org\/{rel}","templated":true}]}}