{"id":144555,"date":"2021-07-22T14:11:28","date_gmt":"2021-07-22T19:11:28","guid":{"rendered":"https:\/\/visionpeninsular.com\/mid\/?p=144555"},"modified":"2021-07-22T14:11:31","modified_gmt":"2021-07-22T19:11:31","slug":"ni-paralisis-economica-y-retorno-a-clases-voluntario-en-yucatan-mauricio-vila","status":"publish","type":"post","link":"https:\/\/visionpeninsular.com\/mid\/ni-paralisis-economica-y-retorno-a-clases-voluntario-en-yucatan-mauricio-vila\/","title":{"rendered":"Ni par\u00e1lisis econ\u00f3mica y retorno a clases voluntario en Yucat\u00e1n: Mauricio Vila"},"content":{"rendered":"\n<p>M\u00e9rida, Yucat\u00e1n, 21 de julio de 2021 (ACOM). \u2013 El gobernador Mauricio Vila Dosal, afirm\u00f3 que las actividades econ\u00f3micas \u201cno parar\u00e1n\u201d y el regreso a clases va, pero es un esquema h\u00edbrido: presencial y a distancia.<\/p>\n\n\n\n<p>&nbsp;\u201cLas condiciones de la pandemia son totalmente diferentes a las de hace un a\u00f1o; hoy, las actividades econ\u00f3micas ya no pueden parar, porque la gente necesita tener un sustento para poder mantener a sus familias\u201d explic\u00f3.<\/p>\n\n\n\n<p>Dijo que el sem\u00e1foro estatal ser\u00e1 el que rija a la poblaci\u00f3n yucateca y el federal ser\u00e1 una referencia en los par\u00e1metros.<\/p>\n\n\n\n<p>Luego de recorrer un m\u00f3dulo de vacunaci\u00f3n contra Covid-19 en Temoz\u00f3n, el mandatario estatal extern\u00f3 que el tiempo que los ni\u00f1os y j\u00f3venes llevan fuera de las aulas ha sido extenso, lo que pone en riesgo el avance en su proceso de aprendizaje.<\/p>\n\n\n\n<p>\u201cDesde mi punto de vista, creo que es importante que los ni\u00f1os regresen a clases, si comparto la opini\u00f3n del presidente, Andr\u00e9s Manuel L\u00f3pez Obrador, de que ha sido mucho tiempo sin clases, pues ya va m\u00e1s de a\u00f1o y medio y es evidente que cada mes que un ni\u00f1o no va a clases son cosas que no va a poder recuperar, entonces, es importante\u201d, se\u00f1al\u00f3.<\/p>\n\n\n\n<p>\u201cEs importante que hagamos un esfuerzo para que haya un regreso a clases seguro. Tambi\u00e9n hay que recalcar que el regreso a clases es opcional\u201d, agreg\u00f3.<\/p>\n\n\n\n<p>Vila Dosal record\u00f3 que uno de los requisitos que se establecer\u00e1n para los estudiantes vuelvan a las aulas, es que sus padres firmen cartas responsivas, las cuales ser\u00e1n el compromiso que estos tomar\u00e1n con este proceso.<\/p>\n\n\n\n<p>\u201cLos padres de familia se van a comprometer a que sus hijos, cuando acudan a clases, no tenga ning\u00fan s\u00edntoma de coronavirus. Eso es lo que implica la carta responsiva y es uno de los lineamientos del gobierno federal\u201d, explic\u00f3.<\/p>\n\n\n\n<p>\u201cNadie puede garantizar que no haya coronavirus pero se establecen protocolos, de modo que haya condiciones seguras. Estos consisten en horarios recortados de hasta 3 horas sin recreo, sin art\u00edsticas, sin deporte y con cubrebocas obligatorio. Habla de d\u00edas escalonados y un programa h\u00edbrido\u201d, mencion\u00f3.<\/p>\n\n\n\n<p>Recalc\u00f3 que el primer filtro de seguridad estar\u00e1 en casa del estudiante, el segundo a la entrada de la escuela y el \u00faltimo, a la puerta del sal\u00f3n, al tiempo que, manifest\u00f3, que estos protocolos mismos son aplicados en pa\u00edses en los que llevan ya un a\u00f1o con clases presenciales y con contagios esperados.<\/p>\n\n\n\n<p>\u201cLo importante es que estemos informados y que los protocolos que daremos a conocer est\u00e1n alineados con recomendaciones de la Unicef, la OMS y los principales lugares del mundo\u201d, finaliz\u00f3.-<\/p>\n<div class='share-to-whatsapp-wrapper'><div class='share-on-whsp'>Share on: <\/div><a data-text='Ni par\u00e1lisis econ\u00f3mica y retorno a clases voluntario en Yucat\u00e1n: Mauricio Vila' data-link='https:\/\/visionpeninsular.com\/mid\/ni-paralisis-economica-y-retorno-a-clases-voluntario-en-yucatan-mauricio-vila\/' class='whatsapp-button whatsapp-share'>WhatsApp<\/a><div class='clear '><\/div><\/div>","protected":false},"excerpt":{"rendered":"<p>M\u00e9rida, Yucat\u00e1n, 21 de julio de 2021 (ACOM). \u2013 El gobernador Mauricio Vila Dosal, afirm\u00f3 que las actividades econ\u00f3micas \u201cno parar\u00e1n\u201d y el regreso a clases va, pero es un esquema h\u00edbrido: presencial y a distancia. &nbsp;\u201cLas condiciones de la pandemia son totalmente diferentes a las de hace un a\u00f1o; hoy, las actividades econ\u00f3micas ya &hellip;<\/p>\n","protected":false},"author":5,"featured_media":144556,"comment_status":"open","ping_status":"open","sticky":false,"template":"","format":"standard","meta":{"_mi_skip_tracking":false},"categories":[49,37],"tags":[185,3861,805,28034,28035,28036],"_links":{"self":[{"href":"https:\/\/visionpeninsular.com\/mid\/wp-json\/wp\/v2\/posts\/144555"}],"collection":[{"href":"https:\/\/visionpeninsular.com\/mid\/wp-json\/wp\/v2\/posts"}],"about":[{"href":"https:\/\/visionpeninsular.com\/mid\/wp-json\/wp\/v2\/types\/post"}],"author":[{"embeddable":true,"href":"https:\/\/visionpeninsular.com\/mid\/wp-json\/wp\/v2\/users\/5"}],"replies":[{"embeddable":true,"href":"https:\/\/visionpeninsular.com\/mid\/wp-json\/wp\/v2\/comments?post=144555"}],"version-history":[{"count":1,"href":"https:\/\/visionpeninsular.com\/mid\/wp-json\/wp\/v2\/posts\/144555\/revisions"}],"predecessor-version":[{"id":144557,"href":"https:\/\/visionpeninsular.com\/mid\/wp-json\/wp\/v2\/posts\/144555\/revisions\/144557"}],"wp:featuredmedia":[{"embeddable":true,"href":"https:\/\/visionpeninsular.com\/mid\/wp-json\/wp\/v2\/media\/144556"}],"wp:attachment":[{"href":"https:\/\/visionpeninsular.com\/mid\/wp-json\/wp\/v2\/media?parent=144555"}],"wp:term":[{"taxonomy":"category","embeddable":true,"href":"https:\/\/visionpeninsular.com\/mid\/wp-json\/wp\/v2\/categories?post=144555"},{"taxonomy":"post_tag","embeddable":true,"href":"https:\/\/visionpeninsular.com\/mid\/wp-json\/wp\/v2\/tags?post=144555"}],"curies":[{"name":"wp","href":"https:\/\/api.w.org\/{rel}","templated":true}]}}