{"id":144408,"date":"2021-07-16T12:03:56","date_gmt":"2021-07-16T17:03:56","guid":{"rendered":"https:\/\/visionpeninsular.com\/mid\/?p=144408"},"modified":"2021-07-16T12:03:59","modified_gmt":"2021-07-16T17:03:59","slug":"fin-de-semana-con-actividades-culturales-y-artisticas-musica-y-teatro-regional","status":"publish","type":"post","link":"https:\/\/visionpeninsular.com\/mid\/fin-de-semana-con-actividades-culturales-y-artisticas-musica-y-teatro-regional\/","title":{"rendered":"Fin de semana con actividades culturales y art\u00edsticas. M\u00fasica y teatro regional"},"content":{"rendered":"\n<p>Las exposiciones \u201cUn paisaje olor a muerte\u201d de Ren\u00e9 Cauich, \u201cNido. Mundos miniatura\u201d de Viridiana Santamar\u00eda, \u201cEco l Sistemas\u201d de Valentina Lara y \u201c50% de probabilidades\u201d, un futuro que no ves\u201d de William Coll\u00ed se pueden disfrutar en el Centro de Artes Visuales de martes a viernes de 9:00 a 20:00 horas, as\u00ed como s\u00e1bado y domingo de 11:00 a 18:00. La entrada es gratuita y con cupo limitado.<\/p>\n\n\n\n<p>Conoce esas propuestas de los creadores, egresados de la Escuela Superior de Artes de Yucat\u00e1n (ESAY), que abordan nuevas lecturas museogr\u00e1ficas que busca generar experiencias variadas a los visitantes invit\u00e1ndolos a reflexionar en el paisaje cotidiano, la esencia inmaterial, la capacidad de percibir informaci\u00f3n y sobre nuestros dep\u00f3sitos o contenedores internos.&nbsp;<\/p>\n\n\n\n<p>Este fin de semana Cuxum y su compa\u00f1\u00eda de teatro regional presentar\u00e1n dos montajes esc\u00e9nicos por Facebook Live, el primero ser\u00e1 \u201cMe cas\u00e9 con un malix\u201d el viernes 16 de julio, a las 20:30 horas con la participaci\u00f3n Jennifer Barrera \u201cPitusa\u201d y Kenny Calder\u00f3n \u201cChayak\u201d quienes presentar\u00e1n las distintas situaciones por las que pasa una pareja despu\u00e9s del matrimonio.<\/p>\n\n\n\n<figure class=\"wp-block-image size-large\"><a href=\"https:\/\/visionpeninsular.com\/mid\/wp-content\/uploads\/2021\/07\/tangos.jpg\"><img loading=\"lazy\" width=\"500\" height=\"225\" src=\"https:\/\/visionpeninsular.com\/mid\/wp-content\/uploads\/2021\/07\/tangos.jpg\" alt=\"\" class=\"wp-image-144410\" srcset=\"https:\/\/visionpeninsular.com\/mid\/wp-content\/uploads\/2021\/07\/tangos.jpg 500w, https:\/\/visionpeninsular.com\/mid\/wp-content\/uploads\/2021\/07\/tangos-300x135.jpg 300w\" sizes=\"(max-width: 500px) 100vw, 500px\" \/><\/a><\/figure>\n\n\n\n<p>La segunda obra, \u201cPaso deprimido resort\u201d, se llevar\u00e1 a cabo el s\u00e1bado 17, tambi\u00e9n a las 20:30, por la misma red social, cuyo elenco divertir\u00e1 al p\u00fablico con sus ocurrencias al pasar sus d\u00edas de vacaciones en la ciudad. Para ambas funciones es necesario adquirir los accesos en tusboletos.mx o en los celulares 9993 14 87 87 y 9991 99 30 74.<\/p>\n\n\n\n<p>Ese mismo d\u00eda, el Teatro \u201cArmando Manzanero\u201d ser\u00e1 sede de la nueva producci\u00f3n de Tila Mar\u00eda Sesto denominada \u201cLa Mari Quinn\u201d, una parodia de antih\u00e9roes que el p\u00fablico no se puede perder. Habr\u00e1 dos funciones a las 18:00 y 20:00 horas para disfrutar de manera presencial o virtual. Los accesos se pueden comprar en tusboletos.mx.<\/p>\n\n\n\n<p>La m\u00fasica no se pod\u00eda quedar fuera de las actividades para disfrutar y el Cuarteto Bravo presentar\u00e1 el concierto \u201cNoche de Tango\u201d en la Casa Gemela de Itzimn\u00e1 ubicada frente al parque de la Colonia M\u00e9xico tambi\u00e9n el s\u00e1bado a las 19:00 horas, donde se podr\u00e1n escuchar temas como El choclo, Gar\u00faa, Milonga del \u00c1ngel, La cumparsita, Vuelvo al Sur, Mal de amores y Oblivion, entre otros.<\/p>\n\n\n\n<p>La agrupaci\u00f3n la integran Tim Myall y F\u00e1tima Ojeda en los violines, Charlie McGirr, en el contrabajo y Alejandro Pinz\u00f3n en el bandone\u00f3n. Los boletos est\u00e1n a la venta y se pueden adquirir en los tel\u00e9fonos 9992 91 65 17 y 9991 54 12 47.<\/p>\n<div class='share-to-whatsapp-wrapper'><div class='share-on-whsp'>Share on: <\/div><a data-text='Fin de semana con actividades culturales y art\u00edsticas. M\u00fasica y teatro regional' data-link='https:\/\/visionpeninsular.com\/mid\/fin-de-semana-con-actividades-culturales-y-artisticas-musica-y-teatro-regional\/' class='whatsapp-button whatsapp-share'>WhatsApp<\/a><div class='clear '><\/div><\/div>","protected":false},"excerpt":{"rendered":"<p>Las exposiciones \u201cUn paisaje olor a muerte\u201d de Ren\u00e9 Cauich, \u201cNido. Mundos miniatura\u201d de Viridiana Santamar\u00eda, \u201cEco l Sistemas\u201d de Valentina Lara y \u201c50% de probabilidades\u201d, un futuro que no ves\u201d de William Coll\u00ed se pueden disfrutar en el Centro de Artes Visuales de martes a viernes de 9:00 a 20:00 horas, as\u00ed como s\u00e1bado &hellip;<\/p>\n","protected":false},"author":5,"featured_media":144409,"comment_status":"open","ping_status":"open","sticky":false,"template":"","format":"standard","meta":{"_mi_skip_tracking":false},"categories":[50,37],"tags":[27986,27987,2705],"_links":{"self":[{"href":"https:\/\/visionpeninsular.com\/mid\/wp-json\/wp\/v2\/posts\/144408"}],"collection":[{"href":"https:\/\/visionpeninsular.com\/mid\/wp-json\/wp\/v2\/posts"}],"about":[{"href":"https:\/\/visionpeninsular.com\/mid\/wp-json\/wp\/v2\/types\/post"}],"author":[{"embeddable":true,"href":"https:\/\/visionpeninsular.com\/mid\/wp-json\/wp\/v2\/users\/5"}],"replies":[{"embeddable":true,"href":"https:\/\/visionpeninsular.com\/mid\/wp-json\/wp\/v2\/comments?post=144408"}],"version-history":[{"count":1,"href":"https:\/\/visionpeninsular.com\/mid\/wp-json\/wp\/v2\/posts\/144408\/revisions"}],"predecessor-version":[{"id":144411,"href":"https:\/\/visionpeninsular.com\/mid\/wp-json\/wp\/v2\/posts\/144408\/revisions\/144411"}],"wp:featuredmedia":[{"embeddable":true,"href":"https:\/\/visionpeninsular.com\/mid\/wp-json\/wp\/v2\/media\/144409"}],"wp:attachment":[{"href":"https:\/\/visionpeninsular.com\/mid\/wp-json\/wp\/v2\/media?parent=144408"}],"wp:term":[{"taxonomy":"category","embeddable":true,"href":"https:\/\/visionpeninsular.com\/mid\/wp-json\/wp\/v2\/categories?post=144408"},{"taxonomy":"post_tag","embeddable":true,"href":"https:\/\/visionpeninsular.com\/mid\/wp-json\/wp\/v2\/tags?post=144408"}],"curies":[{"name":"wp","href":"https:\/\/api.w.org\/{rel}","templated":true}]}}