{"id":144028,"date":"2021-07-03T12:03:48","date_gmt":"2021-07-03T17:03:48","guid":{"rendered":"https:\/\/visionpeninsular.com\/mid\/?p=144028"},"modified":"2021-07-03T12:03:52","modified_gmt":"2021-07-03T17:03:52","slug":"vinculado-a-proceso-por-abusar-de-una-nina","status":"publish","type":"post","link":"https:\/\/visionpeninsular.com\/mid\/vinculado-a-proceso-por-abusar-de-una-nina\/","title":{"rendered":"Vinculado a proceso por abusar  de una ni\u00f1a"},"content":{"rendered":"\n<p>Acusado del delito de violaci\u00f3n equiparada agravada, J.E.F.T. fue vinculado a proceso despu\u00e9s de ser valorar los datos de prueba aportados por la Fiscal\u00eda General del Estado (FGE), tras la denuncia presentada por los hechos ocurridos el pasado 25 de junio de 2021 en la colonia El Roble de esta ciudad de M\u00e9rida.<\/p>\n\n\n\n<p>En la audiencia celebrada en el Centro de Justicia Oral de M\u00e9rida, los fiscales de litigaci\u00f3n expusieron los datos de prueba obtenidos por los especialistas de la Fiscal\u00eda durante la indagatoria y la Juez Primera de Control decret\u00f3 el citado auto de vinculaci\u00f3n a proceso por el delito imputado y otorg\u00f3 un plazo de tres meses para el cierre de la investigaci\u00f3n complementaria.<\/p>\n\n\n\n<p>Cabe recordar que durante la audiencia inicial, los fiscales de litigaci\u00f3n establecieron que los hechos ocurrieron en el interior de un predio ubicado en la colonia mencionada, donde el encausado ejecut\u00f3 actos lascivos, sin llegar a la c\u00f3pula, en agravio de la v\u00edctima de nueve a\u00f1os, por lo que fue detenido y se inici\u00f3 la integraci\u00f3n de la carpeta de investigaci\u00f3n correspondiente, misma que deriv\u00f3 en la causa penal 159\/2021.<\/p>\n\n\n\n<p>Finalmente, se ratific\u00f3 la medida cautelar de prisi\u00f3n preventiva, impuesta durante la audiencia inicial y la cual se estableci\u00f3 por todo el tiempo que dure el proceso, por lo que el imputado permanecer\u00e1 privado de su libertad hasta esclarecer los hechos denunciados.<\/p>\n\n\n\n<p><\/p>\n\n\n\n<p><\/p>\n\n\n\n<p><\/p>\n<div class='share-to-whatsapp-wrapper'><div class='share-on-whsp'>Share on: <\/div><a data-text='Vinculado a proceso por abusar  de una ni\u00f1a' data-link='https:\/\/visionpeninsular.com\/mid\/vinculado-a-proceso-por-abusar-de-una-nina\/' class='whatsapp-button whatsapp-share'>WhatsApp<\/a><div class='clear '><\/div><\/div>","protected":false},"excerpt":{"rendered":"<p>Acusado del delito de violaci\u00f3n equiparada agravada, J.E.F.T. fue vinculado a proceso despu\u00e9s de ser valorar los datos de prueba aportados por la Fiscal\u00eda General del Estado (FGE), tras la denuncia presentada por los hechos ocurridos el pasado 25 de junio de 2021 en la colonia El Roble de esta ciudad de M\u00e9rida. En la &hellip;<\/p>\n","protected":false},"author":5,"featured_media":143945,"comment_status":"open","ping_status":"open","sticky":false,"template":"","format":"standard","meta":{"_mi_skip_tracking":false},"categories":[50,37],"tags":[27818,27817,5952],"_links":{"self":[{"href":"https:\/\/visionpeninsular.com\/mid\/wp-json\/wp\/v2\/posts\/144028"}],"collection":[{"href":"https:\/\/visionpeninsular.com\/mid\/wp-json\/wp\/v2\/posts"}],"about":[{"href":"https:\/\/visionpeninsular.com\/mid\/wp-json\/wp\/v2\/types\/post"}],"author":[{"embeddable":true,"href":"https:\/\/visionpeninsular.com\/mid\/wp-json\/wp\/v2\/users\/5"}],"replies":[{"embeddable":true,"href":"https:\/\/visionpeninsular.com\/mid\/wp-json\/wp\/v2\/comments?post=144028"}],"version-history":[{"count":1,"href":"https:\/\/visionpeninsular.com\/mid\/wp-json\/wp\/v2\/posts\/144028\/revisions"}],"predecessor-version":[{"id":144029,"href":"https:\/\/visionpeninsular.com\/mid\/wp-json\/wp\/v2\/posts\/144028\/revisions\/144029"}],"wp:featuredmedia":[{"embeddable":true,"href":"https:\/\/visionpeninsular.com\/mid\/wp-json\/wp\/v2\/media\/143945"}],"wp:attachment":[{"href":"https:\/\/visionpeninsular.com\/mid\/wp-json\/wp\/v2\/media?parent=144028"}],"wp:term":[{"taxonomy":"category","embeddable":true,"href":"https:\/\/visionpeninsular.com\/mid\/wp-json\/wp\/v2\/categories?post=144028"},{"taxonomy":"post_tag","embeddable":true,"href":"https:\/\/visionpeninsular.com\/mid\/wp-json\/wp\/v2\/tags?post=144028"}],"curies":[{"name":"wp","href":"https:\/\/api.w.org\/{rel}","templated":true}]}}