{"id":143649,"date":"2021-06-22T13:08:34","date_gmt":"2021-06-22T18:08:34","guid":{"rendered":"https:\/\/visionpeninsular.com\/mid\/?p=143649"},"modified":"2021-06-22T13:08:37","modified_gmt":"2021-06-22T18:08:37","slug":"el-alcalde-alejandro-ruz-destaca-la-labor-humanitaria-de-la-cruz-roja-mexicana","status":"publish","type":"post","link":"https:\/\/visionpeninsular.com\/mid\/el-alcalde-alejandro-ruz-destaca-la-labor-humanitaria-de-la-cruz-roja-mexicana\/","title":{"rendered":"El alcalde Alejandro Ruz destaca la labor humanitaria de la Cruz Roja Mexicana"},"content":{"rendered":"\n<p>M\u00e9rida, 21 de junio de 2021. M\u00e9rida es una ciudad que se distingue por su vocaci\u00f3n altamente humana en la que, como autoridades responsables y de la mano de una sociedad comprometida con su entorno, fomentamos el bien com\u00fan para ayudar a quienes m\u00e1s lo necesitan, manifest\u00f3 el alcalde Alejandro Ruz Castro al encabezar la presentaci\u00f3n de las nuevas ambulancias de la Cruz Roja Mexicana Delegaci\u00f3n Yucat\u00e1n.<\/p>\n\n\n\n<p>Acompa\u00f1ado por su esposa Ver\u00f3nica Cetina Arjona, presidenta del DIF Municipal de M\u00e9rida, el Concejal asever\u00f3 que \u201creferirnos a la labor humanitaria de la Cruz Roja es reconocer a cabalidad el voluntariado de miles de personas en M\u00e9xico y en el mundo, que ofrecen su tiempo y arriesgan sus vidas en aras de salvar la del pr\u00f3jimo\u201d.<\/p>\n\n\n\n<figure class=\"wp-block-image size-large\"><a href=\"https:\/\/visionpeninsular.com\/mid\/wp-content\/uploads\/2021\/06\/Cruz-Roja-2021-06-21-at-5.41.31-PM-2.jpeg\"><img loading=\"lazy\" width=\"1024\" height=\"682\" src=\"https:\/\/visionpeninsular.com\/mid\/wp-content\/uploads\/2021\/06\/Cruz-Roja-2021-06-21-at-5.41.31-PM-2-1024x682.jpeg\" alt=\"\" class=\"wp-image-143651\" srcset=\"https:\/\/visionpeninsular.com\/mid\/wp-content\/uploads\/2021\/06\/Cruz-Roja-2021-06-21-at-5.41.31-PM-2-1024x682.jpeg 1024w, https:\/\/visionpeninsular.com\/mid\/wp-content\/uploads\/2021\/06\/Cruz-Roja-2021-06-21-at-5.41.31-PM-2-300x200.jpeg 300w, https:\/\/visionpeninsular.com\/mid\/wp-content\/uploads\/2021\/06\/Cruz-Roja-2021-06-21-at-5.41.31-PM-2-768x512.jpeg 768w, https:\/\/visionpeninsular.com\/mid\/wp-content\/uploads\/2021\/06\/Cruz-Roja-2021-06-21-at-5.41.31-PM-2-310x205.jpeg 310w, https:\/\/visionpeninsular.com\/mid\/wp-content\/uploads\/2021\/06\/Cruz-Roja-2021-06-21-at-5.41.31-PM-2.jpeg 1280w\" sizes=\"(max-width: 1024px) 100vw, 1024px\" \/><\/a><\/figure>\n\n\n\n<p>Ante Michelle Byrne de Rodr\u00edguez, consejera nacional y delgada estatal de Cruz Roja Mexicana en Yucat\u00e1n, el Presidente Municipal dijo que m\u00e1s all\u00e1 del aspecto econ\u00f3mico que representan estos equipos, lo que se privilegia es la labor humana e incluyente que la benem\u00e9rita instituci\u00f3n desempe\u00f1a en el municipio y el Estado a trav\u00e9s de su personal m\u00e9dico.<\/p>\n\n\n\n<figure class=\"wp-block-image size-large\"><a href=\"https:\/\/visionpeninsular.com\/mid\/wp-content\/uploads\/2021\/06\/Cruz-Roja-2021-06-21-at-5.41.31-PM-3.jpeg\"><img loading=\"lazy\" width=\"1024\" height=\"682\" src=\"https:\/\/visionpeninsular.com\/mid\/wp-content\/uploads\/2021\/06\/Cruz-Roja-2021-06-21-at-5.41.31-PM-3-1024x682.jpeg\" alt=\"\" class=\"wp-image-143652\" srcset=\"https:\/\/visionpeninsular.com\/mid\/wp-content\/uploads\/2021\/06\/Cruz-Roja-2021-06-21-at-5.41.31-PM-3-1024x682.jpeg 1024w, https:\/\/visionpeninsular.com\/mid\/wp-content\/uploads\/2021\/06\/Cruz-Roja-2021-06-21-at-5.41.31-PM-3-300x200.jpeg 300w, https:\/\/visionpeninsular.com\/mid\/wp-content\/uploads\/2021\/06\/Cruz-Roja-2021-06-21-at-5.41.31-PM-3-768x512.jpeg 768w, https:\/\/visionpeninsular.com\/mid\/wp-content\/uploads\/2021\/06\/Cruz-Roja-2021-06-21-at-5.41.31-PM-3-310x205.jpeg 310w, https:\/\/visionpeninsular.com\/mid\/wp-content\/uploads\/2021\/06\/Cruz-Roja-2021-06-21-at-5.41.31-PM-3.jpeg 1280w\" sizes=\"(max-width: 1024px) 100vw, 1024px\" \/><\/a><\/figure>\n\n\n\n<p>En ese sentido, reiter\u00f3 el apoyo solidario del Ayuntamiento de M\u00e9rida a la Cruz Roja Mexicana y afirm\u00f3 que la instituci\u00f3n siempre tendr\u00e1 en la Comuna a un aliado dispuesto a ayudarla en el desempe\u00f1o de su tarea de salvar vidas humanas.<\/p>\n\n\n\n<p>\u201cA nombre de la ciudad, quiero externar mi agradecimiento a las empresas e instituciones que han hecho posible la adquisici\u00f3n de estas unidades, listas para brindar apoyo en el momento que se requiera\u201d, apunt\u00f3.<\/p>\n\n\n\n<figure class=\"wp-block-image size-large\"><a href=\"https:\/\/visionpeninsular.com\/mid\/wp-content\/uploads\/2021\/06\/Cruz-Roja-2021-06-21-at-5.41.31-PM-4.jpeg\"><img loading=\"lazy\" width=\"1024\" height=\"682\" src=\"https:\/\/visionpeninsular.com\/mid\/wp-content\/uploads\/2021\/06\/Cruz-Roja-2021-06-21-at-5.41.31-PM-4-1024x682.jpeg\" alt=\"\" class=\"wp-image-143653\" srcset=\"https:\/\/visionpeninsular.com\/mid\/wp-content\/uploads\/2021\/06\/Cruz-Roja-2021-06-21-at-5.41.31-PM-4-1024x682.jpeg 1024w, https:\/\/visionpeninsular.com\/mid\/wp-content\/uploads\/2021\/06\/Cruz-Roja-2021-06-21-at-5.41.31-PM-4-300x200.jpeg 300w, https:\/\/visionpeninsular.com\/mid\/wp-content\/uploads\/2021\/06\/Cruz-Roja-2021-06-21-at-5.41.31-PM-4-768x512.jpeg 768w, https:\/\/visionpeninsular.com\/mid\/wp-content\/uploads\/2021\/06\/Cruz-Roja-2021-06-21-at-5.41.31-PM-4-310x205.jpeg 310w, https:\/\/visionpeninsular.com\/mid\/wp-content\/uploads\/2021\/06\/Cruz-Roja-2021-06-21-at-5.41.31-PM-4.jpeg 1280w\" sizes=\"(max-width: 1024px) 100vw, 1024px\" \/><\/a><\/figure>\n\n\n\n<p>El evento cont\u00f3 con la presencia de Mar\u00eda del Rosario Alam de Gen\u00e9, coordinadora estatal de Damas Voluntarias de la Cruz Roja Delegaci\u00f3n Yucat\u00e1n; Margarita Ponce D\u00edaz, presidenta de Fundaci\u00f3n BEPENSA; H\u00e9ctor Carrillo Uc, director Administrativo de Distribuidora Mayorista de Tornillos y coordinadores estatales de la Cruz Roja.<\/p>\n\n\n\n<figure class=\"wp-block-image size-large\"><a href=\"https:\/\/visionpeninsular.com\/mid\/wp-content\/uploads\/2021\/06\/Cruz-Roja-2021-06-21-at-5.41.31-PM-5.jpeg\"><img loading=\"lazy\" width=\"1024\" height=\"682\" src=\"https:\/\/visionpeninsular.com\/mid\/wp-content\/uploads\/2021\/06\/Cruz-Roja-2021-06-21-at-5.41.31-PM-5-1024x682.jpeg\" alt=\"\" class=\"wp-image-143654\" srcset=\"https:\/\/visionpeninsular.com\/mid\/wp-content\/uploads\/2021\/06\/Cruz-Roja-2021-06-21-at-5.41.31-PM-5-1024x682.jpeg 1024w, https:\/\/visionpeninsular.com\/mid\/wp-content\/uploads\/2021\/06\/Cruz-Roja-2021-06-21-at-5.41.31-PM-5-300x200.jpeg 300w, https:\/\/visionpeninsular.com\/mid\/wp-content\/uploads\/2021\/06\/Cruz-Roja-2021-06-21-at-5.41.31-PM-5-768x512.jpeg 768w, https:\/\/visionpeninsular.com\/mid\/wp-content\/uploads\/2021\/06\/Cruz-Roja-2021-06-21-at-5.41.31-PM-5-310x205.jpeg 310w, https:\/\/visionpeninsular.com\/mid\/wp-content\/uploads\/2021\/06\/Cruz-Roja-2021-06-21-at-5.41.31-PM-5.jpeg 1280w\" sizes=\"(max-width: 1024px) 100vw, 1024px\" \/><\/a><\/figure>\n\n\n\n<p>Durante su intervenci\u00f3n, Michelle Byrne agradeci\u00f3 el apoyo del Ayuntamiento de M\u00e9rida as\u00ed como de Fundaci\u00f3n Azteca, Nacional Monte de Piedad, Fundaci\u00f3n Bepensa, Grupo Lodemo, Trev On y Distribuidora Mayorista de Tornillos (DMT) para ampliar la flotilla de ambulancias, que pas\u00f3 de 27 a 29 en todo el estado.<\/p>\n\n\n\n<figure class=\"wp-block-image size-large\"><a href=\"https:\/\/visionpeninsular.com\/mid\/wp-content\/uploads\/2021\/06\/Cruz-Roja2021-06-21-at-5.41.31-PM.jpeg\"><img loading=\"lazy\" width=\"1024\" height=\"682\" src=\"https:\/\/visionpeninsular.com\/mid\/wp-content\/uploads\/2021\/06\/Cruz-Roja2021-06-21-at-5.41.31-PM-1024x682.jpeg\" alt=\"\" class=\"wp-image-143655\" srcset=\"https:\/\/visionpeninsular.com\/mid\/wp-content\/uploads\/2021\/06\/Cruz-Roja2021-06-21-at-5.41.31-PM-1024x682.jpeg 1024w, https:\/\/visionpeninsular.com\/mid\/wp-content\/uploads\/2021\/06\/Cruz-Roja2021-06-21-at-5.41.31-PM-300x200.jpeg 300w, https:\/\/visionpeninsular.com\/mid\/wp-content\/uploads\/2021\/06\/Cruz-Roja2021-06-21-at-5.41.31-PM-768x512.jpeg 768w, https:\/\/visionpeninsular.com\/mid\/wp-content\/uploads\/2021\/06\/Cruz-Roja2021-06-21-at-5.41.31-PM-310x205.jpeg 310w, https:\/\/visionpeninsular.com\/mid\/wp-content\/uploads\/2021\/06\/Cruz-Roja2021-06-21-at-5.41.31-PM.jpeg 1280w\" sizes=\"(max-width: 1024px) 100vw, 1024px\" \/><\/a><\/figure>\n\n\n\n<p>\u201cLas dos ambulancias que se presentan esta ma\u00f1ana nos permitir\u00e1n ampliar la cobertura en el municipio, para seguir brindando un servicio eficiente a los ciudadanos\u201d, mencion\u00f3.<\/p>\n\n\n\n<p>En su mensaje, resalt\u00f3 la importancia de renovar la flotilla vehicular, ya que la vida \u00fatil de cada unidad es de cinco a\u00f1os en promedio.<\/p>\n\n\n\n<p>Byrne de Rodr\u00edguez inform\u00f3 que el costo de cada unidad es de un mill\u00f3n 300 mil pesos. Las ambulancias son modelo Promaster 2500 a\u00f1o 2021, cuatro cilindros, luces led, panel de control t\u00e1ctil, doble difusor de aire acondicionado, c\u00e1mara y sensores de reversa.<\/p>\n\n\n\n<p>Cada una&nbsp; cumple con la Norma Oficial Mexicana de la Regulaci\u00f3n de los servicios de salud y atenci\u00f3n m\u00e9dica pre hospitalaria son marca RAM. El \u00e1rea de atenci\u00f3n a pacientes est\u00e1 fabricada con materiales que facilitan su desinfecci\u00f3n (fibra de vidrio y piso anti derrapante); tambi\u00e9n cuenta con carro camilla, camilla marina y camilla c\u00e9rvico dorso lumbar, as\u00ed como collarines cervicales.<\/p>\n\n\n\n<p>&nbsp;Asimismo cuentan con inmovilizadores de cr\u00e1neo, succionador port\u00e1til, botiqu\u00edn de primer contacto con f\u00e9rulas moldeables, dos casos tipo Bullard, tanque de ox\u00edgeno, inversor de corriente, torreta, luces de intercesi\u00f3n y de escena, entre otros aditamentos.<\/p>\n\n\n\n<p>Cabe recordar que el pasado mes de abril, el Cabildo aprob\u00f3 un convenio entre el Ayuntamiento y la \u201cCruz Roja Mexicana\u201d, delegaci\u00f3n Yucat\u00e1n, para otorgarle la cantidad de $180,000 en apoyo a las acciones que desempe\u00f1a la benem\u00e9rita instituci\u00f3n.<\/p>\n\n\n\n<p>En el marco de la ceremonia que tuvo lugar en el estacionamiento de las Oficinas de la Cruz Roja Delegaci\u00f3n Yucat\u00e1n, en la colonia Gonzalo Guerrero, se entregaron reconocimientos a cada uno de los patrocinadores.<\/p>\n<div class='share-to-whatsapp-wrapper'><div class='share-on-whsp'>Share on: <\/div><a data-text='El alcalde Alejandro Ruz destaca la labor humanitaria de la Cruz Roja Mexicana' data-link='https:\/\/visionpeninsular.com\/mid\/el-alcalde-alejandro-ruz-destaca-la-labor-humanitaria-de-la-cruz-roja-mexicana\/' class='whatsapp-button whatsapp-share'>WhatsApp<\/a><div class='clear '><\/div><\/div>","protected":false},"excerpt":{"rendered":"<p>M\u00e9rida, 21 de junio de 2021. M\u00e9rida es una ciudad que se distingue por su vocaci\u00f3n altamente humana en la que, como autoridades responsables y de la mano de una sociedad comprometida con su entorno, fomentamos el bien com\u00fan para ayudar a quienes m\u00e1s lo necesitan, manifest\u00f3 el alcalde Alejandro Ruz Castro al encabezar la &hellip;<\/p>\n","protected":false},"author":5,"featured_media":143650,"comment_status":"open","ping_status":"open","sticky":false,"template":"","format":"standard","meta":{"_mi_skip_tracking":false},"categories":[49,37],"tags":[10183],"_links":{"self":[{"href":"https:\/\/visionpeninsular.com\/mid\/wp-json\/wp\/v2\/posts\/143649"}],"collection":[{"href":"https:\/\/visionpeninsular.com\/mid\/wp-json\/wp\/v2\/posts"}],"about":[{"href":"https:\/\/visionpeninsular.com\/mid\/wp-json\/wp\/v2\/types\/post"}],"author":[{"embeddable":true,"href":"https:\/\/visionpeninsular.com\/mid\/wp-json\/wp\/v2\/users\/5"}],"replies":[{"embeddable":true,"href":"https:\/\/visionpeninsular.com\/mid\/wp-json\/wp\/v2\/comments?post=143649"}],"version-history":[{"count":1,"href":"https:\/\/visionpeninsular.com\/mid\/wp-json\/wp\/v2\/posts\/143649\/revisions"}],"predecessor-version":[{"id":143656,"href":"https:\/\/visionpeninsular.com\/mid\/wp-json\/wp\/v2\/posts\/143649\/revisions\/143656"}],"wp:featuredmedia":[{"embeddable":true,"href":"https:\/\/visionpeninsular.com\/mid\/wp-json\/wp\/v2\/media\/143650"}],"wp:attachment":[{"href":"https:\/\/visionpeninsular.com\/mid\/wp-json\/wp\/v2\/media?parent=143649"}],"wp:term":[{"taxonomy":"category","embeddable":true,"href":"https:\/\/visionpeninsular.com\/mid\/wp-json\/wp\/v2\/categories?post=143649"},{"taxonomy":"post_tag","embeddable":true,"href":"https:\/\/visionpeninsular.com\/mid\/wp-json\/wp\/v2\/tags?post=143649"}],"curies":[{"name":"wp","href":"https:\/\/api.w.org\/{rel}","templated":true}]}}