{"id":14323,"date":"2016-10-11T08:38:40","date_gmt":"2016-10-11T13:38:40","guid":{"rendered":"http:\/\/visionpeninsular.com\/mid\/?p=14323"},"modified":"2016-10-11T08:38:40","modified_gmt":"2016-10-11T13:38:40","slug":"mayas-lenguaje-la-belleza-llega-a-verona-italia","status":"publish","type":"post","link":"https:\/\/visionpeninsular.com\/mid\/mayas-lenguaje-la-belleza-llega-a-verona-italia\/","title":{"rendered":"\u201cMayas, el lenguaje de la belleza\u201d llega a Verona, Italia"},"content":{"rendered":"<p>El Palacio de la Gran Guardia de Verona, en Italia luce engalanada con la exposici\u00f3n \u201cMayas, el lenguaje de la belleza\u201d donde se exponen piezas provenientes de las zonas arqueol\u00f3gicas del Estado, la m\u00e1scara de Jade de Calakmul, importante colecci\u00f3n de figurillas de la Isla de Jaina donde la riqueza de su indumentaria y una serie de esculturas acompa\u00f1an tan importante muestra de la cultura de Campeche. <\/p>\n<p>La exposici\u00f3n estar\u00e1 disponible hasta el 05 de marzo,  en la cual 297 piezas entre objetos de cer\u00e1mica, jade, piedra y concha de diversos tiempos de la cultura pueden ser vistas. <\/p>\n<p>La colecci\u00f3n proviene de m\u00e1s de 20 museos en cinco estados del \u00e1rea maya  que han aportado piezas para el proyecto impulsado por la Secretar\u00eda de Cultura y el INAH.<\/p>\n<p>En este sentido, se estima que m\u00e1s de 289 mil personas han podido visitar la muestra \u201cMayas, el lenguaje de la belleza\u201d. <\/p>\n<div class='share-to-whatsapp-wrapper'><div class='share-on-whsp'>Share on: <\/div><a data-text='\u201cMayas, el lenguaje de la belleza\u201d llega a Verona, Italia' data-link='https:\/\/visionpeninsular.com\/mid\/mayas-lenguaje-la-belleza-llega-a-verona-italia\/' class='whatsapp-button whatsapp-share'>WhatsApp<\/a><div class='clear '><\/div><\/div>","protected":false},"excerpt":{"rendered":"<p>El Palacio de la Gran Guardia de Verona, en Italia luce engalanada con la exposici\u00f3n \u201cMayas, el lenguaje de la belleza\u201d donde se exponen piezas provenientes de las zonas arqueol\u00f3gicas del Estado, la m\u00e1scara de Jade de Calakmul, importante colecci\u00f3n de figurillas de la Isla de Jaina donde la riqueza de su indumentaria y una &hellip;<\/p>\n","protected":false},"author":1,"featured_media":14324,"comment_status":"open","ping_status":"open","sticky":false,"template":"","format":"standard","meta":{"_mi_skip_tracking":false},"categories":[46],"tags":[3163],"_links":{"self":[{"href":"https:\/\/visionpeninsular.com\/mid\/wp-json\/wp\/v2\/posts\/14323"}],"collection":[{"href":"https:\/\/visionpeninsular.com\/mid\/wp-json\/wp\/v2\/posts"}],"about":[{"href":"https:\/\/visionpeninsular.com\/mid\/wp-json\/wp\/v2\/types\/post"}],"author":[{"embeddable":true,"href":"https:\/\/visionpeninsular.com\/mid\/wp-json\/wp\/v2\/users\/1"}],"replies":[{"embeddable":true,"href":"https:\/\/visionpeninsular.com\/mid\/wp-json\/wp\/v2\/comments?post=14323"}],"version-history":[{"count":1,"href":"https:\/\/visionpeninsular.com\/mid\/wp-json\/wp\/v2\/posts\/14323\/revisions"}],"predecessor-version":[{"id":14325,"href":"https:\/\/visionpeninsular.com\/mid\/wp-json\/wp\/v2\/posts\/14323\/revisions\/14325"}],"wp:featuredmedia":[{"embeddable":true,"href":"https:\/\/visionpeninsular.com\/mid\/wp-json\/wp\/v2\/media\/14324"}],"wp:attachment":[{"href":"https:\/\/visionpeninsular.com\/mid\/wp-json\/wp\/v2\/media?parent=14323"}],"wp:term":[{"taxonomy":"category","embeddable":true,"href":"https:\/\/visionpeninsular.com\/mid\/wp-json\/wp\/v2\/categories?post=14323"},{"taxonomy":"post_tag","embeddable":true,"href":"https:\/\/visionpeninsular.com\/mid\/wp-json\/wp\/v2\/tags?post=14323"}],"curies":[{"name":"wp","href":"https:\/\/api.w.org\/{rel}","templated":true}]}}