{"id":143039,"date":"2021-06-02T11:53:26","date_gmt":"2021-06-02T16:53:26","guid":{"rendered":"https:\/\/visionpeninsular.com\/mid\/?p=143039"},"modified":"2021-06-02T11:53:31","modified_gmt":"2021-06-02T16:53:31","slug":"para-tener-mas-merida-el-6-de-junio-contamos-con-tu-voto-renan-barrera","status":"publish","type":"post","link":"https:\/\/visionpeninsular.com\/mid\/para-tener-mas-merida-el-6-de-junio-contamos-con-tu-voto-renan-barrera\/","title":{"rendered":"Para tener M\u00e1s M\u00e9rida, el 6 de junio contamos con tu voto: Ren\u00e1n Barrera"},"content":{"rendered":"\n<p><em>El aspirante del Partido Acci\u00f3n Nacional a Presidente Municipal cierra su campa\u00f1a proselitista<\/em><\/p>\n\n\n\n<p>M\u00e9rida, 1 de junio de 2021. Con el respaldo de la ciudadan\u00eda y la confianza en el triunfo de su proyecto \u201cM\u00e1s M\u00e9rida\u201d el pr\u00f3ximo domingo en las urnas, el candidato del PAN a la Presidencia Municipal, Ren\u00e1n Barrera Concha, cerr\u00f3 su campa\u00f1a proselitista agradeciendo el apoyo que las y los meridanos le brindaron en esta etapa.<\/p>\n\n\n\n<figure class=\"wp-block-image size-large\"><a href=\"https:\/\/visionpeninsular.com\/mid\/wp-content\/uploads\/2021\/06\/01JUNIO21-RBC-CIERRE-CAMPANA-2.jpeg\"><img loading=\"lazy\" width=\"1024\" height=\"682\" src=\"https:\/\/visionpeninsular.com\/mid\/wp-content\/uploads\/2021\/06\/01JUNIO21-RBC-CIERRE-CAMPANA-2-1024x682.jpeg\" alt=\"\" class=\"wp-image-143041\" srcset=\"https:\/\/visionpeninsular.com\/mid\/wp-content\/uploads\/2021\/06\/01JUNIO21-RBC-CIERRE-CAMPANA-2-1024x682.jpeg 1024w, https:\/\/visionpeninsular.com\/mid\/wp-content\/uploads\/2021\/06\/01JUNIO21-RBC-CIERRE-CAMPANA-2-300x200.jpeg 300w, https:\/\/visionpeninsular.com\/mid\/wp-content\/uploads\/2021\/06\/01JUNIO21-RBC-CIERRE-CAMPANA-2-768x512.jpeg 768w, https:\/\/visionpeninsular.com\/mid\/wp-content\/uploads\/2021\/06\/01JUNIO21-RBC-CIERRE-CAMPANA-2-310x205.jpeg 310w, https:\/\/visionpeninsular.com\/mid\/wp-content\/uploads\/2021\/06\/01JUNIO21-RBC-CIERRE-CAMPANA-2.jpeg 1280w\" sizes=\"(max-width: 1024px) 100vw, 1024px\" \/><\/a><\/figure>\n\n\n\n<p>Ren\u00e1n Barrera llam\u00f3 a la ciudadan\u00eda a salir a votar por las candidatas y candidatos de Acci\u00f3n Nacional para seguir avanzando en el proyecto com\u00fan enfocado a una mejor calidad de vida para todas y todos.<\/p>\n\n\n\n<p>\u201cVotar por M\u00e1s M\u00e9rida es seguir dando buenos resultados, es votar por la defensa de lo que somos y de lo que hemos construido juntos. Votar por M\u00e1s M\u00e9rida es seguir creciendo abiertos a la innovaci\u00f3n y la modernidad, sin olvidar de d\u00f3nde venimos y cu\u00e1l es nuestra ra\u00edz\u201d, subray\u00f3.<\/p>\n\n\n\n<figure class=\"wp-block-image size-large\"><a href=\"https:\/\/visionpeninsular.com\/mid\/wp-content\/uploads\/2021\/06\/01JUNIO21-RBC-CIERRE-CAMPANA-3.jpeg\"><img loading=\"lazy\" width=\"1024\" height=\"682\" src=\"https:\/\/visionpeninsular.com\/mid\/wp-content\/uploads\/2021\/06\/01JUNIO21-RBC-CIERRE-CAMPANA-3-1024x682.jpeg\" alt=\"\" class=\"wp-image-143042\" srcset=\"https:\/\/visionpeninsular.com\/mid\/wp-content\/uploads\/2021\/06\/01JUNIO21-RBC-CIERRE-CAMPANA-3-1024x682.jpeg 1024w, https:\/\/visionpeninsular.com\/mid\/wp-content\/uploads\/2021\/06\/01JUNIO21-RBC-CIERRE-CAMPANA-3-300x200.jpeg 300w, https:\/\/visionpeninsular.com\/mid\/wp-content\/uploads\/2021\/06\/01JUNIO21-RBC-CIERRE-CAMPANA-3-768x512.jpeg 768w, https:\/\/visionpeninsular.com\/mid\/wp-content\/uploads\/2021\/06\/01JUNIO21-RBC-CIERRE-CAMPANA-3-310x205.jpeg 310w, https:\/\/visionpeninsular.com\/mid\/wp-content\/uploads\/2021\/06\/01JUNIO21-RBC-CIERRE-CAMPANA-3.jpeg 1280w\" sizes=\"(max-width: 1024px) 100vw, 1024px\" \/><\/a><\/figure>\n\n\n\n<p>\u201cVotar por M\u00e1s M\u00e9rida es decir con valent\u00eda: no queremos experimentos, no queremos incertidumbres, ni queremos volver al pasado\u201d, a\u00f1adi\u00f3.<\/p>\n\n\n\n<p>En su intervenci\u00f3n, el secretario general del PAN, H\u00e9ctor Larios, reconoci\u00f3 la madurez pol\u00edtica y el liderazgo de Ren\u00e1n, y subray\u00f3 que es un orgullo estar en M\u00e9rida, que es la ciudad m\u00e1s segura en uno de los pa\u00edses m\u00e1s inseguros del mundo.<\/p>\n\n\n\n<figure class=\"wp-block-image size-large\"><a href=\"https:\/\/visionpeninsular.com\/mid\/wp-content\/uploads\/2021\/06\/01JUNIO21-RBC-CIERRE-CAMPANA-4.jpeg\"><img loading=\"lazy\" width=\"1024\" height=\"682\" src=\"https:\/\/visionpeninsular.com\/mid\/wp-content\/uploads\/2021\/06\/01JUNIO21-RBC-CIERRE-CAMPANA-4-1024x682.jpeg\" alt=\"\" class=\"wp-image-143043\" srcset=\"https:\/\/visionpeninsular.com\/mid\/wp-content\/uploads\/2021\/06\/01JUNIO21-RBC-CIERRE-CAMPANA-4-1024x682.jpeg 1024w, https:\/\/visionpeninsular.com\/mid\/wp-content\/uploads\/2021\/06\/01JUNIO21-RBC-CIERRE-CAMPANA-4-300x200.jpeg 300w, https:\/\/visionpeninsular.com\/mid\/wp-content\/uploads\/2021\/06\/01JUNIO21-RBC-CIERRE-CAMPANA-4-768x512.jpeg 768w, https:\/\/visionpeninsular.com\/mid\/wp-content\/uploads\/2021\/06\/01JUNIO21-RBC-CIERRE-CAMPANA-4-310x205.jpeg 310w, https:\/\/visionpeninsular.com\/mid\/wp-content\/uploads\/2021\/06\/01JUNIO21-RBC-CIERRE-CAMPANA-4.jpeg 1280w\" sizes=\"(max-width: 1024px) 100vw, 1024px\" \/><\/a><\/figure>\n\n\n\n<p>\u201cGracias a los buenos gobiernos del PAN, M\u00e9rida es una ciudad envidiada en todo M\u00e9xico, porque por alcaldes como Ren\u00e1n ustedes y sus familias tienen calidad de vida y pueden andar libres por las calles, sin temor a ser violentados\u201d, manifest\u00f3.<\/p>\n\n\n\n<p>Si quieren seguir viviendo cobijados por esa paz y tranquilidad, es necesario votar por Ren\u00e1n y por todos los candidatos del PAN, agreg\u00f3.<\/p>\n\n\n\n<figure class=\"wp-block-image size-large\"><a href=\"https:\/\/visionpeninsular.com\/mid\/wp-content\/uploads\/2021\/06\/01JUNIO21-RBC-CIERRE-CAMPANA-5.jpeg\"><img loading=\"lazy\" width=\"1024\" height=\"682\" src=\"https:\/\/visionpeninsular.com\/mid\/wp-content\/uploads\/2021\/06\/01JUNIO21-RBC-CIERRE-CAMPANA-5-1024x682.jpeg\" alt=\"\" class=\"wp-image-143044\" srcset=\"https:\/\/visionpeninsular.com\/mid\/wp-content\/uploads\/2021\/06\/01JUNIO21-RBC-CIERRE-CAMPANA-5-1024x682.jpeg 1024w, https:\/\/visionpeninsular.com\/mid\/wp-content\/uploads\/2021\/06\/01JUNIO21-RBC-CIERRE-CAMPANA-5-300x200.jpeg 300w, https:\/\/visionpeninsular.com\/mid\/wp-content\/uploads\/2021\/06\/01JUNIO21-RBC-CIERRE-CAMPANA-5-768x512.jpeg 768w, https:\/\/visionpeninsular.com\/mid\/wp-content\/uploads\/2021\/06\/01JUNIO21-RBC-CIERRE-CAMPANA-5-1536x1023.jpeg 1536w, https:\/\/visionpeninsular.com\/mid\/wp-content\/uploads\/2021\/06\/01JUNIO21-RBC-CIERRE-CAMPANA-5-310x205.jpeg 310w, https:\/\/visionpeninsular.com\/mid\/wp-content\/uploads\/2021\/06\/01JUNIO21-RBC-CIERRE-CAMPANA-5.jpeg 1600w\" sizes=\"(max-width: 1024px) 100vw, 1024px\" \/><\/a><\/figure>\n\n\n\n<p>En ese sentido, Barrera Concha hizo un llamado a no escuchar los discursos que hablan de una M\u00e9rida sin oportunidades, ni desarrollo y que s\u00f3lo buscan generar divisi\u00f3n entre la ciudadan\u00eda.<\/p>\n\n\n\n<p>\u201cVamos a defender a nuestra tierra como un basti\u00f3n de calidad de vida. Ojal\u00e1 nuestro pa\u00eds tuviera m\u00e1s M\u00e9ridas para lograr su propia felicidad. Vamos a proteger todo lo que hemos logrado con los buenos gobiernos del PAN y que ha llevado a nuestra querida ciudad a ser referente nacional de calidad de vida\u201d, dijo.<\/p>\n\n\n\n<figure class=\"wp-block-image size-large\"><a href=\"https:\/\/visionpeninsular.com\/mid\/wp-content\/uploads\/2021\/06\/01JUNIO21-RBC-CIERRE-CAMPANA-6.jpeg\"><img loading=\"lazy\" width=\"1024\" height=\"682\" src=\"https:\/\/visionpeninsular.com\/mid\/wp-content\/uploads\/2021\/06\/01JUNIO21-RBC-CIERRE-CAMPANA-6-1024x682.jpeg\" alt=\"\" class=\"wp-image-143045\" srcset=\"https:\/\/visionpeninsular.com\/mid\/wp-content\/uploads\/2021\/06\/01JUNIO21-RBC-CIERRE-CAMPANA-6-1024x682.jpeg 1024w, https:\/\/visionpeninsular.com\/mid\/wp-content\/uploads\/2021\/06\/01JUNIO21-RBC-CIERRE-CAMPANA-6-300x200.jpeg 300w, https:\/\/visionpeninsular.com\/mid\/wp-content\/uploads\/2021\/06\/01JUNIO21-RBC-CIERRE-CAMPANA-6-768x512.jpeg 768w, https:\/\/visionpeninsular.com\/mid\/wp-content\/uploads\/2021\/06\/01JUNIO21-RBC-CIERRE-CAMPANA-6-310x205.jpeg 310w, https:\/\/visionpeninsular.com\/mid\/wp-content\/uploads\/2021\/06\/01JUNIO21-RBC-CIERRE-CAMPANA-6.jpeg 1280w\" sizes=\"(max-width: 1024px) 100vw, 1024px\" \/><\/a><\/figure>\n\n\n\n<p>Por su parte el presidente del Comit\u00e9 Directivo Estatal del PAN, As\u00eds Cano, indic\u00f3 que la M\u00e9rida de hoy es un ejemplo de que Ren\u00e1n Barrera y Acci\u00f3n Nacional gobiernan con buenos resultados y transformaci\u00f3n \u201cpor eso te digo, en representaci\u00f3n de todos los panistas que en ti ponemos todos los sue\u00f1os de Acci\u00f3n Nacional para seguir construyendo un mejor Municipio\u201d.<\/p>\n\n\n\n<p>\u201cRen\u00e1n representa lo que queremos para M\u00e9rida, es el mejor producto de la tradici\u00f3n democr\u00e1tica de Acci\u00f3n Nacional y por esos principios y valores vamos a ganar la elecci\u00f3n del pr\u00f3ximo domingo\u201d, manifest\u00f3.<\/p>\n\n\n\n<figure class=\"wp-block-image size-large\"><a href=\"https:\/\/visionpeninsular.com\/mid\/wp-content\/uploads\/2021\/06\/01JUNIO21-RBC-CIERRE-CAMPANA-7.jpeg\"><img loading=\"lazy\" width=\"1024\" height=\"682\" src=\"https:\/\/visionpeninsular.com\/mid\/wp-content\/uploads\/2021\/06\/01JUNIO21-RBC-CIERRE-CAMPANA-7-1024x682.jpeg\" alt=\"\" class=\"wp-image-143046\" srcset=\"https:\/\/visionpeninsular.com\/mid\/wp-content\/uploads\/2021\/06\/01JUNIO21-RBC-CIERRE-CAMPANA-7-1024x682.jpeg 1024w, https:\/\/visionpeninsular.com\/mid\/wp-content\/uploads\/2021\/06\/01JUNIO21-RBC-CIERRE-CAMPANA-7-300x200.jpeg 300w, https:\/\/visionpeninsular.com\/mid\/wp-content\/uploads\/2021\/06\/01JUNIO21-RBC-CIERRE-CAMPANA-7-768x512.jpeg 768w, https:\/\/visionpeninsular.com\/mid\/wp-content\/uploads\/2021\/06\/01JUNIO21-RBC-CIERRE-CAMPANA-7-1536x1023.jpeg 1536w, https:\/\/visionpeninsular.com\/mid\/wp-content\/uploads\/2021\/06\/01JUNIO21-RBC-CIERRE-CAMPANA-7-310x205.jpeg 310w, https:\/\/visionpeninsular.com\/mid\/wp-content\/uploads\/2021\/06\/01JUNIO21-RBC-CIERRE-CAMPANA-7.jpeg 1600w\" sizes=\"(max-width: 1024px) 100vw, 1024px\" \/><\/a><\/figure>\n\n\n\n<p>Ante ciudadanos y ciudadanas que asistieron para refrendarle su apoyo, el candidato panista se comprometi\u00f3 a que, como persona que ama a M\u00e9rida, continuar\u00e1 con el arduo trabajo de llevarla a m\u00e1s de todo lo bueno que ya tiene.<\/p>\n\n\n\n<figure class=\"wp-block-image size-large\"><a href=\"https:\/\/visionpeninsular.com\/mid\/wp-content\/uploads\/2021\/06\/01JUNIO21-RBC-CIERRE-CAMPANA-8.jpeg\"><img loading=\"lazy\" width=\"1024\" height=\"682\" src=\"https:\/\/visionpeninsular.com\/mid\/wp-content\/uploads\/2021\/06\/01JUNIO21-RBC-CIERRE-CAMPANA-8-1024x682.jpeg\" alt=\"\" class=\"wp-image-143047\" srcset=\"https:\/\/visionpeninsular.com\/mid\/wp-content\/uploads\/2021\/06\/01JUNIO21-RBC-CIERRE-CAMPANA-8-1024x682.jpeg 1024w, https:\/\/visionpeninsular.com\/mid\/wp-content\/uploads\/2021\/06\/01JUNIO21-RBC-CIERRE-CAMPANA-8-300x200.jpeg 300w, https:\/\/visionpeninsular.com\/mid\/wp-content\/uploads\/2021\/06\/01JUNIO21-RBC-CIERRE-CAMPANA-8-768x512.jpeg 768w, https:\/\/visionpeninsular.com\/mid\/wp-content\/uploads\/2021\/06\/01JUNIO21-RBC-CIERRE-CAMPANA-8-1536x1023.jpeg 1536w, https:\/\/visionpeninsular.com\/mid\/wp-content\/uploads\/2021\/06\/01JUNIO21-RBC-CIERRE-CAMPANA-8-310x205.jpeg 310w, https:\/\/visionpeninsular.com\/mid\/wp-content\/uploads\/2021\/06\/01JUNIO21-RBC-CIERRE-CAMPANA-8.jpeg 1600w\" sizes=\"(max-width: 1024px) 100vw, 1024px\" \/><\/a><\/figure>\n\n\n\n<p>\u201cQuien ama, cuida. Quien cuida, crece. Quien crece, construye m\u00e1s, por eso hoy me comprometo a consolidar a M\u00e9rida como la mejor ciudad del pa\u00eds, con m\u00e1s esperanza, m\u00e1s crecimiento, m\u00e1s empleo, m\u00e1s seguridad y paz p\u00fablica, m\u00e1s oportunidades y m\u00e1s respeto a las mujeres. Esa es la M\u00e9rida que juntos vamos a construir\u201d, expres\u00f3.<\/p>\n\n\n\n<p>El candidato de Acci\u00f3n Nacional invit\u00f3 a que el pr\u00f3ximo domingo todas y todos salgan a votar sin temor, cumpliendo las medidas sanitarias, y de esta forma lograr que M\u00e9rida sea de nuevo un ejemplo de participaci\u00f3n ciudadana a nivel nacional.<\/p>\n\n\n\n<p>\u201cSabemos que los meridanos y meridanas son campeones en comportamiento c\u00edvico en el pa\u00eds, por eso que no falte tu voto en la urna este domingo. Tu voto y tu apoyo los hemos sentido todos los d\u00edas en los eventos y en las calles. Tu voto y tu apoyo, para que sean efectivos, deben estar en la urna\u201d, expres\u00f3.<\/p>\n\n\n\n<p>Finalmente, remarc\u00f3 que su campa\u00f1a fue un ejemplo nacional, debido a que le dio prioridad a la salud de la poblaci\u00f3n y por eso no se realizaron eventos multitudinarios como en ocasiones anteriores.<\/p>\n\n\n\n<p>\u201cNuestra prioridad en el Ayuntamiento fue cuidar la salud, y en campa\u00f1a ha sido nuestro sello para decirle a todas y todos que su salud es lo que m\u00e1s nos importa. Primero la vida y la familia\u201d.<\/p>\n\n\n\n<p>Ten\u00edamos que llegar a todos los rincones de M\u00e9rida para decirles porqu\u00e9 queremos seguir construyendo m\u00e1s de esta ciudad que a diario cambia para darle lo mejor a sus ciudadanos y ciudadanas, dijo.<\/p>\n\n\n\n<p>Ren\u00e1n Barrera particip\u00f3 en los cierres de campa\u00f1a de los Distritos Federales III y IV, que se realizaron en el fraccionamiento Juan Pablo II el lunes 31 de mayo y en Vergel II el d\u00eda de hoy, a los que tambi\u00e9n asistieron ex alcaldes de M\u00e9rida, candidatas y candidatos a diputados locales y federales, as\u00ed como los integrantes de la planilla de regidores.<\/p>\n<div class='share-to-whatsapp-wrapper'><div class='share-on-whsp'>Share on: <\/div><a data-text='Para tener M\u00e1s M\u00e9rida, el 6 de junio contamos con tu voto: Ren\u00e1n Barrera' data-link='https:\/\/visionpeninsular.com\/mid\/para-tener-mas-merida-el-6-de-junio-contamos-con-tu-voto-renan-barrera\/' class='whatsapp-button whatsapp-share'>WhatsApp<\/a><div class='clear '><\/div><\/div>","protected":false},"excerpt":{"rendered":"<p>El aspirante del Partido Acci\u00f3n Nacional a Presidente Municipal cierra su campa\u00f1a proselitista M\u00e9rida, 1 de junio de 2021. Con el respaldo de la ciudadan\u00eda y la confianza en el triunfo de su proyecto \u201cM\u00e1s M\u00e9rida\u201d el pr\u00f3ximo domingo en las urnas, el candidato del PAN a la Presidencia Municipal, Ren\u00e1n Barrera Concha, cerr\u00f3 su &hellip;<\/p>\n","protected":false},"author":5,"featured_media":143040,"comment_status":"open","ping_status":"open","sticky":false,"template":"","format":"standard","meta":{"_mi_skip_tracking":false},"categories":[49,37],"tags":[27387,26804,26828,23663,27386],"_links":{"self":[{"href":"https:\/\/visionpeninsular.com\/mid\/wp-json\/wp\/v2\/posts\/143039"}],"collection":[{"href":"https:\/\/visionpeninsular.com\/mid\/wp-json\/wp\/v2\/posts"}],"about":[{"href":"https:\/\/visionpeninsular.com\/mid\/wp-json\/wp\/v2\/types\/post"}],"author":[{"embeddable":true,"href":"https:\/\/visionpeninsular.com\/mid\/wp-json\/wp\/v2\/users\/5"}],"replies":[{"embeddable":true,"href":"https:\/\/visionpeninsular.com\/mid\/wp-json\/wp\/v2\/comments?post=143039"}],"version-history":[{"count":1,"href":"https:\/\/visionpeninsular.com\/mid\/wp-json\/wp\/v2\/posts\/143039\/revisions"}],"predecessor-version":[{"id":143048,"href":"https:\/\/visionpeninsular.com\/mid\/wp-json\/wp\/v2\/posts\/143039\/revisions\/143048"}],"wp:featuredmedia":[{"embeddable":true,"href":"https:\/\/visionpeninsular.com\/mid\/wp-json\/wp\/v2\/media\/143040"}],"wp:attachment":[{"href":"https:\/\/visionpeninsular.com\/mid\/wp-json\/wp\/v2\/media?parent=143039"}],"wp:term":[{"taxonomy":"category","embeddable":true,"href":"https:\/\/visionpeninsular.com\/mid\/wp-json\/wp\/v2\/categories?post=143039"},{"taxonomy":"post_tag","embeddable":true,"href":"https:\/\/visionpeninsular.com\/mid\/wp-json\/wp\/v2\/tags?post=143039"}],"curies":[{"name":"wp","href":"https:\/\/api.w.org\/{rel}","templated":true}]}}