{"id":142972,"date":"2021-05-31T10:14:52","date_gmt":"2021-05-31T15:14:52","guid":{"rendered":"https:\/\/visionpeninsular.com\/mid\/?p=142972"},"modified":"2021-05-31T10:14:57","modified_gmt":"2021-05-31T15:14:57","slug":"de-ustedes-depende-el-futuro-de-merida-senala-renan-barrera-a-primeros-votantes","status":"publish","type":"post","link":"https:\/\/visionpeninsular.com\/mid\/de-ustedes-depende-el-futuro-de-merida-senala-renan-barrera-a-primeros-votantes\/","title":{"rendered":"De ustedes depende el futuro de M\u00e9rida, se\u00f1ala Ren\u00e1n Barrera a primeros votantes"},"content":{"rendered":"\n<p><em>El abanderado panista invita al sector juvenil a que este 6 de junio apuesten por M\u00e1s M\u00e9rida<\/em><\/p>\n\n\n\n<p>El candidato del PAN a la Presidencia Municipal, Ren\u00e1n Barrera Cocha, se reuni\u00f3 con j\u00f3venes que por primera vez votar\u00e1n y participar\u00e1n en el ejercicio democr\u00e1tico para escuchar sus inquietudes y necesidades que integrar\u00e1 a su proyecto \u201cM\u00e1s M\u00e9rida\u201d para los pr\u00f3ximos tres a\u00f1os.<\/p>\n\n\n\n<figure class=\"wp-block-image size-large\"><a href=\"https:\/\/visionpeninsular.com\/mid\/wp-content\/uploads\/2021\/05\/WhatsApp-Image-2021-05-29-at-3.10.37-PM-5.jpeg\"><img loading=\"lazy\" width=\"960\" height=\"640\" src=\"https:\/\/visionpeninsular.com\/mid\/wp-content\/uploads\/2021\/05\/WhatsApp-Image-2021-05-29-at-3.10.37-PM-5.jpeg\" alt=\"\" class=\"wp-image-142974\" srcset=\"https:\/\/visionpeninsular.com\/mid\/wp-content\/uploads\/2021\/05\/WhatsApp-Image-2021-05-29-at-3.10.37-PM-5.jpeg 960w, https:\/\/visionpeninsular.com\/mid\/wp-content\/uploads\/2021\/05\/WhatsApp-Image-2021-05-29-at-3.10.37-PM-5-300x200.jpeg 300w, https:\/\/visionpeninsular.com\/mid\/wp-content\/uploads\/2021\/05\/WhatsApp-Image-2021-05-29-at-3.10.37-PM-5-768x512.jpeg 768w\" sizes=\"(max-width: 960px) 100vw, 960px\" \/><\/a><\/figure>\n\n\n\n<figure class=\"wp-block-image size-large\"><a href=\"https:\/\/visionpeninsular.com\/mid\/wp-content\/uploads\/2021\/05\/WhatsApp-Image-2021-05-29-at-3.10.37-PM.jpeg\"><img loading=\"lazy\" width=\"960\" height=\"960\" src=\"https:\/\/visionpeninsular.com\/mid\/wp-content\/uploads\/2021\/05\/WhatsApp-Image-2021-05-29-at-3.10.37-PM.jpeg\" alt=\"\" class=\"wp-image-142975\" srcset=\"https:\/\/visionpeninsular.com\/mid\/wp-content\/uploads\/2021\/05\/WhatsApp-Image-2021-05-29-at-3.10.37-PM.jpeg 960w, https:\/\/visionpeninsular.com\/mid\/wp-content\/uploads\/2021\/05\/WhatsApp-Image-2021-05-29-at-3.10.37-PM-300x300.jpeg 300w, https:\/\/visionpeninsular.com\/mid\/wp-content\/uploads\/2021\/05\/WhatsApp-Image-2021-05-29-at-3.10.37-PM-150x150.jpeg 150w, https:\/\/visionpeninsular.com\/mid\/wp-content\/uploads\/2021\/05\/WhatsApp-Image-2021-05-29-at-3.10.37-PM-768x768.jpeg 768w\" sizes=\"(max-width: 960px) 100vw, 960px\" \/><\/a><\/figure>\n\n\n\n<p>En el encuentro, que se realiz\u00f3 en el Forum Mayan Hall, el aspirante panista asegur\u00f3 que todas y todos los ciudadanos, principalmente los j\u00f3venes, tienen el potencial para innovar y emprender en todos los aspectos, de ah\u00ed la importancia de mantener un acercamiento con este sector de la sociedad.<\/p>\n\n\n\n<figure class=\"wp-block-image size-large\"><a href=\"https:\/\/visionpeninsular.com\/mid\/wp-content\/uploads\/2021\/05\/WhatsApp-Image-2021-05-29-at-3.10.37-PM-2.jpeg\"><img loading=\"lazy\" width=\"960\" height=\"640\" src=\"https:\/\/visionpeninsular.com\/mid\/wp-content\/uploads\/2021\/05\/WhatsApp-Image-2021-05-29-at-3.10.37-PM-2.jpeg\" alt=\"\" class=\"wp-image-142976\" srcset=\"https:\/\/visionpeninsular.com\/mid\/wp-content\/uploads\/2021\/05\/WhatsApp-Image-2021-05-29-at-3.10.37-PM-2.jpeg 960w, https:\/\/visionpeninsular.com\/mid\/wp-content\/uploads\/2021\/05\/WhatsApp-Image-2021-05-29-at-3.10.37-PM-2-300x200.jpeg 300w, https:\/\/visionpeninsular.com\/mid\/wp-content\/uploads\/2021\/05\/WhatsApp-Image-2021-05-29-at-3.10.37-PM-2-768x512.jpeg 768w\" sizes=\"(max-width: 960px) 100vw, 960px\" \/><\/a><\/figure>\n\n\n\n<p>\u201cEn pocos d\u00edas van a tener una responsabilidad muy importante, porque de ustedes depende el destino que tendr\u00e1 esta ciudad, van a tener el poder de elegir a sus gobernantes\u201d.<\/p>\n\n\n\n<figure class=\"wp-block-image size-large\"><a href=\"https:\/\/visionpeninsular.com\/mid\/wp-content\/uploads\/2021\/05\/WhatsApp-Image-2021-05-29-at-3.10.37-PM-4.jpeg\"><img loading=\"lazy\" width=\"960\" height=\"640\" src=\"https:\/\/visionpeninsular.com\/mid\/wp-content\/uploads\/2021\/05\/WhatsApp-Image-2021-05-29-at-3.10.37-PM-4.jpeg\" alt=\"\" class=\"wp-image-142977\" srcset=\"https:\/\/visionpeninsular.com\/mid\/wp-content\/uploads\/2021\/05\/WhatsApp-Image-2021-05-29-at-3.10.37-PM-4.jpeg 960w, https:\/\/visionpeninsular.com\/mid\/wp-content\/uploads\/2021\/05\/WhatsApp-Image-2021-05-29-at-3.10.37-PM-4-300x200.jpeg 300w, https:\/\/visionpeninsular.com\/mid\/wp-content\/uploads\/2021\/05\/WhatsApp-Image-2021-05-29-at-3.10.37-PM-4-768x512.jpeg 768w\" sizes=\"(max-width: 960px) 100vw, 960px\" \/><\/a><\/figure>\n\n\n\n<p>En sus manos est\u00e1 que este 6 de junio M\u00e9rida contin\u00fae su camino hacia el desarrollo porque M\u00e9rida va bien, no permitamos un retroceso, agreg\u00f3.<\/p>\n\n\n\n<p>Ren\u00e1n Barrera subray\u00f3 la responsabilidad que en esta elecci\u00f3n tendr\u00e1n los j\u00f3venes, dado a que m\u00e1s 17 mil van a votar por primera vez y m\u00e1s de 100 mil votos en las urnas ser\u00e1n depositados por las y los j\u00f3venes.<\/p>\n\n\n\n<figure class=\"wp-block-image size-large\"><a href=\"https:\/\/visionpeninsular.com\/mid\/wp-content\/uploads\/2021\/05\/WhatsApp-Image-2021-05-29-at-3.10.37-PM-1.jpeg\"><img loading=\"lazy\" width=\"960\" height=\"699\" src=\"https:\/\/visionpeninsular.com\/mid\/wp-content\/uploads\/2021\/05\/WhatsApp-Image-2021-05-29-at-3.10.37-PM-1.jpeg\" alt=\"\" class=\"wp-image-142978\" srcset=\"https:\/\/visionpeninsular.com\/mid\/wp-content\/uploads\/2021\/05\/WhatsApp-Image-2021-05-29-at-3.10.37-PM-1.jpeg 960w, https:\/\/visionpeninsular.com\/mid\/wp-content\/uploads\/2021\/05\/WhatsApp-Image-2021-05-29-at-3.10.37-PM-1-300x218.jpeg 300w, https:\/\/visionpeninsular.com\/mid\/wp-content\/uploads\/2021\/05\/WhatsApp-Image-2021-05-29-at-3.10.37-PM-1-768x559.jpeg 768w\" sizes=\"(max-width: 960px) 100vw, 960px\" \/><\/a><\/figure>\n\n\n\n<p>Se comprometi\u00f3 ante los primeros votantes a que su pr\u00f3xima administraci\u00f3n trabajar\u00e1 en las dos necesidades m\u00e1s apremiantes para la poblaci\u00f3n que son la salud y la reactivaci\u00f3n econ\u00f3mica \u201cde ah\u00ed nos basamos para la construcci\u00f3n de nuestro proyecto ganador M\u00e1s M\u00e9rida\u201d.<\/p>\n\n\n\n<p>En materia de sustentabilidad, el abanderado de Acci\u00f3n Nacional mencion\u00f3 que entre sus propuestas est\u00e1n la reforestaci\u00f3n y cuidado 150 mil \u00e1rboles, construir las siguientes etapas de Ya\u00b4axtal, la instalaci\u00f3n de m\u00e1s Puntos Verdes en los espacios p\u00fablicos, tener el 100% de los edificios municipales con paneles solares y la recolecci\u00f3n de residuos s\u00f3lidos con sistema GPS.<\/p>\n\n\n\n<p>Para el \u00e1mbito de cultura present\u00f3 sus planes de construir la Academia Municipal de M\u00fasica para ni\u00f1os y ni\u00f1as a partir de los 6 a\u00f1os, con miras a que en tres a\u00f1os M\u00e9rida tenga la primera orquesta infantil, as\u00ed como el Centro Cultural \u201cFernando Castro Pacheco\u201d y los Centros M\u00e9rida Aprende (CEMAS).<\/p>\n\n\n\n<p>De igual manera, afirm\u00f3, se descentralizar\u00e1 la Noche Blanca para llevar la cultura a los fraccionamientos, colonias y comisar\u00edas.<\/p>\n\n\n\n<p>En deporte, Ren\u00e1n Barrera expuso los proyectos de construir la Academia Municipal de Box y un Gimnasio en el oriente, instalar 100 Gimnasios al aire libre en los parques, realizar el Premio regional Moto Cross, fortalecer la Liga de Segunda Fuerza de B\u00e9isbol en la liga Fernando Valenzuela y realizar un convenio con el Atlas y el Guadalajara para capacitaci\u00f3n en escuelas deportivas.<\/p>\n\n\n\n<p>En el tema de las mujeres present\u00f3 \u201cEmpod\u00e9rate Mujer\u201d para otorgar cr\u00e9ditos especiales para las que deseen emprender un negocio, \u201cBeca Mam\u00e1\u201d para las que deseen terminar sus estudios, el reforzamiento de L\u00ednea Mujer y del Refugio CAREM.<\/p>\n\n\n\n<p>Finalmente, en protecci\u00f3n animal, Ren\u00e1n Barrera habl\u00f3 de la introducci\u00f3n de las calesas el\u00e9ctricas y la construcci\u00f3n del nuevo Centro Municipal de Control Animal (CEMCA).<\/p>\n\n\n\n<p>En la reuni\u00f3n tambi\u00e9n estuvieron presentes Jes\u00fas P\u00e9rez Ballote, candidato a diputado local por el Distrito I, as\u00ed como Gabriela Baqueiro y Ra\u00fal Escalante, integrantes de la planilla de regidores.<\/p>\n<div class='share-to-whatsapp-wrapper'><div class='share-on-whsp'>Share on: <\/div><a data-text='De ustedes depende el futuro de M\u00e9rida, se\u00f1ala Ren\u00e1n Barrera a primeros votantes' data-link='https:\/\/visionpeninsular.com\/mid\/de-ustedes-depende-el-futuro-de-merida-senala-renan-barrera-a-primeros-votantes\/' class='whatsapp-button whatsapp-share'>WhatsApp<\/a><div class='clear '><\/div><\/div>","protected":false},"excerpt":{"rendered":"<p>El abanderado panista invita al sector juvenil a que este 6 de junio apuesten por M\u00e1s M\u00e9rida El candidato del PAN a la Presidencia Municipal, Ren\u00e1n Barrera Cocha, se reuni\u00f3 con j\u00f3venes que por primera vez votar\u00e1n y participar\u00e1n en el ejercicio democr\u00e1tico para escuchar sus inquietudes y necesidades que integrar\u00e1 a su proyecto \u201cM\u00e1s &hellip;<\/p>\n","protected":false},"author":5,"featured_media":142973,"comment_status":"open","ping_status":"open","sticky":false,"template":"","format":"standard","meta":{"_mi_skip_tracking":false},"categories":[49,37],"tags":[26804,26828,27359,27360],"_links":{"self":[{"href":"https:\/\/visionpeninsular.com\/mid\/wp-json\/wp\/v2\/posts\/142972"}],"collection":[{"href":"https:\/\/visionpeninsular.com\/mid\/wp-json\/wp\/v2\/posts"}],"about":[{"href":"https:\/\/visionpeninsular.com\/mid\/wp-json\/wp\/v2\/types\/post"}],"author":[{"embeddable":true,"href":"https:\/\/visionpeninsular.com\/mid\/wp-json\/wp\/v2\/users\/5"}],"replies":[{"embeddable":true,"href":"https:\/\/visionpeninsular.com\/mid\/wp-json\/wp\/v2\/comments?post=142972"}],"version-history":[{"count":1,"href":"https:\/\/visionpeninsular.com\/mid\/wp-json\/wp\/v2\/posts\/142972\/revisions"}],"predecessor-version":[{"id":142980,"href":"https:\/\/visionpeninsular.com\/mid\/wp-json\/wp\/v2\/posts\/142972\/revisions\/142980"}],"wp:featuredmedia":[{"embeddable":true,"href":"https:\/\/visionpeninsular.com\/mid\/wp-json\/wp\/v2\/media\/142973"}],"wp:attachment":[{"href":"https:\/\/visionpeninsular.com\/mid\/wp-json\/wp\/v2\/media?parent=142972"}],"wp:term":[{"taxonomy":"category","embeddable":true,"href":"https:\/\/visionpeninsular.com\/mid\/wp-json\/wp\/v2\/categories?post=142972"},{"taxonomy":"post_tag","embeddable":true,"href":"https:\/\/visionpeninsular.com\/mid\/wp-json\/wp\/v2\/tags?post=142972"}],"curies":[{"name":"wp","href":"https:\/\/api.w.org\/{rel}","templated":true}]}}