{"id":142288,"date":"2021-05-07T13:55:28","date_gmt":"2021-05-07T18:55:28","guid":{"rendered":"http:\/\/visionpeninsular.com\/mid\/?p=142288"},"modified":"2021-05-07T13:55:36","modified_gmt":"2021-05-07T18:55:36","slug":"comienzan-presentaciones-de-la-obra-de-danza-colectiva-en-la-temporada-olimpo","status":"publish","type":"post","link":"https:\/\/visionpeninsular.com\/mid\/comienzan-presentaciones-de-la-obra-de-danza-colectiva-en-la-temporada-olimpo\/","title":{"rendered":"Comienzan presentaciones de la obra de danza \u201cColectiva\u201d, en la Temporada Olimpo"},"content":{"rendered":"\n<p>Para los artistas, habitar de nuevo los espacios culturales es una oportunidad para conocer diferentes emprendimientos creados en la nueva normalidad. La Temporada Olimpo apoya esta semana la din\u00e1mica cultural de la ciudad con contenidos de danza, m\u00fasica, cine y gastronom\u00eda para toda la familia.<\/p>\n\n\n\n<p>\u201cColectiva\u201d es el espect\u00e1culo de danza que inicia su temporada de presentaciones este viernes 7 de mayo. En una idea original y bajo la direcci\u00f3n de la core\u00f3grafa y bailarina Paula Gonz\u00e1lez Rencoret, \u201cColectiva\u201d es una pieza que reflexiona sobre conceptos como colectividad, individualidad, sonoridad y equidad y c\u00f3mo est\u00e1n presentes en las diferentes maneras de relacionarnos en la sociedad contempor\u00e1nea.<\/p>\n\n\n\n<p>La puesta en escena se desarrolla a partir de material autobiogr\u00e1fico, generado por la propia Paula y las artistas co-creadoras Melisabel Correa, Agatha Fukushima y Paula Rechtman, junto con las investigaciones de Marcela Lagarde, Marlene Molero y otras autoras.<\/p>\n\n\n\n<p>Las siguientes funciones ser\u00e1n el 8, 9, 14, 15 y 21 de mayo, todas a las 19:30 horas, para disfrutar en el Auditorio del Centro Cultural de M\u00e9rida Olimpo o por la plataforma cultural midvi.mx.<\/p>\n\n\n\n<p>El Cuarteto Yucat\u00e1n tendr\u00e1 sus \u00faltimas presentaciones con m\u00fasica de c\u00e1mara en \u201cCelebramos Beethoven\u201d, una oportunidad de apreciar la evoluci\u00f3n de estilo de las composiciones para cuarteto de cuerdas del compositor.<\/p>\n\n\n\n<p>El conjunto lo conforman Christoper Collins, Timothy Myall, Nikolay Dimitrov y Nadezda Golubeva. Los conciertos se ofrecen el domingo 9 (a las 6pm) en la asociaci\u00f3n civil \u201cArca de No\u00e9\u201d (funci\u00f3n gratuita) y jueves 13 (a las 7:30pm) en el Auditorio del Olimpo o por la plataforma cultural midvid.mx. A esta \u00faltima funci\u00f3n se requiere boleto electr\u00f3nico de acceso.<\/p>\n\n\n\n<p>Por otro lado, la compa\u00f1\u00eda M\u00e1kinadT y Red Alterna comparten \u201cCaminantes.<\/p>\n\n\n\n<p>Recorrido Ancestral\u201d, una caminata guiada por parques del centro hist\u00f3rico de M\u00e9rida, donde a trav\u00e9s a relatos y actividades se despiertan los sentidos para mirar, ver el paisaje arquitect\u00f3nico y natural y mirarse de otras maneras. La caminata sale este domingo, a las 18:30 horas del Centro Cultural Olimpo y culmina en el parque de Santa Luc\u00eda.<\/p>\n\n\n\n<p>En los Ciclos de Cine de la semana, el Centro Cultural del Sur celebrar\u00e1 a las mam\u00e1s con cuatro divertidas funciones: \u201cMamma M\u00eda\u201d, \u201cD\u00eda de las Madres\u201d, \u201cSi te casas\u2026te mato\u201d y \u201cQu\u00e9date a mi lado\u201d. Las proyecciones son de jueves a domingo, a las 4 y 6 de la tarde.<\/p>\n\n\n\n<p>En la Videosala del Olimpo, de viernes a domingo se proyectar\u00e1n \u201cEl Pianista\u201d, \u201cEl tren de la vida\u201d y \u201cLa lista de Schindler\u201d, respectivamente, a las 17:30 horas, en el ciclo dedicado a pel\u00edculas enmarcadas a finales de la II Guerra Mundial.<\/p>\n\n\n\n<p>La gastronom\u00eda es otro de los emprendimientos presentes en Olimpo Cultura. El Taller de Easy Eats est\u00e1 dirigido a padres de familia y ofrece informaci\u00f3n para conocer el estado nutricional de los hijos y estrategias para llegar a una alimentaci\u00f3n m\u00e1s saludable. Los informes, boletos e inscripciones se reciben al tel\u00e9fono 9999-097428 con Seidy Guti\u00e9rrez y el curso se realiza el s\u00e1bado 8, a las 10:00 horas en la Videosala del Olimpo.<\/p>\n\n\n\n<p>El martes 11, Alejandro Borges presenta 12 canciones recientes de su material \u201cInevitable\u201d, con ritmos de funk y balada, en una transmisi\u00f3n mediante la plataforma midvi.mx a las 20:00 horas.<\/p>\n\n\n\n<p>A excepci\u00f3n de los ciclos de cine, donde la entrada es gratuita, para todos los proyectos es necesario entrar a TusBoletos.mx para adquirir los accesos, en apoyo solidario con los artistas. Para los eventos presenciales se cuenta con aforos controlados y se cuentan con los protocolos de salud para una visita segura.<\/p>\n\n\n\n<p>En merida.gob.mx\/capitalcultural puedes encontrar m\u00e1s contenidos y eventos.<\/p>\n<div class='share-to-whatsapp-wrapper'><div class='share-on-whsp'>Share on: <\/div><a data-text='Comienzan presentaciones de la obra de danza \u201cColectiva\u201d, en la Temporada Olimpo' data-link='https:\/\/visionpeninsular.com\/mid\/comienzan-presentaciones-de-la-obra-de-danza-colectiva-en-la-temporada-olimpo\/' class='whatsapp-button whatsapp-share'>WhatsApp<\/a><div class='clear '><\/div><\/div>","protected":false},"excerpt":{"rendered":"<p>Para los artistas, habitar de nuevo los espacios culturales es una oportunidad para conocer diferentes emprendimientos creados en la nueva normalidad. La Temporada Olimpo apoya esta semana la din\u00e1mica cultural de la ciudad con contenidos de danza, m\u00fasica, cine y gastronom\u00eda para toda la familia. \u201cColectiva\u201d es el espect\u00e1culo de danza que inicia su temporada &hellip;<\/p>\n","protected":false},"author":5,"featured_media":142289,"comment_status":"open","ping_status":"open","sticky":false,"template":"","format":"standard","meta":{"_mi_skip_tracking":false},"categories":[49,37],"tags":[13587,14548,9066,9639,4754,2757,12181],"_links":{"self":[{"href":"https:\/\/visionpeninsular.com\/mid\/wp-json\/wp\/v2\/posts\/142288"}],"collection":[{"href":"https:\/\/visionpeninsular.com\/mid\/wp-json\/wp\/v2\/posts"}],"about":[{"href":"https:\/\/visionpeninsular.com\/mid\/wp-json\/wp\/v2\/types\/post"}],"author":[{"embeddable":true,"href":"https:\/\/visionpeninsular.com\/mid\/wp-json\/wp\/v2\/users\/5"}],"replies":[{"embeddable":true,"href":"https:\/\/visionpeninsular.com\/mid\/wp-json\/wp\/v2\/comments?post=142288"}],"version-history":[{"count":1,"href":"https:\/\/visionpeninsular.com\/mid\/wp-json\/wp\/v2\/posts\/142288\/revisions"}],"predecessor-version":[{"id":142290,"href":"https:\/\/visionpeninsular.com\/mid\/wp-json\/wp\/v2\/posts\/142288\/revisions\/142290"}],"wp:featuredmedia":[{"embeddable":true,"href":"https:\/\/visionpeninsular.com\/mid\/wp-json\/wp\/v2\/media\/142289"}],"wp:attachment":[{"href":"https:\/\/visionpeninsular.com\/mid\/wp-json\/wp\/v2\/media?parent=142288"}],"wp:term":[{"taxonomy":"category","embeddable":true,"href":"https:\/\/visionpeninsular.com\/mid\/wp-json\/wp\/v2\/categories?post=142288"},{"taxonomy":"post_tag","embeddable":true,"href":"https:\/\/visionpeninsular.com\/mid\/wp-json\/wp\/v2\/tags?post=142288"}],"curies":[{"name":"wp","href":"https:\/\/api.w.org\/{rel}","templated":true}]}}