{"id":142211,"date":"2021-05-05T10:43:10","date_gmt":"2021-05-05T15:43:10","guid":{"rendered":"http:\/\/visionpeninsular.com\/mid\/?p=142211"},"modified":"2021-05-05T10:43:14","modified_gmt":"2021-05-05T15:43:14","slug":"renan-barrera-pide-al-gobierno-de-mexico-vacunar-a-trabajadores-del-sector-turismo","status":"publish","type":"post","link":"https:\/\/visionpeninsular.com\/mid\/renan-barrera-pide-al-gobierno-de-mexico-vacunar-a-trabajadores-del-sector-turismo\/","title":{"rendered":"Ren\u00e1n Barrera pide al Gobierno de M\u00e9xico vacunar a trabajadores del sector turismo"},"content":{"rendered":"\n<p><em>El abanderado panista a la Presidencia Municipal subraya que \u201cM\u00e1s M\u00e9rida\u201d tambi\u00e9n es brindarle apoyo y seguridad a quienes inyectan recursos al municipio<\/em><\/p>\n\n\n\n<p>M\u00e9rida, 4 de mayo de 2021. En aras de impulsar la reactivaci\u00f3n econ\u00f3mica de M\u00e9rida, el candidato del PAN a la Presidencia Municipal, Ren\u00e1n Barrera Concha, propuso que la vacunaci\u00f3n contra el SARS-CoV-2 (COVID-19) se extienda al sector tur\u00edstico.<\/p>\n\n\n\n<p>Desde el parque de Santa Luc\u00eda, ubicado en el coraz\u00f3n del Centro Hist\u00f3rico de M\u00e9rida, el abanderado panista, subray\u00f3 que gestionar\u00e1 hasta el l\u00edmite de sus posibilidades, que se implemente una pol\u00edtica de blindaje de salud al sector de turismo y servicios del municipio.<\/p>\n\n\n\n<figure class=\"wp-block-image size-large\"><a href=\"http:\/\/visionpeninsular.com\/mid\/wp-content\/uploads\/2021\/05\/WhatsApp-Image-2021-05-04-at-9.33.13-PM.jpeg\"><img loading=\"lazy\" width=\"1024\" height=\"682\" src=\"http:\/\/visionpeninsular.com\/mid\/wp-content\/uploads\/2021\/05\/WhatsApp-Image-2021-05-04-at-9.33.13-PM-1024x682.jpeg\" alt=\"\" class=\"wp-image-142213\" srcset=\"https:\/\/visionpeninsular.com\/mid\/wp-content\/uploads\/2021\/05\/WhatsApp-Image-2021-05-04-at-9.33.13-PM-1024x682.jpeg 1024w, https:\/\/visionpeninsular.com\/mid\/wp-content\/uploads\/2021\/05\/WhatsApp-Image-2021-05-04-at-9.33.13-PM-300x200.jpeg 300w, https:\/\/visionpeninsular.com\/mid\/wp-content\/uploads\/2021\/05\/WhatsApp-Image-2021-05-04-at-9.33.13-PM-768x512.jpeg 768w, https:\/\/visionpeninsular.com\/mid\/wp-content\/uploads\/2021\/05\/WhatsApp-Image-2021-05-04-at-9.33.13-PM-310x205.jpeg 310w, https:\/\/visionpeninsular.com\/mid\/wp-content\/uploads\/2021\/05\/WhatsApp-Image-2021-05-04-at-9.33.13-PM.jpeg 1280w\" sizes=\"(max-width: 1024px) 100vw, 1024px\" \/><\/a><\/figure>\n\n\n\n<p>\u201cComo Alcalde fui en\u00e9rgico al solicitar que las vacunas para personas de la tercera edad lleguen a M\u00e9rida, ahora como candidato me corresponde, por convicci\u00f3n, impulsar que M\u00e9rida tenga el blindaje sanitario a sus servicios hoteleros, restauranteros y de viajes y tal vez lograr, en la medida de lo posible, que la experiencia se replique en otros municipios para una pronta recuperaci\u00f3n econ\u00f3mica\u201d, remarc\u00f3.<\/p>\n\n\n\n<p>\u201cSi M\u00e9xico tomara este blindaje como un asunto nacional la temporada de turismo podr\u00eda levantar como siempre en verano luego de un a\u00f1o desastroso para este rubro\u201d, enfatiz\u00f3.<\/p>\n\n\n\n<p>Acompa\u00f1ado de los gu\u00edas de turistas Edgar Dzul y Pablo Interi\u00e1n, Ren\u00e1n Barrera dijo que esta medida es urgente, ya que en los pr\u00f3ximos meses iniciar\u00e1 la temporada alta vacacional, que podr\u00eda atraer a un buen n\u00famero de los 200 millones de personas que ya han sido vacunadas en los Estados Unidos.<\/p>\n\n\n\n<figure class=\"wp-block-image size-large\"><a href=\"http:\/\/visionpeninsular.com\/mid\/wp-content\/uploads\/2021\/05\/WhatsApp-Image-2021-05-04-at-9.33.13-PM-1.jpeg\"><img loading=\"lazy\" width=\"1024\" height=\"683\" src=\"http:\/\/visionpeninsular.com\/mid\/wp-content\/uploads\/2021\/05\/WhatsApp-Image-2021-05-04-at-9.33.13-PM-1-1024x683.jpeg\" alt=\"\" class=\"wp-image-142214\" srcset=\"https:\/\/visionpeninsular.com\/mid\/wp-content\/uploads\/2021\/05\/WhatsApp-Image-2021-05-04-at-9.33.13-PM-1-1024x683.jpeg 1024w, https:\/\/visionpeninsular.com\/mid\/wp-content\/uploads\/2021\/05\/WhatsApp-Image-2021-05-04-at-9.33.13-PM-1-300x200.jpeg 300w, https:\/\/visionpeninsular.com\/mid\/wp-content\/uploads\/2021\/05\/WhatsApp-Image-2021-05-04-at-9.33.13-PM-1-768x512.jpeg 768w, https:\/\/visionpeninsular.com\/mid\/wp-content\/uploads\/2021\/05\/WhatsApp-Image-2021-05-04-at-9.33.13-PM-1.jpeg 1280w\" sizes=\"(max-width: 1024px) 100vw, 1024px\" \/><\/a><\/figure>\n\n\n\n<p>\u201cSi logr\u00e1ramos las 72,000 vacunas para el sector tur\u00edstico y de servicios podr\u00edamos a\u00f1adir a la belleza de nuestra ciudad la certeza de un buen manejo de bioseguridad. Algunos pa\u00edses de competencia directa con M\u00e9xico lo est\u00e1n haciendo ya\u201d, manifest\u00f3.<\/p>\n\n\n\n<p>Si pudi\u00e9ramos realizar esta acci\u00f3n, entonces ser\u00edamos un municipio piloto de reactivaci\u00f3n econ\u00f3mica nacional. Ustedes tendr\u00edan certeza de salud, el destino pudiera a\u00f1adir a su marca esa virtud y nuestro sector productivo recuperar\u00eda m\u00e1s tempano que tarde su vigor, enfatiz\u00f3.<\/p>\n\n\n\n<figure class=\"wp-block-image size-large\"><a href=\"http:\/\/visionpeninsular.com\/mid\/wp-content\/uploads\/2021\/05\/WhatsApp-Image-2021-05-04-at-9.33.13-PM-2.jpeg\"><img loading=\"lazy\" width=\"1024\" height=\"682\" src=\"http:\/\/visionpeninsular.com\/mid\/wp-content\/uploads\/2021\/05\/WhatsApp-Image-2021-05-04-at-9.33.13-PM-2-1024x682.jpeg\" alt=\"\" class=\"wp-image-142215\" srcset=\"https:\/\/visionpeninsular.com\/mid\/wp-content\/uploads\/2021\/05\/WhatsApp-Image-2021-05-04-at-9.33.13-PM-2-1024x682.jpeg 1024w, https:\/\/visionpeninsular.com\/mid\/wp-content\/uploads\/2021\/05\/WhatsApp-Image-2021-05-04-at-9.33.13-PM-2-300x200.jpeg 300w, https:\/\/visionpeninsular.com\/mid\/wp-content\/uploads\/2021\/05\/WhatsApp-Image-2021-05-04-at-9.33.13-PM-2-768x512.jpeg 768w, https:\/\/visionpeninsular.com\/mid\/wp-content\/uploads\/2021\/05\/WhatsApp-Image-2021-05-04-at-9.33.13-PM-2-310x205.jpeg 310w, https:\/\/visionpeninsular.com\/mid\/wp-content\/uploads\/2021\/05\/WhatsApp-Image-2021-05-04-at-9.33.13-PM-2.jpeg 1280w\" sizes=\"(max-width: 1024px) 100vw, 1024px\" \/><\/a><\/figure>\n\n\n\n<p>El aspirante panista indic\u00f3 que \u201cM\u00e1s M\u00e9rida\u201d tambi\u00e9n es brindarle apoyo y seguridad a quienes inyectan econom\u00eda al municipio, ya que son defensores de la identidad y cultura del municipio que tanto maravillan al mundo.<\/p>\n\n\n\n<p>\u201cNada nos gustar\u00eda m\u00e1s que ver a M\u00e9rida de pie, recibiendo a muchos visitantes y a ustedes recuperando esa hermosa misi\u00f3n de mostrar los encantos y las maravillas de M\u00e9rida\u201d, continu\u00f3.<\/p>\n\n\n\n<figure class=\"wp-block-image size-large\"><a href=\"http:\/\/visionpeninsular.com\/mid\/wp-content\/uploads\/2021\/05\/WhatsApp-Image-2021-05-04-at-9.33.14-PM-1.jpeg\"><img loading=\"lazy\" width=\"1024\" height=\"682\" src=\"http:\/\/visionpeninsular.com\/mid\/wp-content\/uploads\/2021\/05\/WhatsApp-Image-2021-05-04-at-9.33.14-PM-1-1024x682.jpeg\" alt=\"\" class=\"wp-image-142216\" srcset=\"https:\/\/visionpeninsular.com\/mid\/wp-content\/uploads\/2021\/05\/WhatsApp-Image-2021-05-04-at-9.33.14-PM-1-1024x682.jpeg 1024w, https:\/\/visionpeninsular.com\/mid\/wp-content\/uploads\/2021\/05\/WhatsApp-Image-2021-05-04-at-9.33.14-PM-1-300x200.jpeg 300w, https:\/\/visionpeninsular.com\/mid\/wp-content\/uploads\/2021\/05\/WhatsApp-Image-2021-05-04-at-9.33.14-PM-1-768x512.jpeg 768w, https:\/\/visionpeninsular.com\/mid\/wp-content\/uploads\/2021\/05\/WhatsApp-Image-2021-05-04-at-9.33.14-PM-1-310x205.jpeg 310w, https:\/\/visionpeninsular.com\/mid\/wp-content\/uploads\/2021\/05\/WhatsApp-Image-2021-05-04-at-9.33.14-PM-1.jpeg 1280w\" sizes=\"(max-width: 1024px) 100vw, 1024px\" \/><\/a><\/figure>\n\n\n\n<p>Por eso hoy, le decimos a los gu\u00edas de turistas, a los caleseros, a todas y todos los prestadores de servicios tur\u00edsticos, camareros, meseros, restauranteros; que siempre contar\u00e1n con nosotros para gestionar las medidas que m\u00e1s r\u00e1pido y m\u00e1s eficazmente nos permitan recuperar la normalidad, abund\u00f3.<\/p>\n\n\n\n<p>Finalmente, Ren\u00e1n Barrera asegur\u00f3 que alzar\u00e1 la voz de manera respetuosa para que esta petici\u00f3n llegue a los niveles nacionales. Hizo \u00e9nfasis en que M\u00e9rida tiene una comunidad turistera fuerte y bien organizada, con empresarios s\u00f3lidos e influyentes, pero sobre todo cuenta con experiencia de negociaci\u00f3n y de di\u00e1logo con Fonatur, con la Secretaria de Turismo y otros \u00f3rdenes de gobierno.<\/p>\n\n\n\n<figure class=\"wp-block-embed is-type-rich is-provider-twitter wp-block-embed-twitter\"><div class=\"wp-block-embed__wrapper\">\n<blockquote class=\"twitter-tweet\" data-width=\"550\" data-dnt=\"true\"><p lang=\"es\" dir=\"ltr\">? <a href=\"https:\/\/twitter.com\/hashtag\/EnVivo?src=hash&amp;ref_src=twsrc%5Etfw\">#EnVivo<\/a> | Vacunas al sector tur\u00edstico para una reactivaci\u00f3n econ\u00f3mica segura que impulse el turismo local y genere <a href=\"https:\/\/twitter.com\/hashtag\/M%C3%A1sCambios?src=hash&amp;ref_src=twsrc%5Etfw\">#M\u00e1sCambios<\/a> y <a href=\"https:\/\/twitter.com\/hashtag\/M%C3%A1sCalidadDeVida?src=hash&amp;ref_src=twsrc%5Etfw\">#M\u00e1sCalidadDeVida<\/a>. <a href=\"https:\/\/twitter.com\/hashtag\/M%C3%A1sM%C3%A9rida?src=hash&amp;ref_src=twsrc%5Etfw\">#M\u00e1sM\u00e9rida<\/a> <a href=\"https:\/\/t.co\/14MtfoWP0M\">https:\/\/t.co\/14MtfoWP0M<\/a><\/p>&mdash; Ren\u00e1n Barrera (@RenanBarrera) <a href=\"https:\/\/twitter.com\/RenanBarrera\/status\/1389627203202306050?ref_src=twsrc%5Etfw\">May 4, 2021<\/a><\/blockquote><script async src=\"https:\/\/platform.twitter.com\/widgets.js\" charset=\"utf-8\"><\/script>\n<\/div><\/figure>\n<div class='share-to-whatsapp-wrapper'><div class='share-on-whsp'>Share on: <\/div><a data-text='Ren\u00e1n Barrera pide al Gobierno de M\u00e9xico vacunar a trabajadores del sector turismo' data-link='https:\/\/visionpeninsular.com\/mid\/renan-barrera-pide-al-gobierno-de-mexico-vacunar-a-trabajadores-del-sector-turismo\/' class='whatsapp-button whatsapp-share'>WhatsApp<\/a><div class='clear '><\/div><\/div>","protected":false},"excerpt":{"rendered":"<p>El abanderado panista a la Presidencia Municipal subraya que \u201cM\u00e1s M\u00e9rida\u201d tambi\u00e9n es brindarle apoyo y seguridad a quienes inyectan recursos al municipio M\u00e9rida, 4 de mayo de 2021. En aras de impulsar la reactivaci\u00f3n econ\u00f3mica de M\u00e9rida, el candidato del PAN a la Presidencia Municipal, Ren\u00e1n Barrera Concha, propuso que la vacunaci\u00f3n contra el &hellip;<\/p>\n","protected":false},"author":5,"featured_media":142212,"comment_status":"open","ping_status":"open","sticky":false,"template":"","format":"standard","meta":{"_mi_skip_tracking":false},"categories":[49,37],"tags":[26828,27034,805,5338],"_links":{"self":[{"href":"https:\/\/visionpeninsular.com\/mid\/wp-json\/wp\/v2\/posts\/142211"}],"collection":[{"href":"https:\/\/visionpeninsular.com\/mid\/wp-json\/wp\/v2\/posts"}],"about":[{"href":"https:\/\/visionpeninsular.com\/mid\/wp-json\/wp\/v2\/types\/post"}],"author":[{"embeddable":true,"href":"https:\/\/visionpeninsular.com\/mid\/wp-json\/wp\/v2\/users\/5"}],"replies":[{"embeddable":true,"href":"https:\/\/visionpeninsular.com\/mid\/wp-json\/wp\/v2\/comments?post=142211"}],"version-history":[{"count":1,"href":"https:\/\/visionpeninsular.com\/mid\/wp-json\/wp\/v2\/posts\/142211\/revisions"}],"predecessor-version":[{"id":142217,"href":"https:\/\/visionpeninsular.com\/mid\/wp-json\/wp\/v2\/posts\/142211\/revisions\/142217"}],"wp:featuredmedia":[{"embeddable":true,"href":"https:\/\/visionpeninsular.com\/mid\/wp-json\/wp\/v2\/media\/142212"}],"wp:attachment":[{"href":"https:\/\/visionpeninsular.com\/mid\/wp-json\/wp\/v2\/media?parent=142211"}],"wp:term":[{"taxonomy":"category","embeddable":true,"href":"https:\/\/visionpeninsular.com\/mid\/wp-json\/wp\/v2\/categories?post=142211"},{"taxonomy":"post_tag","embeddable":true,"href":"https:\/\/visionpeninsular.com\/mid\/wp-json\/wp\/v2\/tags?post=142211"}],"curies":[{"name":"wp","href":"https:\/\/api.w.org\/{rel}","templated":true}]}}