{"id":142051,"date":"2021-04-29T12:08:23","date_gmt":"2021-04-29T17:08:23","guid":{"rendered":"http:\/\/visionpeninsular.com\/mid\/?p=142051"},"modified":"2021-04-29T12:08:31","modified_gmt":"2021-04-29T17:08:31","slug":"por-mas-merida-con-propuestas-viables-y-efectivas-renan-barrera","status":"publish","type":"post","link":"https:\/\/visionpeninsular.com\/mid\/por-mas-merida-con-propuestas-viables-y-efectivas-renan-barrera\/","title":{"rendered":"Por M\u00e1s M\u00e9rida con propuestas viables y efectivas: Ren\u00e1n Barrera"},"content":{"rendered":"\n<p><em>El candidato a la alcald\u00eda de Acci\u00f3n Nacional expone sus proyectos en el Foro C \u201cConciencia, Consenso, Compromiso\u201d, organizado por el Club Liban\u00e9s de M\u00e9rida<\/em><\/p>\n\n\n\n<p>M\u00e9rida, 28 de abril de 2021. El candidato del PAN a la alcald\u00eda, Ren\u00e1n Barrera Concha, particip\u00f3 esta noche en el Foro C \u201cConciencia, Consenso, Compromiso\u201d, organizado por el Club Liban\u00e9s de M\u00e9rida, donde expuso parte de las propuestas que conforman su proyecto \u201cM\u00e1s M\u00e9rida\u201d.<\/p>\n\n\n\n<figure class=\"wp-block-image size-large\"><a href=\"http:\/\/visionpeninsular.com\/mid\/wp-content\/uploads\/2021\/04\/WhatsApp-Image-2021-04-28-at-11.43.28-PM.jpeg\"><img loading=\"lazy\" width=\"1024\" height=\"682\" src=\"http:\/\/visionpeninsular.com\/mid\/wp-content\/uploads\/2021\/04\/WhatsApp-Image-2021-04-28-at-11.43.28-PM-1024x682.jpeg\" alt=\"\" class=\"wp-image-142053\" srcset=\"https:\/\/visionpeninsular.com\/mid\/wp-content\/uploads\/2021\/04\/WhatsApp-Image-2021-04-28-at-11.43.28-PM-1024x682.jpeg 1024w, https:\/\/visionpeninsular.com\/mid\/wp-content\/uploads\/2021\/04\/WhatsApp-Image-2021-04-28-at-11.43.28-PM-300x200.jpeg 300w, https:\/\/visionpeninsular.com\/mid\/wp-content\/uploads\/2021\/04\/WhatsApp-Image-2021-04-28-at-11.43.28-PM-768x512.jpeg 768w, https:\/\/visionpeninsular.com\/mid\/wp-content\/uploads\/2021\/04\/WhatsApp-Image-2021-04-28-at-11.43.28-PM-310x205.jpeg 310w, https:\/\/visionpeninsular.com\/mid\/wp-content\/uploads\/2021\/04\/WhatsApp-Image-2021-04-28-at-11.43.28-PM.jpeg 1280w\" sizes=\"(max-width: 1024px) 100vw, 1024px\" \/><\/a><\/figure>\n\n\n\n<p>\u201cHoy en d\u00eda puedo asegurar que M\u00e1s M\u00e9rida es saber que vamos por la v\u00eda correcta y que el camino es la consolidaci\u00f3n de todo lo bueno que ya ven\u00edamos haciendo, es reforzar todo lo positivo que hemos logrado\u201d, subray\u00f3.<\/p>\n\n\n\n<p>Los retos y desaf\u00edos que tiene M\u00e9rida son producto de una ciudad exitosa que mantiene su seguridad, altos \u00edndices de calidad de vida e infraestructura, adem\u00e1s de que ofrece certeza jur\u00eddica para la inversi\u00f3n.<\/p>\n\n\n\n<figure class=\"wp-block-image size-large\"><a href=\"http:\/\/visionpeninsular.com\/mid\/wp-content\/uploads\/2021\/04\/WhatsApp-Image-2021-04-28-at-11.43.29-PM-3.jpeg\"><img loading=\"lazy\" width=\"1024\" height=\"682\" src=\"http:\/\/visionpeninsular.com\/mid\/wp-content\/uploads\/2021\/04\/WhatsApp-Image-2021-04-28-at-11.43.29-PM-3-1024x682.jpeg\" alt=\"\" class=\"wp-image-142054\" srcset=\"https:\/\/visionpeninsular.com\/mid\/wp-content\/uploads\/2021\/04\/WhatsApp-Image-2021-04-28-at-11.43.29-PM-3-1024x682.jpeg 1024w, https:\/\/visionpeninsular.com\/mid\/wp-content\/uploads\/2021\/04\/WhatsApp-Image-2021-04-28-at-11.43.29-PM-3-300x200.jpeg 300w, https:\/\/visionpeninsular.com\/mid\/wp-content\/uploads\/2021\/04\/WhatsApp-Image-2021-04-28-at-11.43.29-PM-3-768x512.jpeg 768w, https:\/\/visionpeninsular.com\/mid\/wp-content\/uploads\/2021\/04\/WhatsApp-Image-2021-04-28-at-11.43.29-PM-3-310x205.jpeg 310w, https:\/\/visionpeninsular.com\/mid\/wp-content\/uploads\/2021\/04\/WhatsApp-Image-2021-04-28-at-11.43.29-PM-3.jpeg 1280w\" sizes=\"(max-width: 1024px) 100vw, 1024px\" \/><\/a><\/figure>\n\n\n\n<p>En ese sentido, Barrera Concha manifest\u00f3 que su proyecto est\u00e1 enfocado en dos pilares trascendentales para la actualidad: salud y reactivaci\u00f3n econ\u00f3mica, retos que solo se conseguir\u00e1 superar con el&nbsp; acompa\u00f1amiento de todos los sectores de la sociedad.<\/p>\n\n\n\n<figure class=\"wp-block-image size-large\"><a href=\"http:\/\/visionpeninsular.com\/mid\/wp-content\/uploads\/2021\/04\/WhatsApp-Image-2021-04-28-at-11.43.29-PM-2.jpeg\"><img loading=\"lazy\" width=\"1024\" height=\"682\" src=\"http:\/\/visionpeninsular.com\/mid\/wp-content\/uploads\/2021\/04\/WhatsApp-Image-2021-04-28-at-11.43.29-PM-2-1024x682.jpeg\" alt=\"\" class=\"wp-image-142055\" srcset=\"https:\/\/visionpeninsular.com\/mid\/wp-content\/uploads\/2021\/04\/WhatsApp-Image-2021-04-28-at-11.43.29-PM-2-1024x682.jpeg 1024w, https:\/\/visionpeninsular.com\/mid\/wp-content\/uploads\/2021\/04\/WhatsApp-Image-2021-04-28-at-11.43.29-PM-2-300x200.jpeg 300w, https:\/\/visionpeninsular.com\/mid\/wp-content\/uploads\/2021\/04\/WhatsApp-Image-2021-04-28-at-11.43.29-PM-2-768x512.jpeg 768w, https:\/\/visionpeninsular.com\/mid\/wp-content\/uploads\/2021\/04\/WhatsApp-Image-2021-04-28-at-11.43.29-PM-2-310x205.jpeg 310w, https:\/\/visionpeninsular.com\/mid\/wp-content\/uploads\/2021\/04\/WhatsApp-Image-2021-04-28-at-11.43.29-PM-2.jpeg 1280w\" sizes=\"(max-width: 1024px) 100vw, 1024px\" \/><\/a><\/figure>\n\n\n\n<p>Durante el foro, en el que tambi\u00e9n participaron los candidatos a diputados Cecilia Patr\u00f3n Laviada, del IV Distrito Federal; Rommel Pacheco Marrufo, del III Distrito Federal y V\u00edctor Hugo Lozano Poveda, del IV Distrito Local, el abanderado panista remarc\u00f3 que hoy M\u00e9rida necesita proyectos y programas viables y efectivos que abonen al desarrollo del Municipio.<\/p>\n\n\n\n<p>&#8220;La propuesta de M\u00e1s M\u00e9rida est\u00e1 dividida en seis ejes fundamentales que se desdoblan a su vez en acciones concretas que van en funci\u00f3n del momento en el que estamos, en el que mucho tiene que ver el tema de la pandemia, y a trav\u00e9s de las cuales llevaremos a M\u00e9rida hacia un mejor destino en los pr\u00f3ximos tres a\u00f1os.<\/p>\n\n\n\n<p>Esta semana iniciamos con el eje &#8220;M\u00e9rida, la Ciudad Sustentable de M\u00e9xico&#8221;, en el que incluimos propuestas del cuidado de la fauna, arborizaci\u00f3n, reciclaje, entre otros.<\/p>\n\n\n\n<p>&#8220;M\u00e9rida m\u00e1s incluyente&#8221; que est\u00e1 enfocado a responderle a toda la ciudadan\u00eda por igual, para que todas y todos tengan la misma oportunidad de desarrollo.<\/p>\n\n\n\n<p>Despu\u00e9s seguiremos con &#8220;M\u00e9rida m\u00e1s segura&#8221;, que abarca relacionado con temas de seguridad para&nbsp; mantener esa paz que disfrutamos en la actualidad.<\/p>\n\n\n\n<p>&#8220;M\u00e1s cambios, M\u00e1s calidad de vida&#8221;, en este eje vamos a perfeccionar el tema de la infraestructura, garantizar mejores servicios p\u00fablicos, invertir en tecnolog\u00eda y por supuesto, desarrollar m\u00e1s y mejor infraestructura vial para la conectividad de la ciudad.<\/p>\n\n\n\n<p>En el cap\u00edtulo econ\u00f3mico tenemos &#8220;M\u00e1s M\u00e9rida innovadora y con oportunidades&#8221; y finalmente un eje transversal que estar\u00e1 a los largo de estos temas es el que tiene que ver con la salud, &#8220;M\u00e1s M\u00e9rida saludable&#8221;.<\/p>\n\n\n\n<p>En su participaci\u00f3n, Barrera Concha expuso temas sobre el reforzamiento de los servicios p\u00fablicos, desarrollo econ\u00f3mico y recuperaci\u00f3n de empleos, promoci\u00f3n y crecimiento del sector tur\u00edstico, sustentabilidad; programas de cultura y deporte, fortalecimiento de la estructura del Consejo de Colaboraci\u00f3n Municipal para el Seguimiento del Presupuesto de Egresos del Municipio de M\u00e9rida, entre otros.<\/p>\n\n\n\n<p>Al inicio del foro, el presidente del Club Liban\u00e9s de M\u00e9rida, Sergio As\u00eds Abraham, explic\u00f3 que el &#8220;Foro C&#8230; Conciencia, Consenso y Compromiso&#8221; es un espacio respetuoso y neutral que promueve la toma de conciencia sobre temas clave en el \u00e1mbito pol\u00edtico, social y\/o cultural entre los miembros del club, teniendo como base el intercambio de opiniones, ideas e inquietudes.<\/p>\n\n\n\n<p>A trav\u00e9s del foro, dijo, elegimos el camino del consenso para identificar las iniciativas de inter\u00e9s superior para la comunidad y sobre las&nbsp; cuales se establezca un compromiso para su oportuna atenci\u00f3n y seguimiento.<\/p>\n\n\n\n<p>En el foro tambi\u00e9n estuvieron presentes las y los candidatos a diputados locales Jes\u00fas P\u00e9rez, del Distrito I; Abril Ferreyro, del Distrito II; Karem Achach, del Distrito III; Karla Salazar, del Distrito V y Dafn\u00e9 L\u00f3pez, del Distrito VII.<\/p>\n<div class='share-to-whatsapp-wrapper'><div class='share-on-whsp'>Share on: <\/div><a data-text='Por M\u00e1s M\u00e9rida con propuestas viables y efectivas: Ren\u00e1n Barrera' data-link='https:\/\/visionpeninsular.com\/mid\/por-mas-merida-con-propuestas-viables-y-efectivas-renan-barrera\/' class='whatsapp-button whatsapp-share'>WhatsApp<\/a><div class='clear '><\/div><\/div>","protected":false},"excerpt":{"rendered":"<p>El candidato a la alcald\u00eda de Acci\u00f3n Nacional expone sus proyectos en el Foro C \u201cConciencia, Consenso, Compromiso\u201d, organizado por el Club Liban\u00e9s de M\u00e9rida M\u00e9rida, 28 de abril de 2021. El candidato del PAN a la alcald\u00eda, Ren\u00e1n Barrera Concha, particip\u00f3 esta noche en el Foro C \u201cConciencia, Consenso, Compromiso\u201d, organizado por el Club &hellip;<\/p>\n","protected":false},"author":5,"featured_media":142052,"comment_status":"open","ping_status":"open","sticky":false,"template":"","format":"standard","meta":{"_mi_skip_tracking":false},"categories":[49,37],"tags":[26679,26965,26964,5338],"_links":{"self":[{"href":"https:\/\/visionpeninsular.com\/mid\/wp-json\/wp\/v2\/posts\/142051"}],"collection":[{"href":"https:\/\/visionpeninsular.com\/mid\/wp-json\/wp\/v2\/posts"}],"about":[{"href":"https:\/\/visionpeninsular.com\/mid\/wp-json\/wp\/v2\/types\/post"}],"author":[{"embeddable":true,"href":"https:\/\/visionpeninsular.com\/mid\/wp-json\/wp\/v2\/users\/5"}],"replies":[{"embeddable":true,"href":"https:\/\/visionpeninsular.com\/mid\/wp-json\/wp\/v2\/comments?post=142051"}],"version-history":[{"count":1,"href":"https:\/\/visionpeninsular.com\/mid\/wp-json\/wp\/v2\/posts\/142051\/revisions"}],"predecessor-version":[{"id":142056,"href":"https:\/\/visionpeninsular.com\/mid\/wp-json\/wp\/v2\/posts\/142051\/revisions\/142056"}],"wp:featuredmedia":[{"embeddable":true,"href":"https:\/\/visionpeninsular.com\/mid\/wp-json\/wp\/v2\/media\/142052"}],"wp:attachment":[{"href":"https:\/\/visionpeninsular.com\/mid\/wp-json\/wp\/v2\/media?parent=142051"}],"wp:term":[{"taxonomy":"category","embeddable":true,"href":"https:\/\/visionpeninsular.com\/mid\/wp-json\/wp\/v2\/categories?post=142051"},{"taxonomy":"post_tag","embeddable":true,"href":"https:\/\/visionpeninsular.com\/mid\/wp-json\/wp\/v2\/tags?post=142051"}],"curies":[{"name":"wp","href":"https:\/\/api.w.org\/{rel}","templated":true}]}}