{"id":142039,"date":"2021-04-28T12:26:07","date_gmt":"2021-04-28T17:26:07","guid":{"rendered":"http:\/\/visionpeninsular.com\/mid\/?p=142039"},"modified":"2021-04-28T12:26:12","modified_gmt":"2021-04-28T17:26:12","slug":"prision-preventiva-por-abusar-de-su-hijastra-de-9-anos-en-kanasin","status":"publish","type":"post","link":"https:\/\/visionpeninsular.com\/mid\/prision-preventiva-por-abusar-de-su-hijastra-de-9-anos-en-kanasin\/","title":{"rendered":"Prisi\u00f3n preventiva por abusar  de su hijastra de 9 a\u00f1os en Kanas\u00edn"},"content":{"rendered":"\n<p>Acusado del delito de abuso sexual, Alejandro.P.C. fue vinculado a proceso despu\u00e9s de ser valorados los datos de prueba aportados por la Fiscal\u00eda General del Estado (FGE), obtenidos tras los hechos ocurridos en d\u00edas pasados en el fraccionamiento Fontana de la localidad de Kanas\u00edn; por lo que permanecer\u00e1 en prisi\u00f3n hasta definir su participaci\u00f3n en las acciones denunciadas.<\/p>\n\n\n\n<p>En la audiencia celebrada en el Juzgado Primero de Control del Segundo Distrito Judicial, los fiscales de litigaci\u00f3n expusieron los datos de prueba para definir la situaci\u00f3n legal del encausado, mismos que fueron valorados por la Juez de Control, quien decret\u00f3 el citado auto de vinculaci\u00f3n a proceso, otorgando adem\u00e1s un plazo de cuatro meses para el cierre de la investigaci\u00f3n complementaria.<\/p>\n\n\n\n<p>De acuerdo con la indagatoria realizada por los especialistas de la Fiscal\u00eda, el pasado 19 de abril la denunciante se encontraba durmiendo en su cuarto, cuando escucho quejarse a su hija, quien dorm\u00eda en la sala del predio del citado fraccionamiento, por lo que al acudir a la sala, descubri\u00f3 a su pareja sentimental sometiendo a su hija en su hamaca, por lo que pidi\u00f3 ayuda y se logr\u00f3 detener al imputado, quien fue trasladado a la Fiscal\u00eda, donde se inici\u00f3 la carpeta de investigaci\u00f3n, misma que derivo en la causa penal 31\/2021.<\/p>\n\n\n\n<p>Antes de finalizar con la diligencia judicial, se ratific\u00f3 la medida cautelar de prisi\u00f3n preventiva oficiosa, misma que se mantendr\u00e1 durante todo el proceso hasta esclarecer los hechos imputados.<\/p>\n<div class='share-to-whatsapp-wrapper'><div class='share-on-whsp'>Share on: <\/div><a data-text='Prisi\u00f3n preventiva por abusar  de su hijastra de 9 a\u00f1os en Kanas\u00edn' data-link='https:\/\/visionpeninsular.com\/mid\/prision-preventiva-por-abusar-de-su-hijastra-de-9-anos-en-kanasin\/' class='whatsapp-button whatsapp-share'>WhatsApp<\/a><div class='clear '><\/div><\/div>","protected":false},"excerpt":{"rendered":"<p>Acusado del delito de abuso sexual, Alejandro.P.C. fue vinculado a proceso despu\u00e9s de ser valorados los datos de prueba aportados por la Fiscal\u00eda General del Estado (FGE), obtenidos tras los hechos ocurridos en d\u00edas pasados en el fraccionamiento Fontana de la localidad de Kanas\u00edn; por lo que permanecer\u00e1 en prisi\u00f3n hasta definir su participaci\u00f3n en &hellip;<\/p>\n","protected":false},"author":5,"featured_media":141757,"comment_status":"open","ping_status":"open","sticky":false,"template":"","format":"standard","meta":{"_mi_skip_tracking":false},"categories":[50,37],"tags":[26956,26957,1499],"_links":{"self":[{"href":"https:\/\/visionpeninsular.com\/mid\/wp-json\/wp\/v2\/posts\/142039"}],"collection":[{"href":"https:\/\/visionpeninsular.com\/mid\/wp-json\/wp\/v2\/posts"}],"about":[{"href":"https:\/\/visionpeninsular.com\/mid\/wp-json\/wp\/v2\/types\/post"}],"author":[{"embeddable":true,"href":"https:\/\/visionpeninsular.com\/mid\/wp-json\/wp\/v2\/users\/5"}],"replies":[{"embeddable":true,"href":"https:\/\/visionpeninsular.com\/mid\/wp-json\/wp\/v2\/comments?post=142039"}],"version-history":[{"count":1,"href":"https:\/\/visionpeninsular.com\/mid\/wp-json\/wp\/v2\/posts\/142039\/revisions"}],"predecessor-version":[{"id":142040,"href":"https:\/\/visionpeninsular.com\/mid\/wp-json\/wp\/v2\/posts\/142039\/revisions\/142040"}],"wp:featuredmedia":[{"embeddable":true,"href":"https:\/\/visionpeninsular.com\/mid\/wp-json\/wp\/v2\/media\/141757"}],"wp:attachment":[{"href":"https:\/\/visionpeninsular.com\/mid\/wp-json\/wp\/v2\/media?parent=142039"}],"wp:term":[{"taxonomy":"category","embeddable":true,"href":"https:\/\/visionpeninsular.com\/mid\/wp-json\/wp\/v2\/categories?post=142039"},{"taxonomy":"post_tag","embeddable":true,"href":"https:\/\/visionpeninsular.com\/mid\/wp-json\/wp\/v2\/tags?post=142039"}],"curies":[{"name":"wp","href":"https:\/\/api.w.org\/{rel}","templated":true}]}}