{"id":141993,"date":"2021-04-27T12:28:25","date_gmt":"2021-04-27T17:28:25","guid":{"rendered":"http:\/\/visionpeninsular.com\/mid\/?p=141993"},"modified":"2021-04-27T12:28:34","modified_gmt":"2021-04-27T17:28:34","slug":"iepac-baja-de-la-candidatura-a-william-perez-en-kanasin","status":"publish","type":"post","link":"https:\/\/visionpeninsular.com\/mid\/iepac-baja-de-la-candidatura-a-william-perez-en-kanasin\/","title":{"rendered":"IEPAC baja de la candidatura a William P\u00e9rez en Kanas\u00edn"},"content":{"rendered":"\n<p>El Consejo General del Instituto Electoral y de Participaci\u00f3n Ciudadana (IEPAC), -en una sesi\u00f3n que comenz\u00f3 a las 22:15 y finaliz\u00f3 a las 2:20 de la madrugada &#8211; decidi\u00f3 bajar de la candidatura por la alcald\u00eda de Kanas\u00edn al priista William P\u00e9rez Cabrera, se\u00f1alado de cometer violencia pol\u00edtica en raz\u00f3n de g\u00e9nero.<\/p>\n\n\n\n<p>El colectivo Agenda de las Mujeres por la Igualdad Sustantiva en Yucat\u00e1n (AMISY), a\u00ed como los partidos pol\u00edticos Morena y Movimiento Ciudadano, fueron quienes presentaron dicho recurso contra el candidato luego que \u00e9ste fuera sentenciado el a\u00f1o pasado por el TEEY por ejercer violencia pol\u00edtica en raz\u00f3n de g\u00e9nero en contra de la entonces s\u00edndica municipal X\u00f3chitl Delgado.<\/p>\n\n\n\n<figure class=\"wp-block-image size-large\"><a href=\"http:\/\/visionpeninsular.com\/mid\/wp-content\/uploads\/2021\/04\/William-Perez-1.jpg\"><img loading=\"lazy\" width=\"768\" height=\"432\" src=\"http:\/\/visionpeninsular.com\/mid\/wp-content\/uploads\/2021\/04\/William-Perez-1.jpg\" alt=\"\" class=\"wp-image-141995\" srcset=\"https:\/\/visionpeninsular.com\/mid\/wp-content\/uploads\/2021\/04\/William-Perez-1.jpg 768w, https:\/\/visionpeninsular.com\/mid\/wp-content\/uploads\/2021\/04\/William-Perez-1-300x169.jpg 300w\" sizes=\"(max-width: 768px) 100vw, 768px\" \/><\/a><\/figure>\n\n\n\n<p>&nbsp;En la mencionada sesi\u00f3n, se acord\u00f3 tambi\u00e9n revisar la actuaci\u00f3n del Consejo Municipal Electoral de Kanas\u00edn y la declaraci\u00f3n \u201c3de3\u201d.<\/p>\n\n\n\n<p>El ahora ex candidato public\u00f3 un video en sus redes sociales en el que manifiesta que defender\u00e1 su candidatura hasta las \u00faltimas consecuencias, se\u00f1alando que al pueblo de Kanas\u00edn le corresponde elegir libremente y defender\u00e1 sus derechos pol\u00edticos electorales.<\/p>\n\n\n\n<p>Ahora el Partido Revolucionario Institucional tendr\u00e1 que presentar a un nuevo candidato en un plazo de 48 horas.<\/p>\n\n\n\n<p>Nota Roja: Lamentable la actitud pendenciera, retadora, amenazante del representante del PRI, Mario Farf\u00e1n.<\/p>\n<div class='share-to-whatsapp-wrapper'><div class='share-on-whsp'>Share on: <\/div><a data-text='IEPAC baja de la candidatura a William P\u00e9rez en Kanas\u00edn' data-link='https:\/\/visionpeninsular.com\/mid\/iepac-baja-de-la-candidatura-a-william-perez-en-kanasin\/' class='whatsapp-button whatsapp-share'>WhatsApp<\/a><div class='clear '><\/div><\/div>","protected":false},"excerpt":{"rendered":"<p>El Consejo General del Instituto Electoral y de Participaci\u00f3n Ciudadana (IEPAC), -en una sesi\u00f3n que comenz\u00f3 a las 22:15 y finaliz\u00f3 a las 2:20 de la madrugada &#8211; decidi\u00f3 bajar de la candidatura por la alcald\u00eda de Kanas\u00edn al priista William P\u00e9rez Cabrera, se\u00f1alado de cometer violencia pol\u00edtica en raz\u00f3n de g\u00e9nero. El colectivo Agenda &hellip;<\/p>\n","protected":false},"author":5,"featured_media":141994,"comment_status":"open","ping_status":"open","sticky":false,"template":"","format":"standard","meta":{"_mi_skip_tracking":false},"categories":[49,37],"tags":[12920,26927,1393,1499,66,26928],"_links":{"self":[{"href":"https:\/\/visionpeninsular.com\/mid\/wp-json\/wp\/v2\/posts\/141993"}],"collection":[{"href":"https:\/\/visionpeninsular.com\/mid\/wp-json\/wp\/v2\/posts"}],"about":[{"href":"https:\/\/visionpeninsular.com\/mid\/wp-json\/wp\/v2\/types\/post"}],"author":[{"embeddable":true,"href":"https:\/\/visionpeninsular.com\/mid\/wp-json\/wp\/v2\/users\/5"}],"replies":[{"embeddable":true,"href":"https:\/\/visionpeninsular.com\/mid\/wp-json\/wp\/v2\/comments?post=141993"}],"version-history":[{"count":1,"href":"https:\/\/visionpeninsular.com\/mid\/wp-json\/wp\/v2\/posts\/141993\/revisions"}],"predecessor-version":[{"id":141996,"href":"https:\/\/visionpeninsular.com\/mid\/wp-json\/wp\/v2\/posts\/141993\/revisions\/141996"}],"wp:featuredmedia":[{"embeddable":true,"href":"https:\/\/visionpeninsular.com\/mid\/wp-json\/wp\/v2\/media\/141994"}],"wp:attachment":[{"href":"https:\/\/visionpeninsular.com\/mid\/wp-json\/wp\/v2\/media?parent=141993"}],"wp:term":[{"taxonomy":"category","embeddable":true,"href":"https:\/\/visionpeninsular.com\/mid\/wp-json\/wp\/v2\/categories?post=141993"},{"taxonomy":"post_tag","embeddable":true,"href":"https:\/\/visionpeninsular.com\/mid\/wp-json\/wp\/v2\/tags?post=141993"}],"curies":[{"name":"wp","href":"https:\/\/api.w.org\/{rel}","templated":true}]}}