{"id":141314,"date":"2021-04-03T09:46:58","date_gmt":"2021-04-03T15:46:58","guid":{"rendered":"http:\/\/visionpeninsular.com\/mid\/?p=141314"},"modified":"2021-04-03T09:47:03","modified_gmt":"2021-04-03T15:47:03","slug":"amisy-continua-denunciando-violencia-politica-de-genero","status":"publish","type":"post","link":"https:\/\/visionpeninsular.com\/mid\/amisy-continua-denunciando-violencia-politica-de-genero\/","title":{"rendered":"AMISY contin\u00faa denunciando violencia pol\u00edtica de g\u00e9nero"},"content":{"rendered":"\n<p>La Agenda de las Mujeres Por la Igualdad Sustantiva en Yucat\u00e1n (AMISY), colectivo de Asociaciones Civiles, defensoras de los derechos de las mujeres, desde su integraci\u00f3n ha venido acompa\u00f1ando a mujeres que han sido v\u00edctimas de violencia en todas sus modalidades, siendo la violencia pol\u00edtica en raz\u00f3n de g\u00e9nero ejercida por los alcaldes de algunos municipios en contra de funcionarias municipales a las que han violentado sus derechos pol\u00edticos fundamentales impidiendo su participaci\u00f3n en las actividades derivadas de los cargos para los cuales han sido electas.<\/p>\n\n\n\n<p>El d\u00eda de ayer, viernes 2 de abril, las activistas presentaron ante el IEPAC cuatro denuncias en contra de los alcaldes y otros funcionarios de sus respectivas administraciones de los municipios de Kanas\u00edn, Chichimil\u00e1, Kantunil y Man\u00ed.<\/p>\n\n\n\n<p>En el presente caso, &nbsp;&nbsp;el pleno del Tribunal Electoral de Yucat\u00e1n dict\u00f3 una sentencia el 17 de junio de 2020, JDC-002\/2020, &nbsp;en la que declararon responsables de cometer violencia pol\u00edtica en raz\u00f3n de g\u00e9nero al C. Santos Javier C\u00e1rdenas Poot, Presidente Municipal, C. Jes\u00fas Aar\u00f3n Morales Dur\u00e1n, Asesor Municipal, Ren\u00e1n Fern\u00e1ndez, Director Jur\u00eddico y Mar\u00eda Raymunda Dorantes Che, Encargada de Asuntos Financieros y Contables todos del Ayuntamiento de Kantunil Yucat\u00e1n, administraci\u00f3n 2018-2021.<\/p>\n\n\n\n<p>En el presente caso, la violencia pol\u00edtica en raz\u00f3n de g\u00e9nero fue ejercida por los funcionarios antes mencionados en contra de Kantunil, Yucat\u00e1n, han infringido los derechos pol\u00edticos de las mujeres, en particular de la Tesorera: Mar\u00eda Isidra Pech Matos y, vulnerado la normatividad electoral.<\/p>\n\n\n\n<p>&nbsp;La presente denuncia va en el tenor de la pretensi\u00f3n del mencionado alcalde Santos Javier C\u00e1rdenas Poot de presentarse como candidato a reelecci\u00f3n, contraviniendo la Ley #3DE3 TODAS CONTRA LA VIOLENCIA, dictada por el INE, lo que impide su participaci\u00f3n en las pr\u00f3ximas elecciones del mes de junio.<\/p>\n\n\n\n<p>Aqu\u00ed presentamos el texto \u00edntegro de la denuncia presentada por AMISY y a continuaci\u00f3n el documento entregado y debidamente firmado de recibido en el organismo electoral.<\/p>\n\n\n\n<figure class=\"wp-block-image size-large\"><a href=\"http:\/\/visionpeninsular.com\/mid\/wp-content\/uploads\/2021\/04\/KANTUNIL-1.jpg\"><img loading=\"lazy\" width=\"768\" height=\"1024\" src=\"http:\/\/visionpeninsular.com\/mid\/wp-content\/uploads\/2021\/04\/KANTUNIL-1-768x1024.jpg\" alt=\"\" class=\"wp-image-141315\" srcset=\"https:\/\/visionpeninsular.com\/mid\/wp-content\/uploads\/2021\/04\/KANTUNIL-1-768x1024.jpg 768w, https:\/\/visionpeninsular.com\/mid\/wp-content\/uploads\/2021\/04\/KANTUNIL-1-225x300.jpg 225w, https:\/\/visionpeninsular.com\/mid\/wp-content\/uploads\/2021\/04\/KANTUNIL-1.jpg 960w\" sizes=\"(max-width: 768px) 100vw, 768px\" \/><\/a><\/figure>\n\n\n\n<figure class=\"wp-block-image size-large\"><a href=\"http:\/\/visionpeninsular.com\/mid\/wp-content\/uploads\/2021\/04\/KANTU-2.jpg\"><img loading=\"lazy\" width=\"768\" height=\"1024\" src=\"http:\/\/visionpeninsular.com\/mid\/wp-content\/uploads\/2021\/04\/KANTU-2-768x1024.jpg\" alt=\"\" class=\"wp-image-141316\" srcset=\"https:\/\/visionpeninsular.com\/mid\/wp-content\/uploads\/2021\/04\/KANTU-2-768x1024.jpg 768w, https:\/\/visionpeninsular.com\/mid\/wp-content\/uploads\/2021\/04\/KANTU-2-225x300.jpg 225w, https:\/\/visionpeninsular.com\/mid\/wp-content\/uploads\/2021\/04\/KANTU-2.jpg 960w\" sizes=\"(max-width: 768px) 100vw, 768px\" \/><\/a><\/figure>\n\n\n\n<figure class=\"wp-block-image size-large\"><a href=\"http:\/\/visionpeninsular.com\/mid\/wp-content\/uploads\/2021\/04\/KANTU-FIRMAS.jpg\"><img loading=\"lazy\" width=\"768\" height=\"1024\" src=\"http:\/\/visionpeninsular.com\/mid\/wp-content\/uploads\/2021\/04\/KANTU-FIRMAS-768x1024.jpg\" alt=\"\" class=\"wp-image-141317\" srcset=\"https:\/\/visionpeninsular.com\/mid\/wp-content\/uploads\/2021\/04\/KANTU-FIRMAS-768x1024.jpg 768w, https:\/\/visionpeninsular.com\/mid\/wp-content\/uploads\/2021\/04\/KANTU-FIRMAS-225x300.jpg 225w, https:\/\/visionpeninsular.com\/mid\/wp-content\/uploads\/2021\/04\/KANTU-FIRMAS.jpg 960w\" sizes=\"(max-width: 768px) 100vw, 768px\" \/><\/a><\/figure>\n\n\n\n<p><\/p>\n<div class='share-to-whatsapp-wrapper'><div class='share-on-whsp'>Share on: <\/div><a data-text='AMISY contin\u00faa denunciando violencia pol\u00edtica de g\u00e9nero' data-link='https:\/\/visionpeninsular.com\/mid\/amisy-continua-denunciando-violencia-politica-de-genero\/' class='whatsapp-button whatsapp-share'>WhatsApp<\/a><div class='clear '><\/div><\/div>","protected":false},"excerpt":{"rendered":"<p>La Agenda de las Mujeres Por la Igualdad Sustantiva en Yucat\u00e1n (AMISY), colectivo de Asociaciones Civiles, defensoras de los derechos de las mujeres, desde su integraci\u00f3n ha venido acompa\u00f1ando a mujeres que han sido v\u00edctimas de violencia en todas sus modalidades, siendo la violencia pol\u00edtica en raz\u00f3n de g\u00e9nero ejercida por los alcaldes de algunos &hellip;<\/p>\n","protected":false},"author":5,"featured_media":141273,"comment_status":"open","ping_status":"open","sticky":false,"template":"","format":"standard","meta":{"_mi_skip_tracking":false},"categories":[49,37],"tags":[12920,26582,26581,1393],"_links":{"self":[{"href":"https:\/\/visionpeninsular.com\/mid\/wp-json\/wp\/v2\/posts\/141314"}],"collection":[{"href":"https:\/\/visionpeninsular.com\/mid\/wp-json\/wp\/v2\/posts"}],"about":[{"href":"https:\/\/visionpeninsular.com\/mid\/wp-json\/wp\/v2\/types\/post"}],"author":[{"embeddable":true,"href":"https:\/\/visionpeninsular.com\/mid\/wp-json\/wp\/v2\/users\/5"}],"replies":[{"embeddable":true,"href":"https:\/\/visionpeninsular.com\/mid\/wp-json\/wp\/v2\/comments?post=141314"}],"version-history":[{"count":1,"href":"https:\/\/visionpeninsular.com\/mid\/wp-json\/wp\/v2\/posts\/141314\/revisions"}],"predecessor-version":[{"id":141318,"href":"https:\/\/visionpeninsular.com\/mid\/wp-json\/wp\/v2\/posts\/141314\/revisions\/141318"}],"wp:featuredmedia":[{"embeddable":true,"href":"https:\/\/visionpeninsular.com\/mid\/wp-json\/wp\/v2\/media\/141273"}],"wp:attachment":[{"href":"https:\/\/visionpeninsular.com\/mid\/wp-json\/wp\/v2\/media?parent=141314"}],"wp:term":[{"taxonomy":"category","embeddable":true,"href":"https:\/\/visionpeninsular.com\/mid\/wp-json\/wp\/v2\/categories?post=141314"},{"taxonomy":"post_tag","embeddable":true,"href":"https:\/\/visionpeninsular.com\/mid\/wp-json\/wp\/v2\/tags?post=141314"}],"curies":[{"name":"wp","href":"https:\/\/api.w.org\/{rel}","templated":true}]}}