{"id":14115,"date":"2016-10-07T06:49:49","date_gmt":"2016-10-07T11:49:49","guid":{"rendered":"http:\/\/visionpeninsular.com\/mid\/?p=14115"},"modified":"2016-10-07T06:49:49","modified_gmt":"2016-10-07T11:49:49","slug":"desarrollo-sustentable-campeche","status":"publish","type":"post","link":"https:\/\/visionpeninsular.com\/mid\/desarrollo-sustentable-campeche\/","title":{"rendered":"AMC comprometido con el desarrollo sustentable de Campeche"},"content":{"rendered":"<p>En un comunicado, el gobernador Alejandro Moreno C\u00e1rdenas, indic\u00f3 que por su riqueza h\u00eddrica y potencial productivo la entidad se confirma como una regi\u00f3n estrat\u00e9gica para el impulso del desarrollo sustentable donde se alberga en la selva de Calakmul uno de los pulmones m\u00e1s importantes del planeta y en el \u00e1rea natural protegida de la Laguna de T\u00e9rminos, el sistema estuario de mayor volumen y extensi\u00f3n del pa\u00eds, por lo que las autoridades impulsar\u00e1n el desarrollo sustentable. <\/p>\n<p>En la reuni\u00f3n de la Conferencia de Directores Iberoamericanos del Agua (CODIA), ante representantes de 22 pa\u00edses de Iberoam\u00e9rica expuso que con los pantanos de Centla en Tabasco y la zona de Los Petenes, la Laguna de T\u00e9rminos, los humedales y los r\u00edos Palizada, Chump\u00e1n, Candelaria, Mamantel y Champot\u00f3n, la regi\u00f3n es un \u00e1rea estrat\u00e9gica en materia de agua. <\/p>\n<p>Expuso que \u201cel desarrollo de Campeche no puede ser a costa de su patrimonio natural, por lo que es imperativo consolidar la seguridad h\u00eddrica como el elemento vital para el presente y el futuro e impulsar la diversificaci\u00f3n econ\u00f3mica y el desarrollo sustentable\u201d. <\/p>\n<p>\u201cCampeche es el principal productor de petr\u00f3leo en M\u00e9xico y lo seguir\u00e1 siendo con una econom\u00eda diversificada y poniendo \u00e9nfasis en los sectores productivos primario, de transformaci\u00f3n y comercio y servicios tur\u00edsticos\u201d, expres\u00f3.<\/p>\n<p><strong>Con informaci\u00f3n del Gobierno de Campeche<\/strong><\/p>\n<div class='share-to-whatsapp-wrapper'><div class='share-on-whsp'>Share on: <\/div><a data-text='AMC comprometido con el desarrollo sustentable de Campeche' data-link='https:\/\/visionpeninsular.com\/mid\/desarrollo-sustentable-campeche\/' class='whatsapp-button whatsapp-share'>WhatsApp<\/a><div class='clear '><\/div><\/div>","protected":false},"excerpt":{"rendered":"<p>En un comunicado, el gobernador Alejandro Moreno C\u00e1rdenas, indic\u00f3 que por su riqueza h\u00eddrica y potencial productivo la entidad se confirma como una regi\u00f3n estrat\u00e9gica para el impulso del desarrollo sustentable donde se alberga en la selva de Calakmul uno de los pulmones m\u00e1s importantes del planeta y en el \u00e1rea natural protegida de la &hellip;<\/p>\n","protected":false},"author":1,"featured_media":14116,"comment_status":"open","ping_status":"open","sticky":false,"template":"","format":"standard","meta":{"_mi_skip_tracking":false},"categories":[46],"tags":[2609],"_links":{"self":[{"href":"https:\/\/visionpeninsular.com\/mid\/wp-json\/wp\/v2\/posts\/14115"}],"collection":[{"href":"https:\/\/visionpeninsular.com\/mid\/wp-json\/wp\/v2\/posts"}],"about":[{"href":"https:\/\/visionpeninsular.com\/mid\/wp-json\/wp\/v2\/types\/post"}],"author":[{"embeddable":true,"href":"https:\/\/visionpeninsular.com\/mid\/wp-json\/wp\/v2\/users\/1"}],"replies":[{"embeddable":true,"href":"https:\/\/visionpeninsular.com\/mid\/wp-json\/wp\/v2\/comments?post=14115"}],"version-history":[{"count":1,"href":"https:\/\/visionpeninsular.com\/mid\/wp-json\/wp\/v2\/posts\/14115\/revisions"}],"predecessor-version":[{"id":14117,"href":"https:\/\/visionpeninsular.com\/mid\/wp-json\/wp\/v2\/posts\/14115\/revisions\/14117"}],"wp:featuredmedia":[{"embeddable":true,"href":"https:\/\/visionpeninsular.com\/mid\/wp-json\/wp\/v2\/media\/14116"}],"wp:attachment":[{"href":"https:\/\/visionpeninsular.com\/mid\/wp-json\/wp\/v2\/media?parent=14115"}],"wp:term":[{"taxonomy":"category","embeddable":true,"href":"https:\/\/visionpeninsular.com\/mid\/wp-json\/wp\/v2\/categories?post=14115"},{"taxonomy":"post_tag","embeddable":true,"href":"https:\/\/visionpeninsular.com\/mid\/wp-json\/wp\/v2\/tags?post=14115"}],"curies":[{"name":"wp","href":"https:\/\/api.w.org\/{rel}","templated":true}]}}