{"id":14093,"date":"2016-10-06T16:27:25","date_gmt":"2016-10-06T21:27:25","guid":{"rendered":"http:\/\/visionpeninsular.com\/mid\/?p=14093"},"modified":"2016-10-06T16:27:25","modified_gmt":"2016-10-06T21:27:25","slug":"diputados-piden-a-profepa-proceder-penalmente-incendio-en-holbox","status":"publish","type":"post","link":"https:\/\/visionpeninsular.com\/mid\/diputados-piden-a-profepa-proceder-penalmente-incendio-en-holbox\/","title":{"rendered":"Diputados piden a PROFEPA proceder penalmente por Incendio en Holbox"},"content":{"rendered":"<p>En el Congreso Local se impulsa un punto de acuerdo para exhortar tanto a la Secretar\u00eda del Medio Ambiente y Recursos Naturales (Semarnat), y a la Procuradur\u00eda Federal de Protecci\u00f3n al Ambiente (Profepa), a actuar penalmente contra los que resulten responsables de provocar el incendio en el \u00e1rea natural protegida de la isla de Holbox.<\/p>\n<p>\u201cse les solicitar\u00e1 que reparen o compensen el da\u00f1o de acuerdo a la Ley Federal de Responsabilidad Ambiental, y se ratifique el acuerdo de no autorizar cambios de uso de suelo del lugar durante los pr\u00f3ximos 20 a\u00f1os\u201d, se\u00f1al\u00f3 el Diputado Jos\u00e9 de la Pe\u00f1a. <\/p>\n<p>Quien agreg\u00f3 que tambi\u00e9n se solicitar\u00e1 un programa de veda forestal y restauraci\u00f3n ecol\u00f3gica, para realizar las acciones necesarias de recuperaci\u00f3n y restablecimiento de la flora y fauna de la zona afectada, con el fin de seguir con el aprovechamiento sustentable, y se contin\u00fae con los procesos evolutivos de los ecosistemas del lugar.<\/p>\n<p>Cabe mencionar que grandes eempresarios han puesto los ojos en la Isla de Holbox para llevar a cabo una serie de desarrollos tur\u00edsticos de alta plusval\u00eda, sin embargo, las restricciones ambientales lo ha impedido, por ello en primera instancia se rumoro que fueron los empresarios los que mandaron a provocar el incendio y ocasionar el cambio de suelo. <\/p>\n<div class='share-to-whatsapp-wrapper'><div class='share-on-whsp'>Share on: <\/div><a data-text='Diputados piden a PROFEPA proceder penalmente por Incendio en Holbox' data-link='https:\/\/visionpeninsular.com\/mid\/diputados-piden-a-profepa-proceder-penalmente-incendio-en-holbox\/' class='whatsapp-button whatsapp-share'>WhatsApp<\/a><div class='clear '><\/div><\/div>","protected":false},"excerpt":{"rendered":"<p>En el Congreso Local se impulsa un punto de acuerdo para exhortar tanto a la Secretar\u00eda del Medio Ambiente y Recursos Naturales (Semarnat), y a la Procuradur\u00eda Federal de Protecci\u00f3n al Ambiente (Profepa), a actuar penalmente contra los que resulten responsables de provocar el incendio en el \u00e1rea natural protegida de la isla de Holbox. &hellip;<\/p>\n","protected":false},"author":1,"featured_media":12673,"comment_status":"open","ping_status":"open","sticky":false,"template":"","format":"standard","meta":{"_mi_skip_tracking":false},"categories":[48],"tags":[1369,1003],"_links":{"self":[{"href":"https:\/\/visionpeninsular.com\/mid\/wp-json\/wp\/v2\/posts\/14093"}],"collection":[{"href":"https:\/\/visionpeninsular.com\/mid\/wp-json\/wp\/v2\/posts"}],"about":[{"href":"https:\/\/visionpeninsular.com\/mid\/wp-json\/wp\/v2\/types\/post"}],"author":[{"embeddable":true,"href":"https:\/\/visionpeninsular.com\/mid\/wp-json\/wp\/v2\/users\/1"}],"replies":[{"embeddable":true,"href":"https:\/\/visionpeninsular.com\/mid\/wp-json\/wp\/v2\/comments?post=14093"}],"version-history":[{"count":1,"href":"https:\/\/visionpeninsular.com\/mid\/wp-json\/wp\/v2\/posts\/14093\/revisions"}],"predecessor-version":[{"id":14094,"href":"https:\/\/visionpeninsular.com\/mid\/wp-json\/wp\/v2\/posts\/14093\/revisions\/14094"}],"wp:featuredmedia":[{"embeddable":true,"href":"https:\/\/visionpeninsular.com\/mid\/wp-json\/wp\/v2\/media\/12673"}],"wp:attachment":[{"href":"https:\/\/visionpeninsular.com\/mid\/wp-json\/wp\/v2\/media?parent=14093"}],"wp:term":[{"taxonomy":"category","embeddable":true,"href":"https:\/\/visionpeninsular.com\/mid\/wp-json\/wp\/v2\/categories?post=14093"},{"taxonomy":"post_tag","embeddable":true,"href":"https:\/\/visionpeninsular.com\/mid\/wp-json\/wp\/v2\/tags?post=14093"}],"curies":[{"name":"wp","href":"https:\/\/api.w.org\/{rel}","templated":true}]}}