{"id":140687,"date":"2021-03-15T13:51:30","date_gmt":"2021-03-15T19:51:30","guid":{"rendered":"http:\/\/visionpeninsular.com\/mid\/?p=140687"},"modified":"2021-03-15T13:51:37","modified_gmt":"2021-03-15T19:51:37","slug":"denise-dresser-tendran-que-rendir-cuentas","status":"publish","type":"post","link":"https:\/\/visionpeninsular.com\/mid\/denise-dresser-tendran-que-rendir-cuentas\/","title":{"rendered":"Denise Dresser: Tendr\u00e1n que rendir cuentas"},"content":{"rendered":"\n<p>Respuesta a marcha feminista<\/p>\n\n\n\n<p>Denise Dresser (*)<\/p>\n\n\n\n<p>Fuente: Diario de Yucat\u00e1n<\/p>\n\n\n\n<p>Memor\u00e1ndum para: Andr\u00e9s Manuel L\u00f3pez Obrador, Claudia Sheinbaum.<\/p>\n\n\n\n<p>Asunto: Rendici\u00f3n de cuentas sobre la marcha del 8 de marzo.<\/p>\n\n\n\n<p>1) Seg\u00fan una investigaci\u00f3n realizada por \u201cEl Pa\u00eds\u201d, Brigada Marabunta y la Comisi\u00f3n de Derechos Humanos del Distrito Federal, gases lacrim\u00f3genos vencidos, dispositivos de estruendo, bengalas y bombas de gas irritante fueron utilizados en la marcha del 8 de marzo en Ciudad de M\u00e9xico. \u00bfQui\u00e9n dio la orden de usar esas armas y por qu\u00e9 Claudia Sheinbaum neg\u00f3 su uso? \u00bfPor qu\u00e9 el gobierno de la ciudad afirm\u00f3 que solo se hab\u00eda recurrido a extintores, cuando no fue as\u00ed?<\/p>\n\n\n\n<p>2) La organizaci\u00f3n civil Brigada Marabunta mostr\u00f3 un v\u00eddeo ense\u00f1ando c\u00f3mo las fuerzas de seguridad hab\u00edan roto los protocolos ese d\u00eda, lanzando c\u00e1psulas de gas. \u00bfPor qu\u00e9 la reacci\u00f3n del Presidente fue descalificar al grupo que lleva a\u00f1os acompa\u00f1ando a marchistas, en lugar de ordenar una investigaci\u00f3n al respecto?<\/p>\n\n\n\n<p>3) Especialistas en el uso de la fuerza se\u00f1alan que la c\u00e1psula de gas 519CS arrojada era de gas lacrim\u00f3geno e incluso estaba vencida, ya que la f\u00e1brica productora cerr\u00f3 hace a\u00f1os. \u00bfQui\u00e9n autoriz\u00f3 el uso del gas vencido, cuyo mecanismo de funcionamiento caduco provoca que se liberen part\u00edculas m\u00e1s da\u00f1inas?<\/p>\n\n\n\n<p>4) La ficha t\u00e9cnica del producto indica que puede \u201ccausar heridas graves o la muerte cuando es arrojado sobre otras personas\u201d, y se\u00f1ala que es \u201csolo para agentes de seguridad y personal militar\u201d, por lo cual no pueden ser adquiridos por civiles. \u00bfQui\u00e9n dio la orden de lanzar ese gas sobre mujeres en una marcha en la que participaban menores de edad?<\/p>\n\n\n\n<p>5) Ese d\u00eda hab\u00eda hombres polic\u00edas vestidos de civil, dando \u00f3rdenes a las mujeres polic\u00edas. \u00bfQui\u00e9nes eran, por qu\u00e9 participaron y por qu\u00e9 se usa a las mujeres polic\u00edas como frente y escudo para una estrategia escondida?<\/p>\n\n\n\n<p>6) El Presidente se vanaglori\u00f3 en la ma\u00f1anera despu\u00e9s de la marcha, sobre c\u00f3mo \u201cno se hab\u00eda ca\u00eddo en la provocaci\u00f3n\u201d. Sin embargo, v\u00eddeos muestran el lanzamiento de bengalas de adentro hacia fuera de la valla met\u00e1lica que rodeaba Palacio Nacional. Incluso se ve c\u00f3mo una mujer recoge una bengala y la lanza de regreso. Eso indicar\u00eda que la provocaci\u00f3n fue iniciada y provino de las fuerzas de seguridad dentro del recinto resguardado. \u00bfQui\u00e9n estuvo al mando ese d\u00eda y dio visto bueno al lanzamiento de granadas que no est\u00e1n dise\u00f1adas para ser utilizadas en manifestaciones ya que producen quemaduras? \u00bfPor qu\u00e9 L\u00f3pez Obrador permiti\u00f3 que las fuerzas de seguridad aventaran artefactos tan da\u00f1inos a la poblaci\u00f3n?<\/p>\n\n\n\n<p>7) Tambi\u00e9n se registr\u00f3 el uso de dispositivos caseros que ten\u00edan mecha y polvo amarillo dentro, generador de ardor intenso en la nariz, los ojos y la boca. \u00bfQui\u00e9n manufactur\u00f3 esos dispositivos que se usaron para agredir a mujeres que marchaban contra la violencia?<\/p>\n\n\n\n<p>8) En una escena captada en v\u00eddeo, dos mujeres manifestantes se abrazan, mientras son encapsuladas por m\u00e1s de cien polic\u00edas. \u00bfQui\u00e9n explicar\u00e1 el uso desproporcionado de la fuerza y por qu\u00e9 un gobierno de izquierda recurri\u00f3 a estrategias extremas que denunciaba cuando era oposici\u00f3n? \u00bfAlguien va a asumir responsabilidad por los 81 heridos? \u00bfEl gobierno est\u00e1 consciente de que solo un peque\u00f1o grupo de mujeres se lanz\u00f3 contra la valla y que el resto actuaba de manera pac\u00edfica, incluso colocando flores ante el muro erigido para proteger al Presidente?<\/p>\n\n\n\n<p>9) \u00bfC\u00f3mo explican la discrepancia entre las declaraciones del secretario de Gobierno, Su\u00e1rez del Real, reconociendo que \u201cse ten\u00eda que investigar\u201d el rompimiento de protocolos por el uso de gases lacrim\u00f3genos, y Claudia Sheinbaum negando categ\u00f3ricamente su despliegue? \u00bfPor qu\u00e9 Sheinbaum alega que la agresi\u00f3n a mujeres polic\u00edas es \u201cviolencia de g\u00e9nero\u201d pero no atiende el fen\u00f3meno m\u00e1s amplio y arraigado de violencia que motiv\u00f3 la marcha? \u00bfPor qu\u00e9 no se ha pronunciado sobre esa bofetada a las mujeres que es la candidatura de Salgado Macedonio?<\/p>\n\n\n\n<p>10) El presidente L\u00f3pez Obrador argument\u00f3 en la ma\u00f1anera que \u201cda tristeza y averg\u00fcenza\u201d, mientras mostraba im\u00e1genes de una mujer encapuchada echar gasolina y prender fuego a un bloque de escudos policiales. \u00bfNo le produce tristeza y verg\u00fcenza que las mujeres de M\u00e9xico tengan que marchar y gritar \u2014como \u00e9l tantas veces lo hizo\u2014 porque su gobierno no las escucha? \u00bfNo le da tristeza y verg\u00fcenza haber prometido que nunca m\u00e1s reprimir\u00eda al pueblo y, sin embargo, lo hizo? \u00bfO es que acaso las feministas no son pueblo?<\/p>\n\n\n\n<p>\u00c1tico<\/p>\n\n\n\n<p>AMLO y Sheinbaum deben rendir cuentas sobre lo sucedido durante la marcha del 8 de marzo. \u00bfAcaso las feministas no son pueblo?\u2014 Ciudad de M\u00e9xico.<\/p>\n\n\n\n<p>denise.dresser@mexicofirme.com<\/p>\n\n\n\n<p>Periodista<\/p>\n<div class='share-to-whatsapp-wrapper'><div class='share-on-whsp'>Share on: <\/div><a data-text='Denise Dresser: Tendr\u00e1n que rendir cuentas' data-link='https:\/\/visionpeninsular.com\/mid\/denise-dresser-tendran-que-rendir-cuentas\/' class='whatsapp-button whatsapp-share'>WhatsApp<\/a><div class='clear '><\/div><\/div>","protected":false},"excerpt":{"rendered":"<p>Respuesta a marcha feminista Denise Dresser (*) Fuente: Diario de Yucat\u00e1n Memor\u00e1ndum para: Andr\u00e9s Manuel L\u00f3pez Obrador, Claudia Sheinbaum. Asunto: Rendici\u00f3n de cuentas sobre la marcha del 8 de marzo. 1) Seg\u00fan una investigaci\u00f3n realizada por \u201cEl Pa\u00eds\u201d, Brigada Marabunta y la Comisi\u00f3n de Derechos Humanos del Distrito Federal, gases lacrim\u00f3genos vencidos, dispositivos de estruendo, &hellip;<\/p>\n","protected":false},"author":5,"featured_media":140685,"comment_status":"open","ping_status":"open","sticky":false,"template":"","format":"standard","meta":{"_exactmetrics_skip_tracking":false},"categories":[44],"tags":[26340,26339,26341,26342,26337,26338],"_links":{"self":[{"href":"https:\/\/visionpeninsular.com\/mid\/wp-json\/wp\/v2\/posts\/140687"}],"collection":[{"href":"https:\/\/visionpeninsular.com\/mid\/wp-json\/wp\/v2\/posts"}],"about":[{"href":"https:\/\/visionpeninsular.com\/mid\/wp-json\/wp\/v2\/types\/post"}],"author":[{"embeddable":true,"href":"https:\/\/visionpeninsular.com\/mid\/wp-json\/wp\/v2\/users\/5"}],"replies":[{"embeddable":true,"href":"https:\/\/visionpeninsular.com\/mid\/wp-json\/wp\/v2\/comments?post=140687"}],"version-history":[{"count":1,"href":"https:\/\/visionpeninsular.com\/mid\/wp-json\/wp\/v2\/posts\/140687\/revisions"}],"predecessor-version":[{"id":140688,"href":"https:\/\/visionpeninsular.com\/mid\/wp-json\/wp\/v2\/posts\/140687\/revisions\/140688"}],"wp:featuredmedia":[{"embeddable":true,"href":"https:\/\/visionpeninsular.com\/mid\/wp-json\/wp\/v2\/media\/140685"}],"wp:attachment":[{"href":"https:\/\/visionpeninsular.com\/mid\/wp-json\/wp\/v2\/media?parent=140687"}],"wp:term":[{"taxonomy":"category","embeddable":true,"href":"https:\/\/visionpeninsular.com\/mid\/wp-json\/wp\/v2\/categories?post=140687"},{"taxonomy":"post_tag","embeddable":true,"href":"https:\/\/visionpeninsular.com\/mid\/wp-json\/wp\/v2\/tags?post=140687"}],"curies":[{"name":"wp","href":"https:\/\/api.w.org\/{rel}","templated":true}]}}