{"id":140462,"date":"2021-03-08T10:00:42","date_gmt":"2021-03-08T16:00:42","guid":{"rendered":"http:\/\/visionpeninsular.com\/mid\/?p=140462"},"modified":"2021-03-08T10:00:49","modified_gmt":"2021-03-08T16:00:49","slug":"capacitacion-digital-para-meridanas-victimas-de-violencia-extrema","status":"publish","type":"post","link":"https:\/\/visionpeninsular.com\/mid\/capacitacion-digital-para-meridanas-victimas-de-violencia-extrema\/","title":{"rendered":"Capacitaci\u00f3n digital para meridanas v\u00edctimas de violencia extrema"},"content":{"rendered":"\n<p><em>En estos tiempos que hoy vivimos es importante visibilizar los retos que enfrentan las mujeres, para lo cual el Ayuntamiento trabaja de manera continua en programas y acciones que abonan a empoderarlas para su bienestar y la de sus familias, afirm\u00f3 el alcalde Ren\u00e1n Barrera Concha.<\/em><\/p>\n\n\n\n<p>&nbsp;\u201cDesde el Ayuntamiento trabajamos diariamente para lograr la igualdad entre los g\u00e9neros, erradicando todo tipo de violencias hacia la mujer y fomentando valores que nos dan identidad\u201d, remarc\u00f3.<\/p>\n\n\n\n<p>Estamos caminando juntos en busca de una M\u00e9rida de Diez que nos mueva a la trascendencia del desarrollo humano, social y comunitario, fomentando el inter\u00e9s en el \u00e1mbito de la igualdad de g\u00e9nero con mecanismos participativos e incluyentes, que procuren el bienestar de la poblaci\u00f3n, sobre todo, de la mujer, a\u00f1adi\u00f3.<\/p>\n\n\n\n<p>En ese contexto, el Concejal inform\u00f3 que la Comuna, a trav\u00e9s del Instituto Municipal de la Mujer, implementar\u00e1 estrategias digitales para las residentes del Centro de Atenci\u00f3n y Refugio para mujeres, hijas e hijos en situaci\u00f3n de violencia extrema (CAREM) con el objeto de brindarle este tipo de herramientas que garanticen su inclusi\u00f3n social y la de sus familias ante la nueva \u201cnormalidad\u201d.<\/p>\n\n\n\n<p>\u201cSabemos que una crisis, como la sanitaria que vivimos, es siempre una oportunidad de crear mejores horizontes. De ah\u00ed que asumimos este reto para que las residentes, sus hijas e hijos mejoren su calidad de vida a trav\u00e9s de este nuevo servicio\u201d, indic\u00f3.<\/p>\n\n\n\n<p>Se\u00f1al\u00f3 que, con la implementaci\u00f3n de estrategias digitales, las mujeres v\u00edctimas de violencia extrema, sus hijas e hijos, adquirir\u00e1n o fortalecer\u00e1n nuevas habilidades de tecnolog\u00eda digital, a trav\u00e9s de experiencias nuevas y pr\u00e1cticas como crear una cuenta de correo, contar con una solicitud de empleo digital o realizar entrevistas laborales a trav\u00e9s de las plataformas virtuales.<\/p>\n\n\n\n<p>De igual manera podr\u00e1n realizar diversos tr\u00e1mites institucionales por esta v\u00eda y recibir servicios psicol\u00f3gicos, jur\u00eddicos, m\u00e9dicos, educativos y de capacitaci\u00f3n en forma presencial y virtual dando paso a la adaptaci\u00f3n a esta nueva era digital fomentando su modernizaci\u00f3n y por ende en su autonom\u00eda, asever\u00f3 el presidente municipal.<\/p>\n\n\n\n<p>\u201cHoy m\u00e1s que nunca el acceso a las tecnolog\u00edas de la informaci\u00f3n y comunicaci\u00f3n (TIC), espec\u00edficamente en el uso de internet y telefon\u00eda m\u00f3vil, son claves para asegurar que las mujeres puedan mantenerse informadas, productivas, seguras y conectadas con sus sistemas de apoyo familiar, social e institucional\u201d, apunt\u00f3.<\/p>\n\n\n\n<p>Por su parte, la directora del Instituto Municipal de la Mujer, Fabiola Garc\u00eda Maga\u00f1a, explic\u00f3 que, para cumplir con el objetivo de facilitar la alfabetizaci\u00f3n digital y el acceso a la infraestructura digital, el refugio, gracias al inter\u00e9s del alcalde Ren\u00e1n Barrera, ha sido habilitado para realizar esas acciones.<\/p>\n\n\n\n<p>El CAREM cuenta con sala de usos m\u00faltiples virtual, espacio en donde se brindan talleres de salud, derechos humanos, psicol\u00f3gicos, grupos de apoyo, diversas capacitaciones, seminarios, videoconferencias a trav\u00e9s de diversas plataformas digitales que en los \u00faltimos meses se est\u00e1n optimizando para llegar a la ciudadan\u00eda en general y a diversos grupos de personas segregados de la tecnolog\u00eda.<\/p>\n\n\n\n<p>Tambi\u00e9n dispone de una sala educativa virtual para las ni\u00f1as, ni\u00f1os y adolescentes y dos centros de emprendimiento econ\u00f3mico: alta costura y alta reposter\u00eda, ambos equipados de infraestructura digital a fin de mantener su capacitaci\u00f3n continua y permanente con un entorno equipado y que mantiene la formaci\u00f3n de las mujeres en materia de emprendimiento econ\u00f3mico, concluy\u00f3.<\/p>\n<div class='share-to-whatsapp-wrapper'><div class='share-on-whsp'>Share on: <\/div><a data-text='Capacitaci\u00f3n digital para meridanas v\u00edctimas de violencia extrema' data-link='https:\/\/visionpeninsular.com\/mid\/capacitacion-digital-para-meridanas-victimas-de-violencia-extrema\/' class='whatsapp-button whatsapp-share'>WhatsApp<\/a><div class='clear '><\/div><\/div>","protected":false},"excerpt":{"rendered":"<p>En estos tiempos que hoy vivimos es importante visibilizar los retos que enfrentan las mujeres, para lo cual el Ayuntamiento trabaja de manera continua en programas y acciones que abonan a empoderarlas para su bienestar y la de sus familias, afirm\u00f3 el alcalde Ren\u00e1n Barrera Concha. &nbsp;\u201cDesde el Ayuntamiento trabajamos diariamente para lograr la igualdad &hellip;<\/p>\n","protected":false},"author":5,"featured_media":140463,"comment_status":"open","ping_status":"open","sticky":false,"template":"","format":"standard","meta":{"_mi_skip_tracking":false},"categories":[49,37],"tags":[13587,26218,14667,7982,5338],"_links":{"self":[{"href":"https:\/\/visionpeninsular.com\/mid\/wp-json\/wp\/v2\/posts\/140462"}],"collection":[{"href":"https:\/\/visionpeninsular.com\/mid\/wp-json\/wp\/v2\/posts"}],"about":[{"href":"https:\/\/visionpeninsular.com\/mid\/wp-json\/wp\/v2\/types\/post"}],"author":[{"embeddable":true,"href":"https:\/\/visionpeninsular.com\/mid\/wp-json\/wp\/v2\/users\/5"}],"replies":[{"embeddable":true,"href":"https:\/\/visionpeninsular.com\/mid\/wp-json\/wp\/v2\/comments?post=140462"}],"version-history":[{"count":1,"href":"https:\/\/visionpeninsular.com\/mid\/wp-json\/wp\/v2\/posts\/140462\/revisions"}],"predecessor-version":[{"id":140464,"href":"https:\/\/visionpeninsular.com\/mid\/wp-json\/wp\/v2\/posts\/140462\/revisions\/140464"}],"wp:featuredmedia":[{"embeddable":true,"href":"https:\/\/visionpeninsular.com\/mid\/wp-json\/wp\/v2\/media\/140463"}],"wp:attachment":[{"href":"https:\/\/visionpeninsular.com\/mid\/wp-json\/wp\/v2\/media?parent=140462"}],"wp:term":[{"taxonomy":"category","embeddable":true,"href":"https:\/\/visionpeninsular.com\/mid\/wp-json\/wp\/v2\/categories?post=140462"},{"taxonomy":"post_tag","embeddable":true,"href":"https:\/\/visionpeninsular.com\/mid\/wp-json\/wp\/v2\/tags?post=140462"}],"curies":[{"name":"wp","href":"https:\/\/api.w.org\/{rel}","templated":true}]}}