{"id":140008,"date":"2021-02-22T06:59:27","date_gmt":"2021-02-22T12:59:27","guid":{"rendered":"http:\/\/visionpeninsular.com\/mid\/?p=140008"},"modified":"2021-02-22T06:59:30","modified_gmt":"2021-02-22T12:59:30","slug":"docentes-de-campeche-piden-reconsiderar-el-regreso-a-clases-presenciales","status":"publish","type":"post","link":"https:\/\/visionpeninsular.com\/mid\/docentes-de-campeche-piden-reconsiderar-el-regreso-a-clases-presenciales\/","title":{"rendered":"Docentes de Campeche piden reconsiderar el regreso a clases presenciales."},"content":{"rendered":"\n<p>Con la amenaza de que habr\u00e1 movilizaciones en contra del Gobierno Federal si obliga a alumnos, padres de familias, docentes y administrativos a volver a clases sin estar vacunados, la lideresa del grupo magisterial Fuerza Turquesa, Elia Oca\u00f1a Hern\u00e1ndez, exigi\u00f3 a la Secretar\u00eda de Educaci\u00f3n reconsiderar el regreso a clases a las aulas.<\/p>\n\n\n\n<p>\u201cDesde mi punto de vista, creo que no es correcto y no es por estar en contra del gobierno, pero es necesario para que exista seguridad, porque el alumno llega a clases y cuando regresa a clases ah\u00ed est\u00e1 el abuelito, la mam\u00e1, personas de la tercera edad que tienen el problema de que no pueden ser vacunados\u201d.<\/p>\n\n\n\n<p>\u201cEl personal de educaci\u00f3n podemos estar dispuestos y es claro porque sin apoyo de la Secretar\u00eda de Educaci\u00f3n Federal, sin todas las herramientas necesarias y gastando recursos propios, estamos trabajando por la educaci\u00f3n, por nuestros ni\u00f1os, pero no permitiremos que se ponga en riesgo a miles de personas y si nos quieren obligar y obligar a los padres y ni\u00f1os tendremos que tomar medidas extremas\u201d, a\u00f1adi\u00f3.<\/p>\n\n\n\n<p>Reiter\u00f3 el exhorto al Gobierno del Estado a pelear por el derecho a la salud de los miles de ni\u00f1os y padres, as\u00ed como del personal administrativo de la educaci\u00f3n que pueden enfermarse en estos momentos en el que los casos de Covid \u2013 19 van en incremento.<\/p>\n\n\n\n<p>\u201cHoy debemos unirnos, si el Gobierno Federal quiere que haya clases que vacune a todo el personal, que tambi\u00e9n considere a los padres y alumnos porque son los que saldr\u00e1n a las calles de la ciudad, de sus comunidades y son los que mayos riesgos tendr\u00e1n\u201d, expres\u00f3.<\/p>\n<div class='share-to-whatsapp-wrapper'><div class='share-on-whsp'>Share on: <\/div><a data-text='Docentes de Campeche piden reconsiderar el regreso a clases presenciales.' data-link='https:\/\/visionpeninsular.com\/mid\/docentes-de-campeche-piden-reconsiderar-el-regreso-a-clases-presenciales\/' class='whatsapp-button whatsapp-share'>WhatsApp<\/a><div class='clear '><\/div><\/div>","protected":false},"excerpt":{"rendered":"<p>Con la amenaza de que habr\u00e1 movilizaciones en contra del Gobierno Federal si obliga a alumnos, padres de familias, docentes y administrativos a volver a clases sin estar vacunados, la lideresa del grupo magisterial Fuerza Turquesa, Elia Oca\u00f1a Hern\u00e1ndez, exigi\u00f3 a la Secretar\u00eda de Educaci\u00f3n reconsiderar el regreso a clases a las aulas. \u201cDesde mi &hellip;<\/p>\n","protected":false},"author":1,"featured_media":140009,"comment_status":"open","ping_status":"open","sticky":false,"template":"","format":"standard","meta":{"_mi_skip_tracking":false},"categories":[38,45],"tags":[25993,902],"_links":{"self":[{"href":"https:\/\/visionpeninsular.com\/mid\/wp-json\/wp\/v2\/posts\/140008"}],"collection":[{"href":"https:\/\/visionpeninsular.com\/mid\/wp-json\/wp\/v2\/posts"}],"about":[{"href":"https:\/\/visionpeninsular.com\/mid\/wp-json\/wp\/v2\/types\/post"}],"author":[{"embeddable":true,"href":"https:\/\/visionpeninsular.com\/mid\/wp-json\/wp\/v2\/users\/1"}],"replies":[{"embeddable":true,"href":"https:\/\/visionpeninsular.com\/mid\/wp-json\/wp\/v2\/comments?post=140008"}],"version-history":[{"count":1,"href":"https:\/\/visionpeninsular.com\/mid\/wp-json\/wp\/v2\/posts\/140008\/revisions"}],"predecessor-version":[{"id":140010,"href":"https:\/\/visionpeninsular.com\/mid\/wp-json\/wp\/v2\/posts\/140008\/revisions\/140010"}],"wp:featuredmedia":[{"embeddable":true,"href":"https:\/\/visionpeninsular.com\/mid\/wp-json\/wp\/v2\/media\/140009"}],"wp:attachment":[{"href":"https:\/\/visionpeninsular.com\/mid\/wp-json\/wp\/v2\/media?parent=140008"}],"wp:term":[{"taxonomy":"category","embeddable":true,"href":"https:\/\/visionpeninsular.com\/mid\/wp-json\/wp\/v2\/categories?post=140008"},{"taxonomy":"post_tag","embeddable":true,"href":"https:\/\/visionpeninsular.com\/mid\/wp-json\/wp\/v2\/tags?post=140008"}],"curies":[{"name":"wp","href":"https:\/\/api.w.org\/{rel}","templated":true}]}}