{"id":13997,"date":"2016-10-06T05:59:04","date_gmt":"2016-10-06T10:59:04","guid":{"rendered":"http:\/\/visionpeninsular.com\/mid\/?p=13997"},"modified":"2016-10-06T05:59:04","modified_gmt":"2016-10-06T10:59:04","slug":"pide-campeche-codia-cuidar-el-agua","status":"publish","type":"post","link":"https:\/\/visionpeninsular.com\/mid\/pide-campeche-codia-cuidar-el-agua\/","title":{"rendered":"Pide Campeche unirse en el cuidado del agua &#8211; CODIA"},"content":{"rendered":"<p>Fue inaugurada en Campeche la XVII Conferencia de Directores Iberoamericanos del Agua (CODIA) que se realiza del 05 al 07 de Octubre en San Francisco de Campeche, donde ante m\u00e1s de 22 pa\u00edses el secretario de Medio Ambiente y Recursos Naturales (Semarnat), Rafael Pacchiano Alam\u00e1n y el gobernador Alejandro Moreno C\u00e1rdenas, abordaron los temas de Construir una cultura de prevenci\u00f3n en la sociedad para hacerle frente al cambio clim\u00e1tico, cuyos efectos en M\u00e9xico azotan con sequ\u00edas severas a la zona Sureste y con acumulados hist\u00f3ricos de agua en el Centro y Norte del pa\u00eds, preservar los recursos h\u00eddricos y la transici\u00f3n del desarrollo sostenible a favor del medio ambiente, donde la gesti\u00f3n sustentable del agua es de vital trascendencia, se\u00f1alaron ante el oficial mayor Jorge Carlos Hurtado Valdez.<\/p>\n<p>Al respecto, Pacchiano Alam\u00e1n admiti\u00f3 que es una realidad que actualmente los recursos h\u00eddricos est\u00e1n seriamente afectados por el cambio clim\u00e1tico y que el impacto final depender\u00e1 en gran medida de la capacidad de c\u00f3mo poder administrar de manera eficaz esos recursos; Mientras que el Gobernador, exhort\u00f3 a las 22 naciones participantes para unirse en la protecci\u00f3n de los recursos h\u00eddricos y a comprometerse en el cuidado ambiental, donde Campeche tiene un mayor compromiso debido a la posici\u00f3n estrat\u00e9gica que representa a nivel nacional por el tema del agua. <\/p>\n<p>Por su parte, la directora general del agua, del Ministerio de Agricultura y Medio Ambiente de Espa\u00f1a, Liana Sandra Ardiles L\u00f3pez se\u00f1al\u00f3 que \u201cLa CODIA act\u00faa como instrumento t\u00e9cnico de apoyo al Foro y examina e impulsa modalidades de cooperaci\u00f3n en el \u00e1rea de los recursos h\u00eddricos y actualmente la Conferencia la integran 22 pa\u00edses que en conjunto, buscan impulsar la regi\u00f3n Iberoamericana en los temas relacionados con el agua\u201d.<\/p>\n<p>El CODIA se conforma con pa\u00edses como: Andorra, Argentina, Bolivia, Brasil, Chile, Colombia, Costa Rica, Cuba, Ecuador, El Salvador, Espa\u00f1a, Guatemala, Honduras, M\u00e9xico, Nicaragua, Panam\u00e1, Paraguay, Per\u00fa, Portugal, Rep\u00fablica Dominicana, Uruguay y Venezuela.<\/p>\n<div class='share-to-whatsapp-wrapper'><div class='share-on-whsp'>Share on: <\/div><a data-text='Pide Campeche unirse en el cuidado del agua - CODIA' data-link='https:\/\/visionpeninsular.com\/mid\/pide-campeche-codia-cuidar-el-agua\/' class='whatsapp-button whatsapp-share'>WhatsApp<\/a><div class='clear '><\/div><\/div>","protected":false},"excerpt":{"rendered":"<p>Fue inaugurada en Campeche la XVII Conferencia de Directores Iberoamericanos del Agua (CODIA) que se realiza del 05 al 07 de Octubre en San Francisco de Campeche, donde ante m\u00e1s de 22 pa\u00edses el secretario de Medio Ambiente y Recursos Naturales (Semarnat), Rafael Pacchiano Alam\u00e1n y el gobernador Alejandro Moreno C\u00e1rdenas, abordaron los temas de &hellip;<\/p>\n","protected":false},"author":1,"featured_media":13998,"comment_status":"open","ping_status":"open","sticky":false,"template":"","format":"standard","meta":{"_mi_skip_tracking":false},"categories":[45],"tags":[3108,3109],"_links":{"self":[{"href":"https:\/\/visionpeninsular.com\/mid\/wp-json\/wp\/v2\/posts\/13997"}],"collection":[{"href":"https:\/\/visionpeninsular.com\/mid\/wp-json\/wp\/v2\/posts"}],"about":[{"href":"https:\/\/visionpeninsular.com\/mid\/wp-json\/wp\/v2\/types\/post"}],"author":[{"embeddable":true,"href":"https:\/\/visionpeninsular.com\/mid\/wp-json\/wp\/v2\/users\/1"}],"replies":[{"embeddable":true,"href":"https:\/\/visionpeninsular.com\/mid\/wp-json\/wp\/v2\/comments?post=13997"}],"version-history":[{"count":1,"href":"https:\/\/visionpeninsular.com\/mid\/wp-json\/wp\/v2\/posts\/13997\/revisions"}],"predecessor-version":[{"id":13999,"href":"https:\/\/visionpeninsular.com\/mid\/wp-json\/wp\/v2\/posts\/13997\/revisions\/13999"}],"wp:featuredmedia":[{"embeddable":true,"href":"https:\/\/visionpeninsular.com\/mid\/wp-json\/wp\/v2\/media\/13998"}],"wp:attachment":[{"href":"https:\/\/visionpeninsular.com\/mid\/wp-json\/wp\/v2\/media?parent=13997"}],"wp:term":[{"taxonomy":"category","embeddable":true,"href":"https:\/\/visionpeninsular.com\/mid\/wp-json\/wp\/v2\/categories?post=13997"},{"taxonomy":"post_tag","embeddable":true,"href":"https:\/\/visionpeninsular.com\/mid\/wp-json\/wp\/v2\/tags?post=13997"}],"curies":[{"name":"wp","href":"https:\/\/api.w.org\/{rel}","templated":true}]}}