{"id":139859,"date":"2021-02-17T11:52:20","date_gmt":"2021-02-17T17:52:20","guid":{"rendered":"http:\/\/visionpeninsular.com\/mid\/?p=139859"},"modified":"2021-02-17T11:52:28","modified_gmt":"2021-02-17T17:52:28","slug":"nuevos-espacios-educativos-y-mobiliario-para-estudiantes-de-escuelas-publicas-del-oriente-de-yucatan","status":"publish","type":"post","link":"https:\/\/visionpeninsular.com\/mid\/nuevos-espacios-educativos-y-mobiliario-para-estudiantes-de-escuelas-publicas-del-oriente-de-yucatan\/","title":{"rendered":"Nuevos espacios educativos y mobiliario para estudiantes de escuelas p\u00fablicas del oriente de Yucat\u00e1n"},"content":{"rendered":"\n<p><em>-El Gobernador Mauricio Vila Dosal encabez\u00f3 en Tizim\u00edn la ceremonia de inauguraci\u00f3n de la escuela primaria \u201cOtilia L\u00f3pez\u201d y supervis\u00f3 la entrega de mobiliario y equipamiento para planteles educativos<\/em>.<\/p>\n\n\n\n<p>Tizim\u00edn, Yucat\u00e1n, 16 de febrero de 2021.- M\u00e1s de 13,000 estudiantes de Tizim\u00edn y sus comisar\u00edas se beneficiar\u00e1n con los nuevos espacios educativos, mobiliario y equipo que el Gobernador Mauricio Vila Dosal entreg\u00f3 para que los alumnos de las escuelas p\u00fablicas de este municipio cuenten con las instalaciones y entornos adecuados para que, cuando las condiciones epidemiol\u00f3gicas de la pandemia del Coronavirus lo permitan, vuelvan a las clases presenciales.<\/p>\n\n\n\n<p>Junto a la titular de la Secretar\u00eda de Educaci\u00f3n del estado (Segey), Loreto Villanueva Trujillo y el alcalde tizimile\u00f1o, Mario Gonz\u00e1lez, Vila Dosal inaugur\u00f3 la escuela primaria de nueva creaci\u00f3n \u201cOtilia L\u00f3pez\u201d, ubicada en el fraccionamiento Vivah al norte de esta demarcaci\u00f3n, en donde cursan sus estudios 380 ni\u00f1os.<\/p>\n\n\n\n<figure class=\"wp-block-image size-large\"><a href=\"http:\/\/visionpeninsular.com\/mid\/wp-content\/uploads\/2021\/02\/WhatsApp-Image-2021-02-16-at-7.16.54-PM.jpeg\"><img loading=\"lazy\" width=\"1024\" height=\"682\" src=\"http:\/\/visionpeninsular.com\/mid\/wp-content\/uploads\/2021\/02\/WhatsApp-Image-2021-02-16-at-7.16.54-PM-1024x682.jpeg\" alt=\"\" class=\"wp-image-139861\" srcset=\"https:\/\/visionpeninsular.com\/mid\/wp-content\/uploads\/2021\/02\/WhatsApp-Image-2021-02-16-at-7.16.54-PM-1024x682.jpeg 1024w, https:\/\/visionpeninsular.com\/mid\/wp-content\/uploads\/2021\/02\/WhatsApp-Image-2021-02-16-at-7.16.54-PM-300x200.jpeg 300w, https:\/\/visionpeninsular.com\/mid\/wp-content\/uploads\/2021\/02\/WhatsApp-Image-2021-02-16-at-7.16.54-PM-768x512.jpeg 768w, https:\/\/visionpeninsular.com\/mid\/wp-content\/uploads\/2021\/02\/WhatsApp-Image-2021-02-16-at-7.16.54-PM-310x205.jpeg 310w, https:\/\/visionpeninsular.com\/mid\/wp-content\/uploads\/2021\/02\/WhatsApp-Image-2021-02-16-at-7.16.54-PM.jpeg 1280w\" sizes=\"(max-width: 1024px) 100vw, 1024px\" \/><\/a><\/figure>\n\n\n\n<p>Luego de que el Gobernador realiz\u00f3 el corte del list\u00f3n inaugural, el titular de la Secretar\u00eda de Obras P\u00fablicas, Virgilio Crespo M\u00e9ndez, detall\u00f3 que la construcci\u00f3n de esta escuela forma parte de los m\u00e1s de 20 millones de pesos que el Gobierno del Estado ha aplicado para la edificaci\u00f3n y ampliaci\u00f3n de nuevos espacios educativos, as\u00ed como en labores de mantenimiento que consisten en la reparaci\u00f3n de las instalaciones el\u00e9ctricas y sanitarias e impermeabilizaci\u00f3n, entre otras acciones. Estas labores, se efect\u00faan en 62 escuelas de este municipio beneficiando a 11,542 alumnos del oriente.<\/p>\n\n\n\n<figure class=\"wp-block-image size-large\"><a href=\"http:\/\/visionpeninsular.com\/mid\/wp-content\/uploads\/2021\/02\/WhatsApp-Image-2021-02-16-at-7.16.51-PM.jpeg\"><img loading=\"lazy\" width=\"864\" height=\"559\" src=\"http:\/\/visionpeninsular.com\/mid\/wp-content\/uploads\/2021\/02\/WhatsApp-Image-2021-02-16-at-7.16.51-PM.jpeg\" alt=\"\" class=\"wp-image-139862\" srcset=\"https:\/\/visionpeninsular.com\/mid\/wp-content\/uploads\/2021\/02\/WhatsApp-Image-2021-02-16-at-7.16.51-PM.jpeg 864w, https:\/\/visionpeninsular.com\/mid\/wp-content\/uploads\/2021\/02\/WhatsApp-Image-2021-02-16-at-7.16.51-PM-300x194.jpeg 300w, https:\/\/visionpeninsular.com\/mid\/wp-content\/uploads\/2021\/02\/WhatsApp-Image-2021-02-16-at-7.16.51-PM-768x497.jpeg 768w\" sizes=\"(max-width: 864px) 100vw, 864px\" \/><\/a><\/figure>\n\n\n\n<p>Ante la directora del nuevo colegio, Josefina Puerto, el titular de la SOP precis\u00f3 que esta nueva escuela cuenta con 18 salones, 1 aula para la Unidad de Apoyo a la Educaci\u00f3n Regular (USAER), instalaciones sanitarias, oficinas administrativas, plaza c\u00edvica, andadores, cancha de usos m\u00faltiples, y barda perimetral.<\/p>\n\n\n\n<p>Posteriormente, Vila Dosal se traslad\u00f3 al interior del reci\u00e9n creado centro educativo para develar la placa conmemorativa y supervisar la entrega de mobiliario para escuelas de este municipio.<\/p>\n\n\n\n<figure class=\"wp-block-image size-large\"><a href=\"http:\/\/visionpeninsular.com\/mid\/wp-content\/uploads\/2021\/02\/WhatsApp-Image-2021-02-16-at-7.16.49-PM.jpeg\"><img loading=\"lazy\" width=\"1024\" height=\"682\" src=\"http:\/\/visionpeninsular.com\/mid\/wp-content\/uploads\/2021\/02\/WhatsApp-Image-2021-02-16-at-7.16.49-PM-1024x682.jpeg\" alt=\"\" class=\"wp-image-139863\" srcset=\"https:\/\/visionpeninsular.com\/mid\/wp-content\/uploads\/2021\/02\/WhatsApp-Image-2021-02-16-at-7.16.49-PM-1024x682.jpeg 1024w, https:\/\/visionpeninsular.com\/mid\/wp-content\/uploads\/2021\/02\/WhatsApp-Image-2021-02-16-at-7.16.49-PM-300x200.jpeg 300w, https:\/\/visionpeninsular.com\/mid\/wp-content\/uploads\/2021\/02\/WhatsApp-Image-2021-02-16-at-7.16.49-PM-768x512.jpeg 768w, https:\/\/visionpeninsular.com\/mid\/wp-content\/uploads\/2021\/02\/WhatsApp-Image-2021-02-16-at-7.16.49-PM-310x205.jpeg 310w, https:\/\/visionpeninsular.com\/mid\/wp-content\/uploads\/2021\/02\/WhatsApp-Image-2021-02-16-at-7.16.49-PM.jpeg 1280w\" sizes=\"(max-width: 1024px) 100vw, 1024px\" \/><\/a><\/figure>\n\n\n\n<p>Al respecto, la titular de la Segey, junto a los directores y las directoras de los planteles beneficiados, detall\u00f3 que en Tizim\u00edn se apoya a un total de 1,690 alumnos de 36 colegios con la entrega de mobiliario, incluidos los planteles de tiempo completo, con una inversi\u00f3n de recursos de casi 1 mill\u00f3n de pesos.<\/p>\n\n\n\n<p>De manera espec\u00edfica, Villanueva Trujillo detall\u00f3 que se entrega mobiliario, entre sillas, sillas con paleta para diestros y zurdos, escritorios, mesas, entre otras piezas, a 11 escuelas de nivel b\u00e1sico no solo de la cabecera municipal de Tizim\u00edn, sino que tambi\u00e9n de las comisar\u00edas de Chancenote, San Andr\u00e9s, Cabich\u00e9n, Dzonot Carretero, San Juan, San Jos\u00e9 Montecristo, Cenote Azul, El Ed\u00e9n, San Isidro, Luis Rosado Vega, Kabich\u00e9n, Chenkek\u00e9n, el Cuyo y Tixcancal.<\/p>\n\n\n\n<figure class=\"wp-block-image size-large\"><a href=\"http:\/\/visionpeninsular.com\/mid\/wp-content\/uploads\/2021\/02\/WhatsApp-Image-2021-02-16-at-7.16.48-PM.jpeg\"><img loading=\"lazy\" width=\"1024\" height=\"682\" src=\"http:\/\/visionpeninsular.com\/mid\/wp-content\/uploads\/2021\/02\/WhatsApp-Image-2021-02-16-at-7.16.48-PM-1024x682.jpeg\" alt=\"\" class=\"wp-image-139864\" srcset=\"https:\/\/visionpeninsular.com\/mid\/wp-content\/uploads\/2021\/02\/WhatsApp-Image-2021-02-16-at-7.16.48-PM-1024x682.jpeg 1024w, https:\/\/visionpeninsular.com\/mid\/wp-content\/uploads\/2021\/02\/WhatsApp-Image-2021-02-16-at-7.16.48-PM-300x200.jpeg 300w, https:\/\/visionpeninsular.com\/mid\/wp-content\/uploads\/2021\/02\/WhatsApp-Image-2021-02-16-at-7.16.48-PM-768x512.jpeg 768w, https:\/\/visionpeninsular.com\/mid\/wp-content\/uploads\/2021\/02\/WhatsApp-Image-2021-02-16-at-7.16.48-PM-310x205.jpeg 310w, https:\/\/visionpeninsular.com\/mid\/wp-content\/uploads\/2021\/02\/WhatsApp-Image-2021-02-16-at-7.16.48-PM.jpeg 1280w\" sizes=\"(max-width: 1024px) 100vw, 1024px\" \/><\/a><\/figure>\n\n\n\n<p>Respecto a la entrega de equipo para las escuelas de tiempo completo, la titular de la Segey inform\u00f3 que se dota a estos planteles con art\u00edculos de limpieza y aparatos de cocina, entre los que se encuentran horno de microondas, estufa, refrigerador, congelador, escobas, cubetas, botiqu\u00edn e incluso tablas de diferentes colores para cortar y as\u00ed evitar la contaminaci\u00f3n de alimentos, entre otros, ya que estos colegios cuentan con comedor y cocinas para otorgar alimentaci\u00f3n a sus alumnos y esto, enfatiz\u00f3, debe hacerse bajo todas las normas de higiene necesarias cuando los menores puedan regresar a clases presenciales.<\/p>\n\n\n\n<p>A trav\u00e9s del programa Escuelas de Tiempo Completo, se beneficia a 16,508 alumnos de 49 municipios y se sigue entregando mobiliario escolar para apoyar a 367 escuelas de 79 demarcaciones.<\/p>\n\n\n\n<figure class=\"wp-block-image size-large\"><a href=\"http:\/\/visionpeninsular.com\/mid\/wp-content\/uploads\/2021\/02\/WhatsApp-Image-2021-02-16-at-7.16.48-PM-1.jpeg\"><img loading=\"lazy\" width=\"1024\" height=\"682\" src=\"http:\/\/visionpeninsular.com\/mid\/wp-content\/uploads\/2021\/02\/WhatsApp-Image-2021-02-16-at-7.16.48-PM-1-1024x682.jpeg\" alt=\"\" class=\"wp-image-139865\" srcset=\"https:\/\/visionpeninsular.com\/mid\/wp-content\/uploads\/2021\/02\/WhatsApp-Image-2021-02-16-at-7.16.48-PM-1-1024x682.jpeg 1024w, https:\/\/visionpeninsular.com\/mid\/wp-content\/uploads\/2021\/02\/WhatsApp-Image-2021-02-16-at-7.16.48-PM-1-300x200.jpeg 300w, https:\/\/visionpeninsular.com\/mid\/wp-content\/uploads\/2021\/02\/WhatsApp-Image-2021-02-16-at-7.16.48-PM-1-768x512.jpeg 768w, https:\/\/visionpeninsular.com\/mid\/wp-content\/uploads\/2021\/02\/WhatsApp-Image-2021-02-16-at-7.16.48-PM-1-310x205.jpeg 310w, https:\/\/visionpeninsular.com\/mid\/wp-content\/uploads\/2021\/02\/WhatsApp-Image-2021-02-16-at-7.16.48-PM-1.jpeg 1280w\" sizes=\"(max-width: 1024px) 100vw, 1024px\" \/><\/a><\/figure>\n\n\n\n<p>Posterior a la entrega de equipamiento, el Gobernador convers\u00f3 con las directoras y directores presentes, de quienes escuch\u00f3 diversos planteamientos y les reconoci\u00f3 el esfuerzo que vienen haciendo para impartir ense\u00f1anza a distancia, debido a la emergencia sanitaria por el Coronavirus, al tiempo que les pidi\u00f3 continuar apoyando a los estudiantes yucatecos.<\/p>\n\n\n\n<figure class=\"wp-block-image size-large\"><a href=\"http:\/\/visionpeninsular.com\/mid\/wp-content\/uploads\/2021\/02\/WhatsApp-Image-2021-02-16-at-7.16.47-PM.jpeg\"><img loading=\"lazy\" width=\"889\" height=\"588\" src=\"http:\/\/visionpeninsular.com\/mid\/wp-content\/uploads\/2021\/02\/WhatsApp-Image-2021-02-16-at-7.16.47-PM.jpeg\" alt=\"\" class=\"wp-image-139866\" srcset=\"https:\/\/visionpeninsular.com\/mid\/wp-content\/uploads\/2021\/02\/WhatsApp-Image-2021-02-16-at-7.16.47-PM.jpeg 889w, https:\/\/visionpeninsular.com\/mid\/wp-content\/uploads\/2021\/02\/WhatsApp-Image-2021-02-16-at-7.16.47-PM-300x198.jpeg 300w, https:\/\/visionpeninsular.com\/mid\/wp-content\/uploads\/2021\/02\/WhatsApp-Image-2021-02-16-at-7.16.47-PM-768x508.jpeg 768w, https:\/\/visionpeninsular.com\/mid\/wp-content\/uploads\/2021\/02\/WhatsApp-Image-2021-02-16-at-7.16.47-PM-310x205.jpeg 310w\" sizes=\"(max-width: 889px) 100vw, 889px\" \/><\/a><\/figure>\n\n\n\n<p>Asimismo, Vila Dosal explic\u00f3 que, debido a los recortes presupuestales, el Gobierno estatal recibir\u00e1 este a\u00f1o 2,000 mil millones de pesos menos, no obstante, les asegur\u00f3 que con lo que haya disponible se seguir\u00e1 trabajando y se buscar\u00e1 la forma de hacerlo m\u00e1s eficientes para seguir respaldando al sector educativo.<\/p>\n\n\n\n<p>\u201cEl a\u00f1o pasado fue el m\u00e1s dif\u00edcil en la historia de Yucat\u00e1n con la pandemia y la llegada de tres tormentas tropicales y dos huracanes que trajeron consigo el r\u00e9cord de lluvias m\u00e1s alto en un a\u00f1o jam\u00e1s registrado, por lo que fue totalmente at\u00edpico. Les pido es de su apoyo con el gran esfuerzo que han hecho hasta ahora, atendiendo a alumnos y padres de familia para evitar deserci\u00f3n de alumnos. Para que cuando podamos regresar a clases, lo hagamos con el mismo n\u00famero de alumnos matriculados\u201d, enfatiz\u00f3 Vila Dosal.<\/p>\n\n\n\n<figure class=\"wp-block-image size-large\"><a href=\"http:\/\/visionpeninsular.com\/mid\/wp-content\/uploads\/2021\/02\/WhatsApp-Image-2021-02-16-at-7.16.50-PM.jpeg\"><img loading=\"lazy\" width=\"1024\" height=\"682\" src=\"http:\/\/visionpeninsular.com\/mid\/wp-content\/uploads\/2021\/02\/WhatsApp-Image-2021-02-16-at-7.16.50-PM-1024x682.jpeg\" alt=\"\" class=\"wp-image-139867\" srcset=\"https:\/\/visionpeninsular.com\/mid\/wp-content\/uploads\/2021\/02\/WhatsApp-Image-2021-02-16-at-7.16.50-PM-1024x682.jpeg 1024w, https:\/\/visionpeninsular.com\/mid\/wp-content\/uploads\/2021\/02\/WhatsApp-Image-2021-02-16-at-7.16.50-PM-300x200.jpeg 300w, https:\/\/visionpeninsular.com\/mid\/wp-content\/uploads\/2021\/02\/WhatsApp-Image-2021-02-16-at-7.16.50-PM-768x512.jpeg 768w, https:\/\/visionpeninsular.com\/mid\/wp-content\/uploads\/2021\/02\/WhatsApp-Image-2021-02-16-at-7.16.50-PM-310x205.jpeg 310w, https:\/\/visionpeninsular.com\/mid\/wp-content\/uploads\/2021\/02\/WhatsApp-Image-2021-02-16-at-7.16.50-PM.jpeg 1280w\" sizes=\"(max-width: 1024px) 100vw, 1024px\" \/><\/a><\/figure>\n\n\n\n<p>Durante esta visita de trabajo en Tizim\u00edn, acompa\u00f1aron al Gobernador, el secretario de Desarrollo Social del estado (Sedesol), Roger Torres Peniche; el director general del Instituto para el Desarrollo y Certificaci\u00f3n de la Infraestructura F\u00edsica Educativa y El\u00e9ctrica de Yucat\u00e1n (Idefeey), Luis Jorge Montalvo Duarte, el diputado federal, Jes\u00fas Vidal Peniche,&nbsp; la diputada local, Mirthea Arjona Mart\u00edn; el presidentes de la Uni\u00f3n Ganadera Regional del Oriente de Yucat\u00e1n (UGROY), Esteban Abraham Macari; y los empresarios Liborio Vidal Aguilar y Pedro Couoh Suaste.<\/p>\n<div class='share-to-whatsapp-wrapper'><div class='share-on-whsp'>Share on: <\/div><a data-text='Nuevos espacios educativos y mobiliario para estudiantes de escuelas p\u00fablicas del oriente de Yucat\u00e1n' data-link='https:\/\/visionpeninsular.com\/mid\/nuevos-espacios-educativos-y-mobiliario-para-estudiantes-de-escuelas-publicas-del-oriente-de-yucatan\/' class='whatsapp-button whatsapp-share'>WhatsApp<\/a><div class='clear '><\/div><\/div>","protected":false},"excerpt":{"rendered":"<p>-El Gobernador Mauricio Vila Dosal encabez\u00f3 en Tizim\u00edn la ceremonia de inauguraci\u00f3n de la escuela primaria \u201cOtilia L\u00f3pez\u201d y supervis\u00f3 la entrega de mobiliario y equipamiento para planteles educativos. Tizim\u00edn, Yucat\u00e1n, 16 de febrero de 2021.- M\u00e1s de 13,000 estudiantes de Tizim\u00edn y sus comisar\u00edas se beneficiar\u00e1n con los nuevos espacios educativos, mobiliario y equipo &hellip;<\/p>\n","protected":false},"author":5,"featured_media":139860,"comment_status":"open","ping_status":"open","sticky":false,"template":"","format":"standard","meta":{"_mi_skip_tracking":false},"categories":[49,37],"tags":[185,3861,25940,25941,604,526],"_links":{"self":[{"href":"https:\/\/visionpeninsular.com\/mid\/wp-json\/wp\/v2\/posts\/139859"}],"collection":[{"href":"https:\/\/visionpeninsular.com\/mid\/wp-json\/wp\/v2\/posts"}],"about":[{"href":"https:\/\/visionpeninsular.com\/mid\/wp-json\/wp\/v2\/types\/post"}],"author":[{"embeddable":true,"href":"https:\/\/visionpeninsular.com\/mid\/wp-json\/wp\/v2\/users\/5"}],"replies":[{"embeddable":true,"href":"https:\/\/visionpeninsular.com\/mid\/wp-json\/wp\/v2\/comments?post=139859"}],"version-history":[{"count":1,"href":"https:\/\/visionpeninsular.com\/mid\/wp-json\/wp\/v2\/posts\/139859\/revisions"}],"predecessor-version":[{"id":139868,"href":"https:\/\/visionpeninsular.com\/mid\/wp-json\/wp\/v2\/posts\/139859\/revisions\/139868"}],"wp:featuredmedia":[{"embeddable":true,"href":"https:\/\/visionpeninsular.com\/mid\/wp-json\/wp\/v2\/media\/139860"}],"wp:attachment":[{"href":"https:\/\/visionpeninsular.com\/mid\/wp-json\/wp\/v2\/media?parent=139859"}],"wp:term":[{"taxonomy":"category","embeddable":true,"href":"https:\/\/visionpeninsular.com\/mid\/wp-json\/wp\/v2\/categories?post=139859"},{"taxonomy":"post_tag","embeddable":true,"href":"https:\/\/visionpeninsular.com\/mid\/wp-json\/wp\/v2\/tags?post=139859"}],"curies":[{"name":"wp","href":"https:\/\/api.w.org\/{rel}","templated":true}]}}