{"id":1396,"date":"2016-03-08T16:08:07","date_gmt":"2016-03-08T22:08:07","guid":{"rendered":"http:\/\/visionpeninsular.com\/mid\/?p=1396"},"modified":"2016-03-08T16:08:07","modified_gmt":"2016-03-08T22:08:07","slug":"ya-son-dos-yucatecos-muertos-a-causa-de-la-influenza-ah1n1","status":"publish","type":"post","link":"https:\/\/visionpeninsular.com\/mid\/ya-son-dos-yucatecos-muertos-a-causa-de-la-influenza-ah1n1\/","title":{"rendered":"Ya son dos yucatecos muertos a causa de la influenza AH1N1"},"content":{"rendered":"<p>La Secretar\u00eda de Salud Federal confirm\u00f3 las muertes de dos yucatecos a causa de la influenza AH1N1, los decesos pertenecen a una f\u00e9mina de 55 a\u00f1os y un hombre de 59, por motivos de privacidad se desconoce sus lugares de procedencia.<\/p>\n<p>En lo que va del a\u00f1o, ya son 36 los casos confirmados de influenza en Yucat\u00e1n, cifra que se suma a los 15 casos confirmados en el inicio de temporada de octubre del 2015.<\/p>\n<p>Los contagios por el virus de influenza tuvieron un repunte en Yucat\u00e1n en las dos primeras semanas del mes de febrero, acumulando 12 casos que se sumaron a los cinco que se hab\u00edan registrado al inicio de 2016, es decir, en dos semanas se triplicaron.<\/p>\n<p>Por el momento el Tamifl\u00fa (Oseltamivir), medicamento que se utiliza para el tratamiento de la influenza ya se encuentra disponible en las farmacias de la entidad, a pesar de que algunas semanas atr\u00e1s, este mismo se hubiera visto agotado.<\/p>\n<p>Por su parte, la SSY se\u00f1al\u00f3 la importancia de que la ciudadan\u00eda sepa diferenciar entre una infecci\u00f3n respiratoria aguda y una por el virus de influenza, en la \u00faltima, los s\u00edntomas se presentan de manera m\u00e1s intensa y de forma abrupta.<\/p>\n<p>Fuente: Yucat\u00e1n al minuto<\/p>\n<div class='share-to-whatsapp-wrapper'><div class='share-on-whsp'>Share on: <\/div><a data-text='Ya son dos yucatecos muertos a causa de la influenza AH1N1' data-link='https:\/\/visionpeninsular.com\/mid\/ya-son-dos-yucatecos-muertos-a-causa-de-la-influenza-ah1n1\/' class='whatsapp-button whatsapp-share'>WhatsApp<\/a><div class='clear '><\/div><\/div>","protected":false},"excerpt":{"rendered":"<p>La Secretar\u00eda de Salud Federal confirm\u00f3 las muertes de dos yucatecos a causa de la influenza AH1N1, los decesos pertenecen a una f\u00e9mina de 55 a\u00f1os y un hombre de 59, por motivos de privacidad se desconoce sus lugares de procedencia. En lo que va del a\u00f1o, ya son 36 los casos confirmados de influenza &hellip;<\/p>\n","protected":false},"author":3,"featured_media":1397,"comment_status":"open","ping_status":"open","sticky":false,"template":"","format":"standard","meta":{"_mi_skip_tracking":false},"categories":[50,37],"tags":[159,161,160],"_links":{"self":[{"href":"https:\/\/visionpeninsular.com\/mid\/wp-json\/wp\/v2\/posts\/1396"}],"collection":[{"href":"https:\/\/visionpeninsular.com\/mid\/wp-json\/wp\/v2\/posts"}],"about":[{"href":"https:\/\/visionpeninsular.com\/mid\/wp-json\/wp\/v2\/types\/post"}],"author":[{"embeddable":true,"href":"https:\/\/visionpeninsular.com\/mid\/wp-json\/wp\/v2\/users\/3"}],"replies":[{"embeddable":true,"href":"https:\/\/visionpeninsular.com\/mid\/wp-json\/wp\/v2\/comments?post=1396"}],"version-history":[{"count":1,"href":"https:\/\/visionpeninsular.com\/mid\/wp-json\/wp\/v2\/posts\/1396\/revisions"}],"predecessor-version":[{"id":1398,"href":"https:\/\/visionpeninsular.com\/mid\/wp-json\/wp\/v2\/posts\/1396\/revisions\/1398"}],"wp:featuredmedia":[{"embeddable":true,"href":"https:\/\/visionpeninsular.com\/mid\/wp-json\/wp\/v2\/media\/1397"}],"wp:attachment":[{"href":"https:\/\/visionpeninsular.com\/mid\/wp-json\/wp\/v2\/media?parent=1396"}],"wp:term":[{"taxonomy":"category","embeddable":true,"href":"https:\/\/visionpeninsular.com\/mid\/wp-json\/wp\/v2\/categories?post=1396"},{"taxonomy":"post_tag","embeddable":true,"href":"https:\/\/visionpeninsular.com\/mid\/wp-json\/wp\/v2\/tags?post=1396"}],"curies":[{"name":"wp","href":"https:\/\/api.w.org\/{rel}","templated":true}]}}