{"id":13949,"date":"2016-10-05T11:00:49","date_gmt":"2016-10-05T16:00:49","guid":{"rendered":"http:\/\/visionpeninsular.com\/mid\/?p=13949"},"modified":"2016-10-05T11:00:49","modified_gmt":"2016-10-05T16:00:49","slug":"cen-del-pri-refrenda-confianza-en-jcrm","status":"publish","type":"post","link":"https:\/\/visionpeninsular.com\/mid\/cen-del-pri-refrenda-confianza-en-jcrm\/","title":{"rendered":"CEN del PRI refrenda confianza en JCRM"},"content":{"rendered":"<p>En una muestra de confianza a su desempe\u00f1o, el diputado federal Jorge Carlos Ram\u00edrez Mar\u00edn fue ratificado este d\u00eda, por segunda ocasi\u00f3n consecutiva, como representante del Partido Revolucionario Institucional ante el Instituto Nacional Electoral (INE), cargo que ostenta desde hace m\u00e1s de un a\u00f1o. <\/p>\n<p>El presidente del Comit\u00e9 Ejecutivo Nacional del PRI, Enrique Ochoa Reza, tom\u00f3 la protesta a los integrantes de su equipo de trabajo, entre los que figura el legislador yucateco, quien tambi\u00e9n es vicecoordinador del Grupo Parlamentario del PRI en la C\u00e1mara de Diputados. <\/p>\n<p>En marzo de 2015, C\u00e9sar Camacho Quiroz, entonces l\u00edder nacional del PRI, nombr\u00f3 a Ram\u00edrez Mar\u00edn como representante del PRI ante el Consejo General del INE. <\/p>\n<p>Al dejar el cargo en octubre de ese mismo a\u00f1o, fue relevado en el CEN por Manlio Fabio Beltrones, quien ratific\u00f3 al legislador yucateco como representante ante el organismo electoral. En esta ocasi\u00f3n, Ochoa Reza, vuelve a confiar en el pol\u00edtico yucateco para llevar la representaci\u00f3n de su partido ante el INE. <\/p>\n<p>En la ceremonia, que se llev\u00f3 a cabo en el sal\u00f3n \u201cAlfonso Reyes\u201d de la sede nacional priista, y tras rendir la protesta de estilo, Ram\u00edrez Mar\u00edn afirm\u00f3 que el reto actual es demostrar que el PRI es un partido de la sociedad y que las causas que abandera son las de los ciudadanos. <\/p>\n<p>El pol\u00edtico yucateco indic\u00f3 que su principal tarea en el INE ser\u00e1 defender los derechos y responsabilidades de su partido, no permitir que los adversarios traten de da\u00f1arlo, as\u00ed como hacer que se cumpla la Ley y los principios rectores de los procesos electorales. Ram\u00edrez Mar\u00edn dijo que cada uno de los integrantes del CEN del PRI tiene la capacidad para cumplir la encomienda que les fue otorgada, as\u00ed como la altura de miras para enfrentar los retos y las coyunturas que puedan suscitarse. <\/p>\n<p>Al tomar la protesta a sus colaboradores, Ochoa Reza afirm\u00f3 que, de acuerdo con el compromiso que asumi\u00f3, el nuevo Comit\u00e9 Ejecutivo Nacional se conform\u00f3 con una representatividad regional, generacional y con paridad de g\u00e9nero. <\/p>\n<p>Los destacados militantes, indic\u00f3, representan la capacidad y el deseo del partido de redoblar esfuerzos y contribuir a la consolidaci\u00f3n democr\u00e1tica del pa\u00eds. \u201cCon la riqueza de perfiles, or\u00edgenes y formaciones, este equipo de trabajo privilegiar\u00e1 el di\u00e1logo, la pluralidad y la unidad, como valores insustituibles para servirle a M\u00e9xico e iniciar una nueva etapa para hacer frente a los retos que tenemos por delante\u201d, subray\u00f3 el l\u00edder nacional priista. Ochoa Reza puntualiz\u00f3 que \u201cel pasado 5 de junio la ciudadan\u00eda envi\u00f3 un mensaje muy claro: tenemos que cambiar, y ya lo estamos haciendo. <\/p>\n<p>En el PRI, como el partido con mayor responsabilidad hist\u00f3rica con M\u00e9xico, no podemos hacer caso omiso a dicho mensaje. Debemos asumirlo con seriedad y compromiso\u201d, subray\u00f3. El l\u00edder del tricolor precis\u00f3 que la respuesta del PRI al mensaje ciudadano es que defender\u00e1 con mayor pasi\u00f3n y entereza las grandes causas de la sociedad mexicana y enfatiz\u00f3 que: \u201cestamos convencidos de que sabremos cumplirle a la gente con resultados\u201d.<\/p>\n<div class='share-to-whatsapp-wrapper'><div class='share-on-whsp'>Share on: <\/div><a data-text='CEN del PRI refrenda confianza en JCRM' data-link='https:\/\/visionpeninsular.com\/mid\/cen-del-pri-refrenda-confianza-en-jcrm\/' class='whatsapp-button whatsapp-share'>WhatsApp<\/a><div class='clear '><\/div><\/div>","protected":false},"excerpt":{"rendered":"<p>En una muestra de confianza a su desempe\u00f1o, el diputado federal Jorge Carlos Ram\u00edrez Mar\u00edn fue ratificado este d\u00eda, por segunda ocasi\u00f3n consecutiva, como representante del Partido Revolucionario Institucional ante el Instituto Nacional Electoral (INE), cargo que ostenta desde hace m\u00e1s de un a\u00f1o. El presidente del Comit\u00e9 Ejecutivo Nacional del PRI, Enrique Ochoa Reza, &hellip;<\/p>\n","protected":false},"author":1,"featured_media":13950,"comment_status":"open","ping_status":"open","sticky":false,"template":"","format":"standard","meta":{"_mi_skip_tracking":false},"categories":[49],"tags":[623,66],"_links":{"self":[{"href":"https:\/\/visionpeninsular.com\/mid\/wp-json\/wp\/v2\/posts\/13949"}],"collection":[{"href":"https:\/\/visionpeninsular.com\/mid\/wp-json\/wp\/v2\/posts"}],"about":[{"href":"https:\/\/visionpeninsular.com\/mid\/wp-json\/wp\/v2\/types\/post"}],"author":[{"embeddable":true,"href":"https:\/\/visionpeninsular.com\/mid\/wp-json\/wp\/v2\/users\/1"}],"replies":[{"embeddable":true,"href":"https:\/\/visionpeninsular.com\/mid\/wp-json\/wp\/v2\/comments?post=13949"}],"version-history":[{"count":1,"href":"https:\/\/visionpeninsular.com\/mid\/wp-json\/wp\/v2\/posts\/13949\/revisions"}],"predecessor-version":[{"id":13951,"href":"https:\/\/visionpeninsular.com\/mid\/wp-json\/wp\/v2\/posts\/13949\/revisions\/13951"}],"wp:featuredmedia":[{"embeddable":true,"href":"https:\/\/visionpeninsular.com\/mid\/wp-json\/wp\/v2\/media\/13950"}],"wp:attachment":[{"href":"https:\/\/visionpeninsular.com\/mid\/wp-json\/wp\/v2\/media?parent=13949"}],"wp:term":[{"taxonomy":"category","embeddable":true,"href":"https:\/\/visionpeninsular.com\/mid\/wp-json\/wp\/v2\/categories?post=13949"},{"taxonomy":"post_tag","embeddable":true,"href":"https:\/\/visionpeninsular.com\/mid\/wp-json\/wp\/v2\/tags?post=13949"}],"curies":[{"name":"wp","href":"https:\/\/api.w.org\/{rel}","templated":true}]}}