{"id":139354,"date":"2021-01-29T13:18:22","date_gmt":"2021-01-29T19:18:22","guid":{"rendered":"http:\/\/visionpeninsular.com\/mid\/?p=139354"},"modified":"2021-01-29T13:18:29","modified_gmt":"2021-01-29T19:18:29","slug":"frentes-frios-regresaran-a-yucatan-en-febrero","status":"publish","type":"post","link":"https:\/\/visionpeninsular.com\/mid\/frentes-frios-regresaran-a-yucatan-en-febrero\/","title":{"rendered":"Frentes fr\u00edos regresar\u00e1n a Yucat\u00e1n en febrero"},"content":{"rendered":"\n<p>El tiempo invernal retornar\u00e1 este mes de febrero a la pen\u00ednsula de Yucat\u00e1n, ya que comenzar\u00e1n a bajar de nueva cuenta los frentes fr\u00edos.<\/p>\n\n\n\n<p>Actualmente una circulaci\u00f3n anticicl\u00f3nica domina la regi\u00f3n de la Pen\u00ednsula de Yucat\u00e1n, manteniendo ambiente caluroso y estable, y sobre todo bloqueando la llegada de frentes fr\u00edos a la zona. Sin embargo, desde este mes de febrero los patrones atmosf\u00e9ricos cambiar\u00e1n y el tr\u00e1fico de frentes fr\u00edos retornar\u00e1 gradualmente.<\/p>\n\n\n\n<p>Las predicciones meteorol\u00f3gicas indican que desde principios de este mes de febrero el extenso anticicl\u00f3n que cubre la zona de la pen\u00ednsula, comenzar\u00e1 a desplazarse hacia el occidente, dejando el camino libre a la llegada de masas de aire fr\u00edo sobre la regi\u00f3n.<\/p>\n\n\n\n<p>Este anticicl\u00f3n hizo que la temperatura promedio mensual en la zona de la ciudad de M\u00e9rida se ubique hasta el momento en los 24.2\u00b0C, y aunque parec\u00eda ser un enero muy fr\u00edo, definitivamente los n\u00fameros desmienten este hecho, ya que este mes de enero es m\u00e1s c\u00e1lido que los eneros de 2018 y 2013.<\/p>\n\n\n\n<p>No obstante, el ambiente invernal retornar\u00eda en los pr\u00f3ximos d\u00edas ya que adem\u00e1s de que el mencionado anticicl\u00f3n de bloqueo se desplazar\u00e1, se estima que en el transcurso del mes de febrero se manifieste una extensa vaguada polar sobre norteam\u00e9rica, siguiendo un patr\u00f3n de debilitamiento del v\u00f3rtice polar y por ende siguiendo la tendencia de una oscilaci\u00f3n \u00c1rtica en fase negativa.<\/p>\n\n\n\n<p>En consecuencia, es muy probable que se manifiesten varios desbordamientos de aire polar continental y \u00e1rtico hacia latitudes m\u00e1s bajas, condici\u00f3n que reactivar\u00e1 el tr\u00e1fico de frentes fr\u00edos en nuestro pa\u00eds y la pen\u00ednsula de Yucat\u00e1n.<\/p>\n\n\n\n<p>Aunque parezca que este cambio de patrones atmosf\u00e9ricos vaticina fr\u00edo intenso en este mes pr\u00f3ximo, tambi\u00e9n aumenta la probabilidad de tiempo m\u00e1s contrastante, debido a que con el paso de varios frentes frios en nuestra zona, se establecer\u00e1n eventos de \u201csurada\u201d (m\u00e1s calor) y eventos de norte (m\u00e1s fr\u00edo) en periodos de tiempo m\u00e1s cortos. Esto definitivamente podr\u00eda causar un impacto en la salud de la poblaci\u00f3n por cambios bruscos de temperatura.<\/p>\n\n\n\n<p>As\u00ed que m\u00e1s que prepararse para una heladez prolongada en la pen\u00ednsula por el retorno de los frentes, lo ideal es cuidarse de un periodo de tiempo \u201cbipolar\u201d, que por cierto ocurre muchas veces en los meses de febrero.<\/p>\n\n\n\n<p>Frente fr\u00edo n\u00famero 32 llega a la pen\u00ednsula<\/p>\n\n\n\n<p>El sistema frontal n\u00famero 32 favorecer\u00e1 en el transcurso del d\u00eda de hoy lluvias y tormentas el\u00e9ctricas de moderadas a fuertes en los estados de Yucat\u00e1n, Campeche y Quintana Roo, adem\u00e1s de evento de \u201cnorte\u201d moderado con vientos m\u00e1ximos de hasta 55 km\/h.<\/p>\n\n\n\n<p>La masa de aire polar continental que le da impulso propiciar\u00e1 un fin de semana fr\u00edo, con temperaturas que podr\u00edan descender hasta los 10 \u00b0C o menos.<\/p>\n\n\n\n<p>Met. Juan Antonio Palma Sol\u00eds<\/p>\n\n\n\n<p>Coordinador de Meteored.mx<\/p>\n<div class='share-to-whatsapp-wrapper'><div class='share-on-whsp'>Share on: <\/div><a data-text='Frentes fr\u00edos regresar\u00e1n a Yucat\u00e1n en febrero' data-link='https:\/\/visionpeninsular.com\/mid\/frentes-frios-regresaran-a-yucatan-en-febrero\/' class='whatsapp-button whatsapp-share'>WhatsApp<\/a><div class='clear '><\/div><\/div>","protected":false},"excerpt":{"rendered":"<p>El tiempo invernal retornar\u00e1 este mes de febrero a la pen\u00ednsula de Yucat\u00e1n, ya que comenzar\u00e1n a bajar de nueva cuenta los frentes fr\u00edos. Actualmente una circulaci\u00f3n anticicl\u00f3nica domina la regi\u00f3n de la Pen\u00ednsula de Yucat\u00e1n, manteniendo ambiente caluroso y estable, y sobre todo bloqueando la llegada de frentes fr\u00edos a la zona. Sin embargo, &hellip;<\/p>\n","protected":false},"author":5,"featured_media":139355,"comment_status":"open","ping_status":"open","sticky":false,"template":"","format":"standard","meta":{"_mi_skip_tracking":false},"categories":[50,37],"tags":[25701,23142,25700],"_links":{"self":[{"href":"https:\/\/visionpeninsular.com\/mid\/wp-json\/wp\/v2\/posts\/139354"}],"collection":[{"href":"https:\/\/visionpeninsular.com\/mid\/wp-json\/wp\/v2\/posts"}],"about":[{"href":"https:\/\/visionpeninsular.com\/mid\/wp-json\/wp\/v2\/types\/post"}],"author":[{"embeddable":true,"href":"https:\/\/visionpeninsular.com\/mid\/wp-json\/wp\/v2\/users\/5"}],"replies":[{"embeddable":true,"href":"https:\/\/visionpeninsular.com\/mid\/wp-json\/wp\/v2\/comments?post=139354"}],"version-history":[{"count":1,"href":"https:\/\/visionpeninsular.com\/mid\/wp-json\/wp\/v2\/posts\/139354\/revisions"}],"predecessor-version":[{"id":139356,"href":"https:\/\/visionpeninsular.com\/mid\/wp-json\/wp\/v2\/posts\/139354\/revisions\/139356"}],"wp:featuredmedia":[{"embeddable":true,"href":"https:\/\/visionpeninsular.com\/mid\/wp-json\/wp\/v2\/media\/139355"}],"wp:attachment":[{"href":"https:\/\/visionpeninsular.com\/mid\/wp-json\/wp\/v2\/media?parent=139354"}],"wp:term":[{"taxonomy":"category","embeddable":true,"href":"https:\/\/visionpeninsular.com\/mid\/wp-json\/wp\/v2\/categories?post=139354"},{"taxonomy":"post_tag","embeddable":true,"href":"https:\/\/visionpeninsular.com\/mid\/wp-json\/wp\/v2\/tags?post=139354"}],"curies":[{"name":"wp","href":"https:\/\/api.w.org\/{rel}","templated":true}]}}