{"id":139156,"date":"2021-01-19T13:48:12","date_gmt":"2021-01-19T19:48:12","guid":{"rendered":"http:\/\/visionpeninsular.com\/mid\/?p=139156"},"modified":"2021-01-19T13:48:23","modified_gmt":"2021-01-19T19:48:23","slug":"yucatan-fortalece-igualdad-entre-mujeres-y-hombres","status":"publish","type":"post","link":"https:\/\/visionpeninsular.com\/mid\/yucatan-fortalece-igualdad-entre-mujeres-y-hombres\/","title":{"rendered":"Yucat\u00e1n fortalece igualdad entre mujeres y hombres"},"content":{"rendered":"\n<p><em>&#8211; Se instala el Consejo Consultivo del Sistema Estatal para la Igualdad entre Mujeres y Hombres.<\/em><\/p>\n\n\n\n<p>M\u00e9rida, Yucat\u00e1n, 19 de enero del 2021.- Para cumplir con la encomienda del Gobernador Mauricio Vila Dosal de promover y fomentar las condiciones para que las mujeres yucatecas accedan a una mejor calidad de vida, se instal\u00f3 el Consejo Consultivo del Sistema Estatal para la Igualdad entre Mujeres y Hombres.<\/p>\n\n\n\n<p>La titular de la Secretar\u00eda de las Mujeres (Semujeres), Mar\u00eda Herrera P\u00e1ramo, presidi\u00f3 el acto en el que participaron instituciones acad\u00e9micas, sociedad civil, c\u00e1maras empresariales y especialistas en temas de g\u00e9nero y derechos humanos, con lo que se da cumplimiento al Decreto 298\/2020 publicado en el Diario Oficial del Estado.<\/p>\n\n\n\n<figure class=\"wp-block-image size-large\"><a href=\"http:\/\/visionpeninsular.com\/mid\/wp-content\/uploads\/2021\/01\/WhatsApp-Image-2021-01-19-at-1.29.42-PM.jpeg\"><img loading=\"lazy\" width=\"1024\" height=\"576\" src=\"http:\/\/visionpeninsular.com\/mid\/wp-content\/uploads\/2021\/01\/WhatsApp-Image-2021-01-19-at-1.29.42-PM-1024x576.jpeg\" alt=\"\" class=\"wp-image-139158\" srcset=\"https:\/\/visionpeninsular.com\/mid\/wp-content\/uploads\/2021\/01\/WhatsApp-Image-2021-01-19-at-1.29.42-PM-1024x576.jpeg 1024w, https:\/\/visionpeninsular.com\/mid\/wp-content\/uploads\/2021\/01\/WhatsApp-Image-2021-01-19-at-1.29.42-PM-300x169.jpeg 300w, https:\/\/visionpeninsular.com\/mid\/wp-content\/uploads\/2021\/01\/WhatsApp-Image-2021-01-19-at-1.29.42-PM-768x432.jpeg 768w, https:\/\/visionpeninsular.com\/mid\/wp-content\/uploads\/2021\/01\/WhatsApp-Image-2021-01-19-at-1.29.42-PM.jpeg 1280w\" sizes=\"(max-width: 1024px) 100vw, 1024px\" \/><\/a><\/figure>\n\n\n\n<p>Este \u00f3rgano se estableci\u00f3 de acuerdo con los lineamientos estipulados en el quinto de los Objetivos de Desarrollo Sostenible de la Agenda 2030, la Ley para la Igualdad entre Mujeres y Hombres del Estado de Yucat\u00e1n y el Plan Estatal de Desarrollo 2018-2024, en su eje transversal n\u00famero cinco \u201cIgualdad de g\u00e9nero, oportunidades y no discriminaci\u00f3n\u201d.<\/p>\n\n\n\n<p>Durante la reuni\u00f3n virtual, se inform\u00f3 la designaci\u00f3n de Jessica Esmeralda Brito Alvarado, directora de Pol\u00edticas para la Igualdad entre Mujeres y Hombres de la Semujeres, como secretaria T\u00e9cnica, el cual estar\u00e1 integrado por 16 personas en representaci\u00f3n de diferentes sectores de la ciudadan\u00eda.<\/p>\n\n\n\n<figure class=\"wp-block-image size-large\"><a href=\"http:\/\/visionpeninsular.com\/mid\/wp-content\/uploads\/2021\/01\/WhatsApp-Image-2021-01-19-at-1.29.45-PM.jpeg\"><img loading=\"lazy\" width=\"1024\" height=\"576\" src=\"http:\/\/visionpeninsular.com\/mid\/wp-content\/uploads\/2021\/01\/WhatsApp-Image-2021-01-19-at-1.29.45-PM-1024x576.jpeg\" alt=\"\" class=\"wp-image-139159\" srcset=\"https:\/\/visionpeninsular.com\/mid\/wp-content\/uploads\/2021\/01\/WhatsApp-Image-2021-01-19-at-1.29.45-PM-1024x576.jpeg 1024w, https:\/\/visionpeninsular.com\/mid\/wp-content\/uploads\/2021\/01\/WhatsApp-Image-2021-01-19-at-1.29.45-PM-300x169.jpeg 300w, https:\/\/visionpeninsular.com\/mid\/wp-content\/uploads\/2021\/01\/WhatsApp-Image-2021-01-19-at-1.29.45-PM-768x432.jpeg 768w, https:\/\/visionpeninsular.com\/mid\/wp-content\/uploads\/2021\/01\/WhatsApp-Image-2021-01-19-at-1.29.45-PM.jpeg 1280w\" sizes=\"(max-width: 1024px) 100vw, 1024px\" \/><\/a><\/figure>\n\n\n\n<p>Las integrantes son Margarita Zarco Salgado, Hissarlik Gonz\u00e1lez Cetz, Helena Rivero Evia, Marcela Dur\u00e1n Rosado, Minerva Zapata Denis, Ana Baquedano Celorio, Marcela Montero Mendoza, Virginia Carrillo Rodr\u00edguez, Milagros del Pilar Herrero Buchanan, Mar\u00eda Eugenia N\u00fa\u00f1ez Zapata, Sara Oliveros L\u00f3pez, Mar\u00eda Liria May Canul, Janitzin Guti\u00e9rrez Mendoza, Alejandra Pacheco Montero, Mar\u00eda Eugenia Mar\u00edn V\u00e1zquez y Lina V\u00e1zquez Canto.<\/p>\n\n\n\n<p>Entre sus atribuciones tendr\u00e1n el planteamiento de pol\u00edticas p\u00fablicas, estrategias, programas y acciones en las que se fomente la igualdad de oportunidades, as\u00ed como el reconocimiento de las mujeres en los \u00e1mbitos educativo, laboral, cultural, pol\u00edtico y deportivo, entre otros, as\u00ed como conocer y emitir opiniones acerca de las acciones gubernamentales, fomentar la elaboraci\u00f3n de estudios e investigaciones, identificar problemas y formular propuestas de atenci\u00f3n.<\/p>\n\n\n\n<p>Adem\u00e1s, con la inclusi\u00f3n de distintos actores de la sociedad, se pretende impulsar la participaci\u00f3n ciudadana en el desarrollo y la evaluaci\u00f3n de las pol\u00edticas p\u00fablicas para disminuir las brechas de g\u00e9nero existentes.<\/p>\n\n\n\n<p>Tambi\u00e9n se consider\u00f3 realizar el plan de trabajo y una mesa para su revisi\u00f3n, por parte del director de Asuntos Jur\u00eddicos de la dependencia, para construir las rutas de revisi\u00f3n de reformas, as\u00ed como para realizar estrategias, desde el \u00e1mbito estatal y de la intervenci\u00f3n de las activistas, para incidir y promocionar los derechos de las mujeres a partir de lo establecido en el Decreto.<\/p>\n\n\n\n<p>Dando seguimiento a las indicaciones del Gobernador Vila Dosal, se incluye en el Consejo al sector empresarial para que pueda sumarse a la pol\u00edtica p\u00fablica en materia de igualdad y construcci\u00f3n de la paz.<\/p>\n<div class='share-to-whatsapp-wrapper'><div class='share-on-whsp'>Share on: <\/div><a data-text='Yucat\u00e1n fortalece igualdad entre mujeres y hombres' data-link='https:\/\/visionpeninsular.com\/mid\/yucatan-fortalece-igualdad-entre-mujeres-y-hombres\/' class='whatsapp-button whatsapp-share'>WhatsApp<\/a><div class='clear '><\/div><\/div>","protected":false},"excerpt":{"rendered":"<p>&#8211; Se instala el Consejo Consultivo del Sistema Estatal para la Igualdad entre Mujeres y Hombres. M\u00e9rida, Yucat\u00e1n, 19 de enero del 2021.- Para cumplir con la encomienda del Gobernador Mauricio Vila Dosal de promover y fomentar las condiciones para que las mujeres yucatecas accedan a una mejor calidad de vida, se instal\u00f3 el Consejo &hellip;<\/p>\n","protected":false},"author":5,"featured_media":139157,"comment_status":"open","ping_status":"open","sticky":false,"template":"","format":"standard","meta":{"_mi_skip_tracking":false},"categories":[49,37],"tags":[185,15140],"_links":{"self":[{"href":"https:\/\/visionpeninsular.com\/mid\/wp-json\/wp\/v2\/posts\/139156"}],"collection":[{"href":"https:\/\/visionpeninsular.com\/mid\/wp-json\/wp\/v2\/posts"}],"about":[{"href":"https:\/\/visionpeninsular.com\/mid\/wp-json\/wp\/v2\/types\/post"}],"author":[{"embeddable":true,"href":"https:\/\/visionpeninsular.com\/mid\/wp-json\/wp\/v2\/users\/5"}],"replies":[{"embeddable":true,"href":"https:\/\/visionpeninsular.com\/mid\/wp-json\/wp\/v2\/comments?post=139156"}],"version-history":[{"count":1,"href":"https:\/\/visionpeninsular.com\/mid\/wp-json\/wp\/v2\/posts\/139156\/revisions"}],"predecessor-version":[{"id":139160,"href":"https:\/\/visionpeninsular.com\/mid\/wp-json\/wp\/v2\/posts\/139156\/revisions\/139160"}],"wp:featuredmedia":[{"embeddable":true,"href":"https:\/\/visionpeninsular.com\/mid\/wp-json\/wp\/v2\/media\/139157"}],"wp:attachment":[{"href":"https:\/\/visionpeninsular.com\/mid\/wp-json\/wp\/v2\/media?parent=139156"}],"wp:term":[{"taxonomy":"category","embeddable":true,"href":"https:\/\/visionpeninsular.com\/mid\/wp-json\/wp\/v2\/categories?post=139156"},{"taxonomy":"post_tag","embeddable":true,"href":"https:\/\/visionpeninsular.com\/mid\/wp-json\/wp\/v2\/tags?post=139156"}],"curies":[{"name":"wp","href":"https:\/\/api.w.org\/{rel}","templated":true}]}}