{"id":138686,"date":"2021-01-05T12:07:06","date_gmt":"2021-01-05T18:07:06","guid":{"rendered":"http:\/\/visionpeninsular.com\/mid\/?p=138686"},"modified":"2021-01-05T12:07:13","modified_gmt":"2021-01-05T18:07:13","slug":"pronostico-de-tres-frentes-frios-con-lluvias-durante-enero-en-yucatan","status":"publish","type":"post","link":"https:\/\/visionpeninsular.com\/mid\/pronostico-de-tres-frentes-frios-con-lluvias-durante-enero-en-yucatan\/","title":{"rendered":"Pron\u00f3stico de tres frentes fr\u00edos con lluvias durante enero en Yucat\u00e1n"},"content":{"rendered":"\n<p>Para este inicio de 2021 se espera que la frecuencia de llegada de frentes fr\u00edos en nuestra regi\u00f3n sea particularmente activa contrastando con el a\u00f1o pasado en el que los sistemas frontales fueron escasos. Esta situaci\u00f3n se debe a una fase negativa de la oscilaci\u00f3n \u00c1rtica y a un debilitamiento del v\u00f3rtice polar.<\/p>\n\n\n\n<p>Desde el pasado mes de diciembre, la oscilaci\u00f3n \u00c1rtica entr\u00f3 a una fase negativa y se espera que contin\u00fae as\u00ed en el transcurso de este mes de enero, situaci\u00f3n que propiciar\u00e1 la llegada de m\u00e1s frentes fr\u00edos a nuestras latitudes.<\/p>\n\n\n\n<p>Cuando la oscilaci\u00f3n \u00c1rtica entra en una fase negativa, se genera un desajuste en la estructura del v\u00f3rtice polar, encargado de mantener atrapado el aire fr\u00edo sobre el polo norte. El debilitamiento del v\u00f3rtice es principalmente un aumento en las presiones, lo cual lo desplaza o divide, dejando desbordar aire muy fr\u00edo hacia los continentes.<\/p>\n\n\n\n<p>Las predicciones meteorol\u00f3gicas se\u00f1alan que el v\u00f3rtice polar tendr\u00e1 un debilitamiento, manteniendo a las oscilaci\u00f3n \u00c1rtica dentro de una fase negativa, por lo que llegar\u00eda a nuestro pa\u00eds varios sistemas frontales en este mes.<\/p>\n\n\n\n<p>Cabe destacar que hace un a\u00f1o, se tuvo una situaci\u00f3n completamente diferente, debido a que la oscilaci\u00f3n \u00c1rtica tuvo una fase positiva que de hecho no se hab\u00eda visto en d\u00e9cadas, por un v\u00f3rtice polar fortalecido que no dej\u00f3 bajar tanto aire fr\u00edo.<\/p>\n\n\n\n<p>Al bajar las masas de aire fr\u00edo, levanta el aire m\u00e1s c\u00e1lido y generan la formaci\u00f3n de frentes fr\u00edos que al llegar al Golfo de M\u00e9xico favorecen eventos de \u201cnorte\u201d y lluvias sobre los estados del sureste del pa\u00eds. Al haber una mayor actividad de frentes, se vaticina fr\u00edo y precipitaciones para la Pen\u00ednsula de Yucat\u00e1n.<\/p>\n\n\n\n<p>Es importante aclarar que esto no quiere decir que se presente fr\u00edo sin precedentes en la pen\u00ednsula, todo depende de la modificaci\u00f3n de las masas de aire, su origen y la intensidad con la que lleguen.<\/p>\n\n\n\n<p>Pron\u00f3stico para este inicio de a\u00f1o<\/p>\n\n\n\n<p>Por todo lo anterior, las predicciones a largo plazo se\u00f1alan que en los estados de Yucat\u00e1n, Campeche y Quintana Roo se tendr\u00e1n condiciones ligeramente m\u00e1s h\u00famedas en este mes de enero, ya que se prev\u00e9 que llueva por encima del promedio este mes, de cerca de 25 mm m\u00e1s de lo normal. En lo que se refiere a las temperaturas, aparentemente no bajar\u00e1n de manera extraordinaria.<\/p>\n\n\n\n<p>Este patr\u00f3n h\u00famedo en la Pen\u00ednsula estar\u00eda asociado a la llegada de frentes fr\u00edos a la zona que tendr\u00edan tendencia a estacionarse o bien, favorecen mucha inestabilidad sobre nuestra regi\u00f3n. Esta situaci\u00f3n es muy com\u00fan cuando se manifiesta el fen\u00f3meno de \u201cLa Ni\u00f1a\u201d adem\u00e1s de que todav\u00eda las temperaturas en la superficie de las aguas del Caribe y Golfo de M\u00e9xico se ubican entre los 26\u00b0C y 28\u00b0C, lo cual aporta energ\u00eda para la formaci\u00f3n de nubes y precipitaciones.<\/p>\n\n\n\n<p>Met. Juan Antonio Palma Sol\u00eds<\/p>\n\n\n\n<p>Coordinador de Meteored.mx<\/p>\n<div class='share-to-whatsapp-wrapper'><div class='share-on-whsp'>Share on: <\/div><a data-text='Pron\u00f3stico de tres frentes fr\u00edos con lluvias durante enero en Yucat\u00e1n' data-link='https:\/\/visionpeninsular.com\/mid\/pronostico-de-tres-frentes-frios-con-lluvias-durante-enero-en-yucatan\/' class='whatsapp-button whatsapp-share'>WhatsApp<\/a><div class='clear '><\/div><\/div>","protected":false},"excerpt":{"rendered":"<p>Para este inicio de 2021 se espera que la frecuencia de llegada de frentes fr\u00edos en nuestra regi\u00f3n sea particularmente activa contrastando con el a\u00f1o pasado en el que los sistemas frontales fueron escasos. Esta situaci\u00f3n se debe a una fase negativa de la oscilaci\u00f3n \u00c1rtica y a un debilitamiento del v\u00f3rtice polar. Desde el &hellip;<\/p>\n","protected":false},"author":5,"featured_media":138687,"comment_status":"open","ping_status":"open","sticky":false,"template":"","format":"standard","meta":{"_mi_skip_tracking":false},"categories":[50,37],"tags":[23142,25452,227],"_links":{"self":[{"href":"https:\/\/visionpeninsular.com\/mid\/wp-json\/wp\/v2\/posts\/138686"}],"collection":[{"href":"https:\/\/visionpeninsular.com\/mid\/wp-json\/wp\/v2\/posts"}],"about":[{"href":"https:\/\/visionpeninsular.com\/mid\/wp-json\/wp\/v2\/types\/post"}],"author":[{"embeddable":true,"href":"https:\/\/visionpeninsular.com\/mid\/wp-json\/wp\/v2\/users\/5"}],"replies":[{"embeddable":true,"href":"https:\/\/visionpeninsular.com\/mid\/wp-json\/wp\/v2\/comments?post=138686"}],"version-history":[{"count":1,"href":"https:\/\/visionpeninsular.com\/mid\/wp-json\/wp\/v2\/posts\/138686\/revisions"}],"predecessor-version":[{"id":138688,"href":"https:\/\/visionpeninsular.com\/mid\/wp-json\/wp\/v2\/posts\/138686\/revisions\/138688"}],"wp:featuredmedia":[{"embeddable":true,"href":"https:\/\/visionpeninsular.com\/mid\/wp-json\/wp\/v2\/media\/138687"}],"wp:attachment":[{"href":"https:\/\/visionpeninsular.com\/mid\/wp-json\/wp\/v2\/media?parent=138686"}],"wp:term":[{"taxonomy":"category","embeddable":true,"href":"https:\/\/visionpeninsular.com\/mid\/wp-json\/wp\/v2\/categories?post=138686"},{"taxonomy":"post_tag","embeddable":true,"href":"https:\/\/visionpeninsular.com\/mid\/wp-json\/wp\/v2\/tags?post=138686"}],"curies":[{"name":"wp","href":"https:\/\/api.w.org\/{rel}","templated":true}]}}