{"id":138178,"date":"2020-12-21T09:28:07","date_gmt":"2020-12-21T15:28:07","guid":{"rendered":"http:\/\/visionpeninsular.com\/mid\/?p=138178"},"modified":"2020-12-21T09:28:15","modified_gmt":"2020-12-21T15:28:15","slug":"mauricio-vila-dosal-y-andres-manuel-lopez-obrador-firman-convenio-para-desarrollo-urbano-y-territorial-de-municipios-donde-pasara-el-tren-maya","status":"publish","type":"post","link":"https:\/\/visionpeninsular.com\/mid\/mauricio-vila-dosal-y-andres-manuel-lopez-obrador-firman-convenio-para-desarrollo-urbano-y-territorial-de-municipios-donde-pasara-el-tren-maya\/","title":{"rendered":"Mauricio Vila Dosal  y Andr\u00e9s Manuel L\u00f3pez Obrador firman convenio para desarrollo urbano y territorial de municipios donde pasar\u00e1 el Tren Maya"},"content":{"rendered":"\n<p><em>&nbsp;-Desde la zona arqueol\u00f3gica de Tulum, Quintana Roo, Vila Dosal asegur\u00f3 que el proyecto del Tren Maya cuenta con el apoyo del Gobierno de Yucat\u00e1n y de los yucatecos para detonar la econom\u00eda y el desarrollo de la regi\u00f3n.<\/em><\/p>\n\n\n\n<p>Tulum, Quintana Roo, 20 de diciembre de 2020.- Habitantes de los municipios yucatecos de Valladolid, Chemax, Tinum, Izamal y M\u00e9rida se beneficiar\u00e1n con obras y acciones que se llevar\u00e1n a cabo el pr\u00f3ximo a\u00f1o con una importante derrama econ\u00f3mica, luego de que el Gobernador Mauricio Vila Dosal, gobernadores de la regi\u00f3n sur-sureste y el presidente Andr\u00e9s Manuel L\u00f3pez Obrador firmaron este d\u00eda el convenio del Programa Regional de Ordenamiento Territorial Tren Maya.<\/p>\n\n\n\n<figure class=\"wp-block-image size-large\"><a href=\"http:\/\/visionpeninsular.com\/mid\/wp-content\/uploads\/2020\/12\/WhatsApp-Image-2020-12-20-at-3.59.21-PM.jpeg\"><img loading=\"lazy\" width=\"1024\" height=\"682\" src=\"http:\/\/visionpeninsular.com\/mid\/wp-content\/uploads\/2020\/12\/WhatsApp-Image-2020-12-20-at-3.59.21-PM-1024x682.jpeg\" alt=\"\" class=\"wp-image-138180\" srcset=\"https:\/\/visionpeninsular.com\/mid\/wp-content\/uploads\/2020\/12\/WhatsApp-Image-2020-12-20-at-3.59.21-PM-1024x682.jpeg 1024w, https:\/\/visionpeninsular.com\/mid\/wp-content\/uploads\/2020\/12\/WhatsApp-Image-2020-12-20-at-3.59.21-PM-300x200.jpeg 300w, https:\/\/visionpeninsular.com\/mid\/wp-content\/uploads\/2020\/12\/WhatsApp-Image-2020-12-20-at-3.59.21-PM-768x511.jpeg 768w, https:\/\/visionpeninsular.com\/mid\/wp-content\/uploads\/2020\/12\/WhatsApp-Image-2020-12-20-at-3.59.21-PM-310x205.jpeg 310w, https:\/\/visionpeninsular.com\/mid\/wp-content\/uploads\/2020\/12\/WhatsApp-Image-2020-12-20-at-3.59.21-PM.jpeg 1280w\" sizes=\"(max-width: 1024px) 100vw, 1024px\" \/><\/a><\/figure>\n\n\n\n<p>Desde la zona arqueol\u00f3gica de Tulum, Vila Dosal suscribi\u00f3 con L\u00f3pez Obrador y los Gobernadores de Quintana Roo, Carlos Joaqu\u00edn Gonz\u00e1lez, Campeche, Carlos Aysa Gonz\u00e1lez, Chiapas, Rutilio Escand\u00f3n Cadenas y Tabasco, Ad\u00e1n Augusto L\u00f3pez Hern\u00e1ndez, dicho acuerdo que tambi\u00e9n beneficiar\u00e1 a pobladores de municipios de esos estados en los que pasar\u00e1 el Tren Maya y que conforman la regi\u00f3n sur-sureste del pa\u00eds.<\/p>\n\n\n\n<figure class=\"wp-block-image size-large\"><a href=\"http:\/\/visionpeninsular.com\/mid\/wp-content\/uploads\/2020\/12\/WhatsApp-Image-2020-12-20-at-3.59.22-PM.jpeg\"><img loading=\"lazy\" width=\"1024\" height=\"682\" src=\"http:\/\/visionpeninsular.com\/mid\/wp-content\/uploads\/2020\/12\/WhatsApp-Image-2020-12-20-at-3.59.22-PM.jpeg\" alt=\"\" class=\"wp-image-138181\" srcset=\"https:\/\/visionpeninsular.com\/mid\/wp-content\/uploads\/2020\/12\/WhatsApp-Image-2020-12-20-at-3.59.22-PM.jpeg 1024w, https:\/\/visionpeninsular.com\/mid\/wp-content\/uploads\/2020\/12\/WhatsApp-Image-2020-12-20-at-3.59.22-PM-300x200.jpeg 300w, https:\/\/visionpeninsular.com\/mid\/wp-content\/uploads\/2020\/12\/WhatsApp-Image-2020-12-20-at-3.59.22-PM-768x512.jpeg 768w, https:\/\/visionpeninsular.com\/mid\/wp-content\/uploads\/2020\/12\/WhatsApp-Image-2020-12-20-at-3.59.22-PM-310x205.jpeg 310w\" sizes=\"(max-width: 1024px) 100vw, 1024px\" \/><\/a><\/figure>\n\n\n\n<p>En su mensaje, el Gobernador yucateco reiter\u00f3 que este importante proyecto de infraestructura ferroviaria contar\u00e1 con el apoyo del Gobierno de Yucat\u00e1n y de los yucatecos, porque a trav\u00e9s de \u00e9l, se detonar\u00e1 la econom\u00eda y el desarrollo de la regi\u00f3n.<\/p>\n\n\n\n<figure class=\"wp-block-image size-large\"><a href=\"http:\/\/visionpeninsular.com\/mid\/wp-content\/uploads\/2020\/12\/WhatsApp-Image-2020-12-20-at-3.59.22-PM-1.jpeg\"><img loading=\"lazy\" width=\"1024\" height=\"682\" src=\"http:\/\/visionpeninsular.com\/mid\/wp-content\/uploads\/2020\/12\/WhatsApp-Image-2020-12-20-at-3.59.22-PM-1-1024x682.jpeg\" alt=\"\" class=\"wp-image-138182\" srcset=\"https:\/\/visionpeninsular.com\/mid\/wp-content\/uploads\/2020\/12\/WhatsApp-Image-2020-12-20-at-3.59.22-PM-1-1024x682.jpeg 1024w, https:\/\/visionpeninsular.com\/mid\/wp-content\/uploads\/2020\/12\/WhatsApp-Image-2020-12-20-at-3.59.22-PM-1-300x200.jpeg 300w, https:\/\/visionpeninsular.com\/mid\/wp-content\/uploads\/2020\/12\/WhatsApp-Image-2020-12-20-at-3.59.22-PM-1-768x511.jpeg 768w, https:\/\/visionpeninsular.com\/mid\/wp-content\/uploads\/2020\/12\/WhatsApp-Image-2020-12-20-at-3.59.22-PM-1-310x205.jpeg 310w, https:\/\/visionpeninsular.com\/mid\/wp-content\/uploads\/2020\/12\/WhatsApp-Image-2020-12-20-at-3.59.22-PM-1.jpeg 1280w\" sizes=\"(max-width: 1024px) 100vw, 1024px\" \/><\/a><\/figure>\n\n\n\n<p>Ante ello, L\u00f3pez Obrador detall\u00f3 que a trav\u00e9s de este convenio se va a promover un desarrollo m\u00e1s igualitario que beneficie a la regi\u00f3n sureste de M\u00e9xico para, de esta forma, impulsar el desarrollo econ\u00f3mico de la regi\u00f3n y de sus habitantes.<\/p>\n\n\n\n<p>\u201cCon este proyecto vamos a impulsar el desarrollo del sureste. Estamos hablando de una inversi\u00f3n en conjunto, porque no solo es el Tren Maya, es tambi\u00e9n el desarrollo de infraestructura para contar con la energ\u00eda el\u00e9ctrica suficiente y contar con gas natural. Es la ampliaci\u00f3n del puerto de Progreso, es producir las gasolinas y sobre todo el desarrollo social de bienestar para la poblaci\u00f3n\u201d, asever\u00f3 el jefe del Ejecutivo federal.<\/p>\n\n\n\n<p>Por tal raz\u00f3n, L\u00f3pez Obrador agradeci\u00f3 a Vila Dosal y a los dem\u00e1s Gobernadores presentes, ya que asegur\u00f3 ha contado con el apoyo de \u00e9stos para la concreci\u00f3n de esta relevante obra de infraestructura. \u201cHablamos de una inversi\u00f3n de 200 mil millones de pesos para estos cinco estados con el proyecto del Tren Maya y otras acciones que son fundamentales y porque como se ha dicho, se trata de un programa integral. Agradezco mucho a los gobernadores, de manera sincera, por su apoyo.&nbsp; Esto nos ayuda a todos y ayuda m\u00e1s, desde luego y ese el prop\u00f3sito principal, a nuestro pueblo\u201d, indic\u00f3 el primer mandatario.<\/p>\n\n\n\n<p>Ante los Gobernadores presentes y funcionarios federales, Vila Dosal insisti\u00f3 en que el Tren Maya es un proyecto de infraestructura de suma importancia para la regi\u00f3n sureste del pa\u00eds, el cual desde el inicio de la administraci\u00f3n federal actual se ha planteado como una de las principales prioridades en el sur-sureste, el cual no qued\u00f3 \u00fanicamente en el discurso, sino que se est\u00e1 viendo reflejado en acciones concretas.<\/p>\n\n\n\n<p>\u201cSin duda, uno de los grandes problemas que hemos tenido en el pa\u00eds es la desigualdad entre el centro, el norte y el sur-sureste. Esa gran desigualdad se ha dado por la falta de obras de infraestructura que nos permitan competir con otros lugares de la Rep\u00fablica en igualdad de circunstancias. Por eso, cuando se hizo el anuncio del Tren Maya, fue algo muy importante para Yucat\u00e1n, porque nos permite generar esa infraestructura que no solamente impulse la creaci\u00f3n de empleos, sino que generar\u00e1 el desarrollo durante muchos, muchos a\u00f1os\u201d, enfatiz\u00f3 el Gobernador de Yucat\u00e1n.<\/p>\n\n\n\n<p>Pero tambi\u00e9n, agreg\u00f3 Vila Dosal, hay que recalcar que durante muchos a\u00f1os ha habido obras de infraestructura que, aunque son buenas, generan m\u00e1s desigualdad en los lugares donde se construyen, creando zonas de muy alta calidad de vida, pero al lado vemos zonas de muy alta marginaci\u00f3n.<\/p>\n\n\n\n<p>Por eso, el Gobernador yucateco reconoci\u00f3 que el Gobierno Federal impulsa una pol\u00edtica integral en el Convenio de Ordenamiento Territorial para que la desigualdad de desarrollo en la regi\u00f3n se reduzca, ya que hoy se contemplan inversiones muy importantes en muchos municipios marginados que van a estar al paso del Tren Maya.<\/p>\n\n\n\n<p>\u201cY en Yucat\u00e1n estamos muy contentos de que 5 municipios hayan sido incluidos en este ordenamiento territorial, porque no solamente nos va a permitir planear mejor su crecimiento, sino tambi\u00e9n tener recursos disponibles para obras que beneficien directamente a la gente\u201d, enfatiz\u00f3 Vila Dosal.<\/p>\n\n\n\n<p>En este sentido, el Gobernador extern\u00f3 su agradecimiento a L\u00f3pez Obrador por el&nbsp; apoyo que recibe nuestra entidad para impulsar proyectos como el del Tren Maya as\u00ed como la construcci\u00f3n de 2 centrales termoel\u00e9ctricas.<\/p>\n\n\n\n<p>\u201cSiempre se ha hablado de la falta de energ\u00eda en la Pen\u00ednsula de Yucat\u00e1n y con estas 2 termoel\u00e9ctricas que van a atender a Yucat\u00e1n y tambi\u00e9n a Quintana Roo cerramos esa brecha que exist\u00eda y nos permite seguir creciendo para generar los empleos que necesitamos\u201d, indic\u00f3 el Gobernador.<\/p>\n\n\n\n<p>De la misma forma, Vila Dosal record\u00f3 el importante proyecto de ampliaci\u00f3n que se realiza en el puerto de Altura de Progreso, el cual ser\u00e1 supervisado por el presidente de M\u00e9xico en el mes de marzo del pr\u00f3ximo a\u00f1o, y agreg\u00f3 que la regi\u00f3n sureste no puede competir con las regiones centro y norte del pa\u00eds si no se cuenta con un suministro seguro de gas natural y sin puertos competitivos.<\/p>\n\n\n\n<p>\u201cPero hoy, gracias al esfuerzo de su administraci\u00f3n, vemos ese sue\u00f1o de los habitantes de Yucat\u00e1n y del sureste de M\u00e9xico m\u00e1s cerca que nunca, se\u00f1or Presidente. Yo le agradezco que tenga en cuenta a Yucat\u00e1n, le agradezco que tenga en cuenta al sureste y tenga por seguro que, desde Yucat\u00e1n, y estoy seguro que tambi\u00e9n desde los otros estados del sureste de la Rep\u00fablica, no solamente va a tener nuestro agradecimiento, sino tambi\u00e9n nuestro apoyo&#8221;, manifest\u00f3 el Gobernador yucateco.<\/p>\n\n\n\n<p>Asimismo, Vila Dosal resalt\u00f3 que la transformaci\u00f3n que encabeza el Presidente desde el Gobierno Federal no es f\u00e1cil, pero tambi\u00e9n enfatiz\u00f3 que a todos nos toca, desde nuestros estados, trabajar juntos de manera coordinada los 3 niveles de Gobierno para cambiar este pa\u00eds y para cambiarlo para bien.<\/p>\n\n\n\n<p>\u201cCuente con Yucat\u00e1n, cuente con los yucatecos y cuente tambi\u00e9n con el Gobierno del Estado para poder emprender esto\u201d, concluy\u00f3 el Gobernador.<\/p>\n\n\n\n<p>En el evento estuvieron presentes Luis Crescencio Sandoval Gonz\u00e1lez, secretario de la Defensa Nacional; Mar\u00eda Luisa Albores Gonz\u00e1lez, secretaria de Medio Ambiente y Recursos Naturales; Jorge Arganis D\u00edaz Leal, secretario de Comunicaciones y Transportes; Rom\u00e1n Guillermo Meyer Falc\u00f3n, secretario de Desarrollo Agrario, Territorial y Urbano; Rogelio Jim\u00e9nez Pons, director general del Fondo Nacional de Fomento al Turismo; V\u00edctor Mas Tah, presidente municipal de Tulum; y Eduardo L\u00f3pez Moreno, representante de ONU-H\u00e1bitat M\u00e9xico.<\/p>\n<div class='share-to-whatsapp-wrapper'><div class='share-on-whsp'>Share on: <\/div><a data-text='Mauricio Vila Dosal  y Andr\u00e9s Manuel L\u00f3pez Obrador firman convenio para desarrollo urbano y territorial de municipios donde pasar\u00e1 el Tren Maya' data-link='https:\/\/visionpeninsular.com\/mid\/mauricio-vila-dosal-y-andres-manuel-lopez-obrador-firman-convenio-para-desarrollo-urbano-y-territorial-de-municipios-donde-pasara-el-tren-maya\/' class='whatsapp-button whatsapp-share'>WhatsApp<\/a><div class='clear '><\/div><\/div>","protected":false},"excerpt":{"rendered":"<p>&nbsp;-Desde la zona arqueol\u00f3gica de Tulum, Quintana Roo, Vila Dosal asegur\u00f3 que el proyecto del Tren Maya cuenta con el apoyo del Gobierno de Yucat\u00e1n y de los yucatecos para detonar la econom\u00eda y el desarrollo de la regi\u00f3n. Tulum, Quintana Roo, 20 de diciembre de 2020.- Habitantes de los municipios yucatecos de Valladolid, Chemax, &hellip;<\/p>\n","protected":false},"author":5,"featured_media":138179,"comment_status":"open","ping_status":"open","sticky":false,"template":"","format":"standard","meta":{"_mi_skip_tracking":false},"categories":[49,37],"tags":[13658,25275,15094,11798],"_links":{"self":[{"href":"https:\/\/visionpeninsular.com\/mid\/wp-json\/wp\/v2\/posts\/138178"}],"collection":[{"href":"https:\/\/visionpeninsular.com\/mid\/wp-json\/wp\/v2\/posts"}],"about":[{"href":"https:\/\/visionpeninsular.com\/mid\/wp-json\/wp\/v2\/types\/post"}],"author":[{"embeddable":true,"href":"https:\/\/visionpeninsular.com\/mid\/wp-json\/wp\/v2\/users\/5"}],"replies":[{"embeddable":true,"href":"https:\/\/visionpeninsular.com\/mid\/wp-json\/wp\/v2\/comments?post=138178"}],"version-history":[{"count":1,"href":"https:\/\/visionpeninsular.com\/mid\/wp-json\/wp\/v2\/posts\/138178\/revisions"}],"predecessor-version":[{"id":138183,"href":"https:\/\/visionpeninsular.com\/mid\/wp-json\/wp\/v2\/posts\/138178\/revisions\/138183"}],"wp:featuredmedia":[{"embeddable":true,"href":"https:\/\/visionpeninsular.com\/mid\/wp-json\/wp\/v2\/media\/138179"}],"wp:attachment":[{"href":"https:\/\/visionpeninsular.com\/mid\/wp-json\/wp\/v2\/media?parent=138178"}],"wp:term":[{"taxonomy":"category","embeddable":true,"href":"https:\/\/visionpeninsular.com\/mid\/wp-json\/wp\/v2\/categories?post=138178"},{"taxonomy":"post_tag","embeddable":true,"href":"https:\/\/visionpeninsular.com\/mid\/wp-json\/wp\/v2\/tags?post=138178"}],"curies":[{"name":"wp","href":"https:\/\/api.w.org\/{rel}","templated":true}]}}