{"id":13799,"date":"2016-10-03T18:07:31","date_gmt":"2016-10-03T23:07:31","guid":{"rendered":"http:\/\/visionpeninsular.com\/mid\/?p=13799"},"modified":"2016-10-03T18:07:31","modified_gmt":"2016-10-03T23:07:31","slug":"mejoras-al-programa-merida-en-domingo-se-estrenara-en-noviembre","status":"publish","type":"post","link":"https:\/\/visionpeninsular.com\/mid\/mejoras-al-programa-merida-en-domingo-se-estrenara-en-noviembre\/","title":{"rendered":"Mejoras al programa M\u00e9rida en Domingo se estrenar\u00e1 en noviembre"},"content":{"rendered":"<p>Las mejoras para el programa \u201cM\u00e9rida en Domingo\u201d, planteadas por el Ayuntamiento de M\u00e9rida, llegar\u00e1n en noviembre; el proyecto se encuentra ya en marcha y solo faltan algunos detalles para que se d\u00e9 a conocer la fecha de manera oficial la instalaci\u00f3n de los nuevos m\u00f3dulos, inform\u00f3 el coordinador de Infraestructura Tur\u00edstica en los programas permanentes del municipio, Juan May Maas.<\/p>\n<p>\u201cEst\u00e1n todos ya deteriorados y esta es una renovaci\u00f3n que el alcalde dio a conocer que se realizar\u00eda desde el principio de la administraci\u00f3n. Se fabrican 220 m\u00f3dulos \u00fanicamente para los artesanos en este primera etapa del proyecto\u201d, indic\u00f3. <\/p>\n<p>En esta primera fase se realizar\u00e1n carpas despegables y monturas intercambiables para cubrir al m\u00f3dulo de cualquier contingencia y satisfacer las necesidades del oferente.<\/p>\n<p>Los m\u00f3dulos contar\u00e1n con una mesa de alta resistencia con la capacidad necesaria para los productos. Por el frente de \u00e9sta habr\u00e1 un fald\u00f3n  que adornar\u00e1 la vista y por atr\u00e1s un espacio para guardar  el dinero.<\/p>\n<p>Para los puestos de comida del programa M\u00e9rida en Domingo se mandaron a elaborar toldos para los comensales.<br \/>\nEn una segunda parte del proyecto, a\u00fan sin fecha, se planean los nuevos establecimientos de comida que el Ayuntamiento otorgar\u00e1.<\/p>\n<div class='share-to-whatsapp-wrapper'><div class='share-on-whsp'>Share on: <\/div><a data-text='Mejoras al programa M\u00e9rida en Domingo se estrenar\u00e1 en noviembre' data-link='https:\/\/visionpeninsular.com\/mid\/mejoras-al-programa-merida-en-domingo-se-estrenara-en-noviembre\/' class='whatsapp-button whatsapp-share'>WhatsApp<\/a><div class='clear '><\/div><\/div>","protected":false},"excerpt":{"rendered":"<p>Las mejoras para el programa \u201cM\u00e9rida en Domingo\u201d, planteadas por el Ayuntamiento de M\u00e9rida, llegar\u00e1n en noviembre; el proyecto se encuentra ya en marcha y solo faltan algunos detalles para que se d\u00e9 a conocer la fecha de manera oficial la instalaci\u00f3n de los nuevos m\u00f3dulos, inform\u00f3 el coordinador de Infraestructura Tur\u00edstica en los programas &hellip;<\/p>\n","protected":false},"author":5,"featured_media":13800,"comment_status":"open","ping_status":"open","sticky":false,"template":"","format":"standard","meta":{"_mi_skip_tracking":false},"categories":[50],"tags":[174,3062,2040],"_links":{"self":[{"href":"https:\/\/visionpeninsular.com\/mid\/wp-json\/wp\/v2\/posts\/13799"}],"collection":[{"href":"https:\/\/visionpeninsular.com\/mid\/wp-json\/wp\/v2\/posts"}],"about":[{"href":"https:\/\/visionpeninsular.com\/mid\/wp-json\/wp\/v2\/types\/post"}],"author":[{"embeddable":true,"href":"https:\/\/visionpeninsular.com\/mid\/wp-json\/wp\/v2\/users\/5"}],"replies":[{"embeddable":true,"href":"https:\/\/visionpeninsular.com\/mid\/wp-json\/wp\/v2\/comments?post=13799"}],"version-history":[{"count":1,"href":"https:\/\/visionpeninsular.com\/mid\/wp-json\/wp\/v2\/posts\/13799\/revisions"}],"predecessor-version":[{"id":13801,"href":"https:\/\/visionpeninsular.com\/mid\/wp-json\/wp\/v2\/posts\/13799\/revisions\/13801"}],"wp:featuredmedia":[{"embeddable":true,"href":"https:\/\/visionpeninsular.com\/mid\/wp-json\/wp\/v2\/media\/13800"}],"wp:attachment":[{"href":"https:\/\/visionpeninsular.com\/mid\/wp-json\/wp\/v2\/media?parent=13799"}],"wp:term":[{"taxonomy":"category","embeddable":true,"href":"https:\/\/visionpeninsular.com\/mid\/wp-json\/wp\/v2\/categories?post=13799"},{"taxonomy":"post_tag","embeddable":true,"href":"https:\/\/visionpeninsular.com\/mid\/wp-json\/wp\/v2\/tags?post=13799"}],"curies":[{"name":"wp","href":"https:\/\/api.w.org\/{rel}","templated":true}]}}