{"id":137886,"date":"2020-12-12T11:02:57","date_gmt":"2020-12-12T17:02:57","guid":{"rendered":"http:\/\/visionpeninsular.com\/mid\/?p=137886"},"modified":"2020-12-12T11:03:01","modified_gmt":"2020-12-12T17:03:01","slug":"prision-preventiva-a-presunto-homicida-de-la-san-damian","status":"publish","type":"post","link":"https:\/\/visionpeninsular.com\/mid\/prision-preventiva-a-presunto-homicida-de-la-san-damian\/","title":{"rendered":"Prisi\u00f3n preventiva a  presunto homicida de la San Dami\u00e1n"},"content":{"rendered":"\n<p>Despu\u00e9s de valorar los datos de prueba aportados por la Fiscal\u00eda General del Estado (FGE), J.I.O.A. fue vinculado a proceso por su presunta responsabilidad en la muerte de dos personas ocurridas en d\u00edas pasados en la colonia San Dami\u00e1n, en esta ciudad de M\u00e9rida, por lo que permanecer\u00e1 en prisi\u00f3n preventiva.<\/p>\n\n\n\n<p>Conforme a la investigaci\u00f3n realizada por especialistas de la Fiscal\u00eda, se estableci\u00f3 que los hechos ocurrieron entre la noche del pasado 30 de noviembre y las primeras horas del d\u00eda siguiente, mientras se encontraban reunidos en un predio de la citada colonia, donde presuntamente el imputado atac\u00f3 con un arma blanca a ambas personas, provoc\u00e1ndoles lesiones que a la postre les causaron la muerte, tal como dictamin\u00f3 un perito del Servicio M\u00e9dico Forense de la FGE.<\/p>\n\n\n\n<p>Durante la audiencia celebrada en el Centro de Justicia Oral de M\u00e9rida, el Juez Segundo de Control valor\u00f3 los datos de prueba aportados por los fiscales adscritos y decret\u00f3 el auto de vinculaci\u00f3n a proceso, otorgando adem\u00e1s un plazo de cuatro meses para la investigaci\u00f3n complementaria, tiempo durante el cual se continuar\u00e1 con la indagatoria relacionada con los hechos denunciados.<\/p>\n\n\n\n<p>Por \u00faltimo, se ratific\u00f3 la medida cautelar impuesta durante la audiencia inicial, que es la prisi\u00f3n preventiva de manera oficiosa por todo el tiempo que dure el proceso de la causa penal 195\/2020.<\/p>\n<div class='share-to-whatsapp-wrapper'><div class='share-on-whsp'>Share on: <\/div><a data-text='Prisi\u00f3n preventiva a  presunto homicida de la San Dami\u00e1n' data-link='https:\/\/visionpeninsular.com\/mid\/prision-preventiva-a-presunto-homicida-de-la-san-damian\/' class='whatsapp-button whatsapp-share'>WhatsApp<\/a><div class='clear '><\/div><\/div>","protected":false},"excerpt":{"rendered":"<p>Despu\u00e9s de valorar los datos de prueba aportados por la Fiscal\u00eda General del Estado (FGE), J.I.O.A. fue vinculado a proceso por su presunta responsabilidad en la muerte de dos personas ocurridas en d\u00edas pasados en la colonia San Dami\u00e1n, en esta ciudad de M\u00e9rida, por lo que permanecer\u00e1 en prisi\u00f3n preventiva. Conforme a la investigaci\u00f3n &hellip;<\/p>\n","protected":false},"author":5,"featured_media":137887,"comment_status":"open","ping_status":"open","sticky":false,"template":"","format":"standard","meta":{"_mi_skip_tracking":false},"categories":[50,37],"tags":[25158,14836,5952],"_links":{"self":[{"href":"https:\/\/visionpeninsular.com\/mid\/wp-json\/wp\/v2\/posts\/137886"}],"collection":[{"href":"https:\/\/visionpeninsular.com\/mid\/wp-json\/wp\/v2\/posts"}],"about":[{"href":"https:\/\/visionpeninsular.com\/mid\/wp-json\/wp\/v2\/types\/post"}],"author":[{"embeddable":true,"href":"https:\/\/visionpeninsular.com\/mid\/wp-json\/wp\/v2\/users\/5"}],"replies":[{"embeddable":true,"href":"https:\/\/visionpeninsular.com\/mid\/wp-json\/wp\/v2\/comments?post=137886"}],"version-history":[{"count":1,"href":"https:\/\/visionpeninsular.com\/mid\/wp-json\/wp\/v2\/posts\/137886\/revisions"}],"predecessor-version":[{"id":137888,"href":"https:\/\/visionpeninsular.com\/mid\/wp-json\/wp\/v2\/posts\/137886\/revisions\/137888"}],"wp:featuredmedia":[{"embeddable":true,"href":"https:\/\/visionpeninsular.com\/mid\/wp-json\/wp\/v2\/media\/137887"}],"wp:attachment":[{"href":"https:\/\/visionpeninsular.com\/mid\/wp-json\/wp\/v2\/media?parent=137886"}],"wp:term":[{"taxonomy":"category","embeddable":true,"href":"https:\/\/visionpeninsular.com\/mid\/wp-json\/wp\/v2\/categories?post=137886"},{"taxonomy":"post_tag","embeddable":true,"href":"https:\/\/visionpeninsular.com\/mid\/wp-json\/wp\/v2\/tags?post=137886"}],"curies":[{"name":"wp","href":"https:\/\/api.w.org\/{rel}","templated":true}]}}