{"id":137867,"date":"2020-12-11T19:19:09","date_gmt":"2020-12-12T01:19:09","guid":{"rendered":"http:\/\/visionpeninsular.com\/mid\/?p=137867"},"modified":"2020-12-11T19:19:15","modified_gmt":"2020-12-12T01:19:15","slug":"mexico-aprueba-la-vacuna-de-pfizer-contra-covid-para-uso-de-emergencia","status":"publish","type":"post","link":"https:\/\/visionpeninsular.com\/mid\/mexico-aprueba-la-vacuna-de-pfizer-contra-covid-para-uso-de-emergencia\/","title":{"rendered":"M\u00e9xico aprueba la vacuna de Pfizer contra Covid para uso de emergencia"},"content":{"rendered":"\n<p>La Cofepris de M\u00e9xico dio esta tarde su aval a la&nbsp;<strong>vacuna<\/strong>&nbsp;de&nbsp;<strong>Pfizer contra el covid<\/strong>,&nbsp;informa el subsecretario&nbsp;<strong>Hugo L\u00f3pez-Gatell.<\/strong><\/p>\n\n\n\n<p>La farmac\u00e9utica Pfizer entreg\u00f3 a finales del mes de noviembre a la Comisi\u00f3n Federal para la Protecci\u00f3n contra Riesgos Sanitarios (Cofepris) la solicitud de registro sanitario de su vacuna contra el Covid-19, confirmaron las secretar\u00edas de Salud (Ssa) y de Relaciones Exteriores (SRE).<\/p>\n\n\n\n<h2>As\u00ed ser\u00e1n las etapas de vacunaci\u00f3n en M\u00e9xico<\/h2>\n\n\n\n<p>Las autoridades de la Secretar\u00eda de Salud informaron este martes que la&nbsp;vacuna contra el&nbsp;coronavirus o Covid-19&nbsp;ser\u00e1 distribuida en el M\u00e9xico en cinco etapas, primero al personal de salud, que se prolongar\u00e1n hasta junio de 2021 y marzo de 2022.<\/p>\n\n\n\n<p>El subsecretario&nbsp;Hugo L\u00f3pez-Gatell&nbsp;detall\u00f3 que la primera etapa de vacunas ser\u00e1 en este mes de diciembre al personal de salud que trabaja en la primera l\u00ednea contra el Covid-19. Los primeros lugares en aplicarse ser\u00e1n la&nbsp;Ciudad de M\u00e9xico&nbsp;y&nbsp;Coahuila.<\/p>\n\n\n\n<p>Posteriormente, de febrero a abril de&nbsp;2021, ser\u00e1 el personal de salud restante y personas de m\u00e1s de 60 a\u00f1os quienes sean vacunados, como parte de la segunda etapa.<\/p>\n\n\n\n<p>La tercera etapa se dar\u00e1 de abril a mayo de 2021, cuando las personas de 50 a 59 a\u00f1os sean vacunadas.<\/p>\n\n\n\n<p>El ant\u00edgeno contra el coronavirus se distribuir\u00e1 en una cuarta etapa, de mayo a junio de 2021, a personas de 40 a 49 a\u00f1os.&nbsp;<\/p>\n\n\n\n<p>Al resto de la poblaci\u00f3n se le vacunar\u00e1 de junio de 2021 a marzo de 2022 como \u00faltima etapa.<\/p>\n\n\n\n<p><strong><em>Fuente: El Universal<\/em><\/strong><\/p>\n<div class='share-to-whatsapp-wrapper'><div class='share-on-whsp'>Share on: <\/div><a data-text='M\u00e9xico aprueba la vacuna de Pfizer contra Covid para uso de emergencia' data-link='https:\/\/visionpeninsular.com\/mid\/mexico-aprueba-la-vacuna-de-pfizer-contra-covid-para-uso-de-emergencia\/' class='whatsapp-button whatsapp-share'>WhatsApp<\/a><div class='clear '><\/div><\/div>","protected":false},"excerpt":{"rendered":"<p>La Cofepris de M\u00e9xico dio esta tarde su aval a la&nbsp;vacuna&nbsp;de&nbsp;Pfizer contra el covid,&nbsp;informa el subsecretario&nbsp;Hugo L\u00f3pez-Gatell. La farmac\u00e9utica Pfizer entreg\u00f3 a finales del mes de noviembre a la Comisi\u00f3n Federal para la Protecci\u00f3n contra Riesgos Sanitarios (Cofepris) la solicitud de registro sanitario de su vacuna contra el Covid-19, confirmaron las secretar\u00edas de Salud (Ssa) &hellip;<\/p>\n","protected":false},"author":1,"featured_media":137868,"comment_status":"open","ping_status":"open","sticky":false,"template":"","format":"standard","meta":{"_mi_skip_tracking":false},"categories":[49,37],"tags":[25151],"_links":{"self":[{"href":"https:\/\/visionpeninsular.com\/mid\/wp-json\/wp\/v2\/posts\/137867"}],"collection":[{"href":"https:\/\/visionpeninsular.com\/mid\/wp-json\/wp\/v2\/posts"}],"about":[{"href":"https:\/\/visionpeninsular.com\/mid\/wp-json\/wp\/v2\/types\/post"}],"author":[{"embeddable":true,"href":"https:\/\/visionpeninsular.com\/mid\/wp-json\/wp\/v2\/users\/1"}],"replies":[{"embeddable":true,"href":"https:\/\/visionpeninsular.com\/mid\/wp-json\/wp\/v2\/comments?post=137867"}],"version-history":[{"count":1,"href":"https:\/\/visionpeninsular.com\/mid\/wp-json\/wp\/v2\/posts\/137867\/revisions"}],"predecessor-version":[{"id":137869,"href":"https:\/\/visionpeninsular.com\/mid\/wp-json\/wp\/v2\/posts\/137867\/revisions\/137869"}],"wp:featuredmedia":[{"embeddable":true,"href":"https:\/\/visionpeninsular.com\/mid\/wp-json\/wp\/v2\/media\/137868"}],"wp:attachment":[{"href":"https:\/\/visionpeninsular.com\/mid\/wp-json\/wp\/v2\/media?parent=137867"}],"wp:term":[{"taxonomy":"category","embeddable":true,"href":"https:\/\/visionpeninsular.com\/mid\/wp-json\/wp\/v2\/categories?post=137867"},{"taxonomy":"post_tag","embeddable":true,"href":"https:\/\/visionpeninsular.com\/mid\/wp-json\/wp\/v2\/tags?post=137867"}],"curies":[{"name":"wp","href":"https:\/\/api.w.org\/{rel}","templated":true}]}}