{"id":137735,"date":"2020-12-09T10:03:11","date_gmt":"2020-12-09T16:03:11","guid":{"rendered":"http:\/\/visionpeninsular.com\/mid\/?p=137735"},"modified":"2020-12-09T10:03:21","modified_gmt":"2020-12-09T16:03:21","slug":"el-gobierno-de-yucatan-avanza-firme-al-desarrollo","status":"publish","type":"post","link":"https:\/\/visionpeninsular.com\/mid\/el-gobierno-de-yucatan-avanza-firme-al-desarrollo\/","title":{"rendered":"El Gobierno de Yucat\u00e1n avanza firme al desarrollo"},"content":{"rendered":"\n<p>Tixp\u00e9ual, Yucat\u00e1n, 8 de diciembre de 2020.-La iniciativa privada refrenda su confianza en Yucat\u00e1n con proyectos de inversi\u00f3n como la reconstrucci\u00f3n de la planta procesadora \u201cSah\u00e9\u201d de Kek\u00e9n, en el municipio de Tixp\u00e9ual, obra que anunciaron el gobernador Mauricio Vila Dosal y el director de Grupo KUO, Alejandro de la Barreda G\u00f3mez.<\/p>\n\n\n\n<p>En ella se invertir\u00e1n 2,000 millones de pesos y se generar\u00e1n mas de 10,000 empleos.<\/p>\n\n\n\n<p>Junto con Barreda G\u00f3mez y el director de Grupo Porc\u00edcola Mexicano Kek\u00e9n, Claudio Freixes Catal\u00e1n, el gobernador encabez\u00f3 la presentaci\u00f3n de esta obra de reconstrucci\u00f3n, la cual surge tras la p\u00e9rdida de una de sus plantas procesadoras en el estado, lo que reitera el firme compromiso de esta firma con la reactivaci\u00f3n econ\u00f3mica Yucat\u00e1n, al generar nuevas fuentes de trabajo y una importante derrama econ\u00f3mica durante su construcci\u00f3n y para su funcionamiento.<\/p>\n\n\n\n<p>Este proyecto propiciar\u00e1 la activaci\u00f3n de cerca de 1,000 empleos durante la etapa de construcci\u00f3n y, una vez que la planta alcance su plenitud operativa, estar\u00e1 generando m\u00e1s de 2,000 fuentes de trabajo directas y 7,000 indirectas. Se prev\u00e9 que est\u00e9 listo para finales del 2021.<\/p>\n\n\n\n<p>Hay que se\u00f1alar que la obra se encuentra dentro de los m\u00e1s 6,000 millones de pesos que Grupo KUO estar\u00e1 invirtiendo para expandir sus granjas multiplicadoras de cerdos, las comerciales y la ampliaci\u00f3n de nuevas l\u00edneas en su planta procesadora de alimentos; proyectos que est\u00e1n contemplados como parte de la inversi\u00f3n de 40 mil millones de pesos que, como anunci\u00f3 Vila Dosal, 16 empresas locales, nacionales e internacionales estar\u00e1n realizando en el estado, generando con ello 30,000 nuevos empleos en Yucat\u00e1n.<\/p>\n\n\n\n<p>La planta en reconstrucci\u00f3n complementar\u00e1 y potenciar\u00e1 el suministro de la red de m\u00e1s de 500 tiendas ubicadas en diversos estados de la Rep\u00fablica Mexicana, as\u00ed como la oferta para el mercado local, nacional y de exportaci\u00f3n, gracias a que mantendr\u00e1 la misma capacidad de producci\u00f3n de 40,000 cerdos a la semana.<\/p>\n\n\n\n<p>El director de Grupo KUO, Alejandro de la Barreda G\u00f3mez, afirm\u00f3 que con esta obra, se refrenda la alianza de esta agrupaci\u00f3n con Yucat\u00e1n y sus familias, pero tambi\u00e9n se reitera la confianza en el estado, como una entidad f\u00e9rtil para la inversi\u00f3n competitiva y con visi\u00f3n sustentable.<\/p>\n\n\n\n<p>En su mensaje, el gobernador agradeci\u00f3 la confianza en Yucat\u00e1n para levantar de nuevo esta planta de procesamiento en el mismo sitio: la comisar\u00eda de Sah\u00e9, luego de que un siniestro acab\u00f3 con la construida anteriormente.<\/p>\n\n\n\n<p>\u00abLo que ha pasado en este lugar es parte de lo que ha pasado en todo el a\u00f1o en Yucat\u00e1n, pues adem\u00e1s de 9 meses con la pandemia, llevamos 3 tormentas tropicales y 2 huracanes, pero aqu\u00ed estamos los yucatecos saliendo todos los d\u00edas a trabajar, a dar la batalla, as\u00ed como lo est\u00e1 haciendo Grupo KUO\u00bb, indic\u00f3.<\/p>\n\n\n\n<p>Acompa\u00f1ado de los titulares de las Secretar\u00edas de Fomento Econ\u00f3mico y Trabajo (Sefoet), Ernesto Herrera Novelo y de Desarrollo Sustentable (SDS), Sayda Rodr\u00edguez G\u00f3mez, el gobernador reiter\u00f3 el respaldo de su gobierno para la realizaci\u00f3n de proyectos de inversi\u00f3n como \u00e9ste, ya que son los que est\u00e1n generando empleos y apoyando el desarrollo de Yucat\u00e1n.<\/p>\n\n\n\n<p>Al recordar que entre el 2018 y 2021, Yucat\u00e1n ha sufrido reducciones presupuestales de m\u00e1s de 6,000 millones de pesos por parte de la Federaci\u00f3n y tan solo para el pr\u00f3ximo a\u00f1o el recorte ser\u00e1 de 1,848 millones de pesos, Vila Dosal indic\u00f3 que afortunadamente las inversiones siguen s\u00f3lidas, como se ha estado viendo con los anuncios de nuevas inversiones.<\/p>\n\n\n\n<p>\u00abEn Yucat\u00e1n, las inversiones y la certeza que brinda a los inversionistas es punta de lanza para el desarrollo econ\u00f3mico y para la generaci\u00f3n de los empleos bien pagados que necesitan los yucatecos\u00bb, afirm\u00f3.<\/p>\n\n\n\n<p>De la Barreda G\u00f3mez tambi\u00e9n se\u00f1al\u00f3 que, en medio de la contingencia sanitaria que ha impactado la econom\u00eda mundial, se encuentra convencido de que uno de los mejores respaldos para la recuperaci\u00f3n econ\u00f3mica de la regi\u00f3n, es la inversi\u00f3n que conlleva a la generaci\u00f3n de empleos formales y la dinamizaci\u00f3n del sector productivo local.<\/p>\n\n\n\n<p>\u00abCon la reconstrucci\u00f3n de la planta Sah\u00e9, estamos convencidos de ser part\u00edcipes y aliados estrat\u00e9gicos en la reactivaci\u00f3n econ\u00f3mica de la regi\u00f3n y de M\u00e9xico. En Grupo DESC, tienen un gran aliado para que Yucat\u00e1n contin\u00fae su consolidaci\u00f3n como polo de desarrollo del sureste. Estamos seguros de que lo mejor est\u00e1 por venir\u00bb, asever\u00f3.<\/p>\n\n\n\n<p>Asimismo, el directivo indic\u00f3 que a trav\u00e9s de Kek\u00e9n, se continuar\u00e1 promoviendo el desarrollo de las comunidades cercanas, trabajando junto con las autoridades, instituciones educativas y organizaciones de la sociedad civil, para impulsar la creaci\u00f3n de valor compartido, con acciones que fomenten el bienestar y una mejor calidad de vida para sus habitantes y con la preservaci\u00f3n del medio ambiente. (Comunicado de Prensa)<\/p>\n<div class='share-to-whatsapp-wrapper'><div class='share-on-whsp'>Share on: <\/div><a data-text='El Gobierno de Yucat\u00e1n avanza firme al desarrollo' data-link='https:\/\/visionpeninsular.com\/mid\/el-gobierno-de-yucatan-avanza-firme-al-desarrollo\/' class='whatsapp-button whatsapp-share'>WhatsApp<\/a><div class='clear '><\/div><\/div>","protected":false},"excerpt":{"rendered":"<p>Tixp\u00e9ual, Yucat\u00e1n, 8 de diciembre de 2020.-La iniciativa privada refrenda su confianza en Yucat\u00e1n con proyectos de inversi\u00f3n como la reconstrucci\u00f3n de la planta procesadora \u201cSah\u00e9\u201d de Kek\u00e9n, en el municipio de Tixp\u00e9ual, obra que anunciaron el gobernador Mauricio Vila Dosal y el director de Grupo KUO, Alejandro de la Barreda G\u00f3mez. En ella se &hellip;<\/p>\n","protected":false},"author":5,"featured_media":137736,"comment_status":"open","ping_status":"open","sticky":false,"template":"","format":"standard","meta":{"_mi_skip_tracking":false},"categories":[49,37],"tags":[4807,185,805,25108,7359],"_links":{"self":[{"href":"https:\/\/visionpeninsular.com\/mid\/wp-json\/wp\/v2\/posts\/137735"}],"collection":[{"href":"https:\/\/visionpeninsular.com\/mid\/wp-json\/wp\/v2\/posts"}],"about":[{"href":"https:\/\/visionpeninsular.com\/mid\/wp-json\/wp\/v2\/types\/post"}],"author":[{"embeddable":true,"href":"https:\/\/visionpeninsular.com\/mid\/wp-json\/wp\/v2\/users\/5"}],"replies":[{"embeddable":true,"href":"https:\/\/visionpeninsular.com\/mid\/wp-json\/wp\/v2\/comments?post=137735"}],"version-history":[{"count":1,"href":"https:\/\/visionpeninsular.com\/mid\/wp-json\/wp\/v2\/posts\/137735\/revisions"}],"predecessor-version":[{"id":137737,"href":"https:\/\/visionpeninsular.com\/mid\/wp-json\/wp\/v2\/posts\/137735\/revisions\/137737"}],"wp:featuredmedia":[{"embeddable":true,"href":"https:\/\/visionpeninsular.com\/mid\/wp-json\/wp\/v2\/media\/137736"}],"wp:attachment":[{"href":"https:\/\/visionpeninsular.com\/mid\/wp-json\/wp\/v2\/media?parent=137735"}],"wp:term":[{"taxonomy":"category","embeddable":true,"href":"https:\/\/visionpeninsular.com\/mid\/wp-json\/wp\/v2\/categories?post=137735"},{"taxonomy":"post_tag","embeddable":true,"href":"https:\/\/visionpeninsular.com\/mid\/wp-json\/wp\/v2\/tags?post=137735"}],"curies":[{"name":"wp","href":"https:\/\/api.w.org\/{rel}","templated":true}]}}