{"id":137681,"date":"2020-12-08T11:02:57","date_gmt":"2020-12-08T17:02:57","guid":{"rendered":"http:\/\/visionpeninsular.com\/mid\/?p=137681"},"modified":"2020-12-08T11:03:05","modified_gmt":"2020-12-08T17:03:05","slug":"gobierno-presenta-politica-nacional-de-vacunacion-contra-covid-19","status":"publish","type":"post","link":"https:\/\/visionpeninsular.com\/mid\/gobierno-presenta-politica-nacional-de-vacunacion-contra-covid-19\/","title":{"rendered":"Gobierno presenta Pol\u00edtica Nacional de Vacunaci\u00f3n contra covid-19"},"content":{"rendered":"\n<p>El subsecretario de Prevenci\u00f3n y Promoci\u00f3n de la Salud, Hugo L\u00f3pez-Gatell,\u00a0<strong>present\u00f3 la\u00a0Pol\u00edtica Nacional de Vacunaci\u00f3n contra el covid-19<\/strong>, en el cual se destaca que quienes tendr\u00e1n prioridad para recibir la vacuna ser\u00e1n\u00a0<strong>personal m\u00e9dico y poblaci\u00f3n de riesgo.<\/strong>\u00a0<\/p>\n\n\n\n<p>Durante la conferencia ma\u00f1anera del presidente Andr\u00e9s Manuel L\u00f3pez Obrador, el funcionario&nbsp;<strong>inform\u00f3 los pasos a seguir en el proceso para la vacunaci\u00f3n de la poblaci\u00f3n mexicana, reiterando que \u00e9sta ser\u00e1 universal y gratuita.&nbsp;<\/strong><\/p>\n\n\n\n<p>En la presentaci\u00f3n estuvieron presentes Jorge Alcocer, secretario de Salud y el secretario de Relaciones Exteriores, Marcelo Ebrard.&nbsp;<\/p>\n\n\n\n<p>El secretario de Salud destac\u00f3 que, de 51 proyectos candidatos para la vacuna, s\u00f3lo 13 se encuentran en Fase 3, desarrolladas durante un plazo de 10 meses. Alcocer record\u00f3 que la vacuna no significa el fin de la pandemia, pues&nbsp;<strong>el medicamento es s\u00f3lo una de las medidas de prevenci\u00f3n&nbsp;<\/strong>contra el coronavirus<\/p>\n\n\n\n<h2>Grupos prioritarios<\/h2>\n\n\n\n<p>Por su parte, L\u00f3pez-Gatell inform\u00f3 que a trav\u00e9s de esta estrategia se busca vacunar alrededor del 75 por ciento de la poblaci\u00f3n de 16 a\u00f1os en adelante y as\u00ed, reducir las muertes por covid-19. Adem\u00e1s, se presentar\u00e1n prioridades de acuerdo al grupo de edad.<\/p>\n\n\n\n<ol><li>Trabajadores de salud<\/li><li>Personas de 80 y m\u00e1s a\u00f1os<\/li><li>Personas de 70 a 79<\/li><li>Personas de 60 a 69&nbsp;<\/li><li>Personas de 50 a 59<\/li><li>Personas de 40 a 49<\/li><li>Poblaci\u00f3n menor de 40 a\u00f1os<\/li><\/ol>\n\n\n\n<p>El funcionario coment\u00f3 que este escenario\u00a0permite tener \u201cnuevos horizontes de esperanza\u201d, no s\u00f3lo a M\u00e9xico, sino a todo el mundo. Adem\u00e1s, espera que las primeras dosis lleguen al pa\u00eds durante la tercera semana de diciembre.<\/p>\n\n\n\n<p>La Secretar\u00eda de Salud prev\u00e9 completar la cobertura nacional de vacunaci\u00f3n&nbsp;hasta el 2021, pues aunque los procesos iniciar\u00e1n este a\u00f1o, no se culminar\u00e1 sino hasta finales del siguiente.<\/p>\n\n\n\n<blockquote class=\"wp-block-quote\"><p>\u201cSe contempla alcanzar cobertura al final de 2021, todo 2021 estaremos trabajando conforme vayan apareciendo las distintas vacunas. Existen 12 por el momento, M\u00e9xico tiene contratos con tres, pero aparecer\u00e1n otras y conforme aparezcan habr\u00e1 oportunidades para diversificar la vacuna, pero tambi\u00e9n ampliar la capacidad de adquisici\u00f3n\u201d, indic\u00f3 L\u00f3pez-Gatell.<\/p><\/blockquote>\n\n\n\n<h2>Fases de la vacunaci\u00f3n<\/h2>\n\n\n\n<p>El plan de vacunaci\u00f3n&nbsp;<strong>se llevar\u00e1 a cabo por cinco etapas<\/strong>, en las que se buscar\u00e1 inocular a los diversos grupos poblacionales por edad. Adem\u00e1s, se enviar\u00e1n 250 dosis en diciembre, para enero y febrero se har\u00e1 el env\u00edo de un mill\u00f3n m\u00e1s cada mes, y en abril se aumentar\u00e1 a 12 millones.<\/p>\n\n\n\n<h4>Primera etapa<\/h4>\n\n\n\n<p>La&nbsp;<strong>primera etapa estar\u00e1 comprendida desde el 10 de diciembre y culminar\u00e1 en&nbsp;febrero de 2021<\/strong>. Una vez que la Administraci\u00f3n de Medicamentos y Alimentos (FDA por sus siglas en ingl\u00e9s) apruebe la vacuna en Estados Unidos, el proyecto de Pfizer ser\u00e1 enviado a M\u00e9xico para su an\u00e1lisis y revisi\u00f3n por parte de la Comisi\u00f3n Federal para la Protecci\u00f3n contra Riesgos Sanitarios (Cofepris).<\/p>\n\n\n\n<blockquote class=\"wp-block-quote\"><p>\u201cEn pocas palabras: tenemos acceso a la vacuna, depende de nosotros si la aprobamos o no, tenemos acceso garantizado y firmado\u201d, destac\u00f3 el canciller Ebrard.<\/p><\/blockquote>\n\n\n\n<p>La aprobaci\u00f3n de la FDA y la Agencia Europea de Medicamentos facilitar\u00e1 el an\u00e1lisis de la Cofepris, para que en los pen\u00faltimos d\u00edas de este mes comience a aplicarse en a poblaci\u00f3n. Con la ayuda de las Fuerzas Armadas se ha dispuesto que el primer embarque de 250 mil dosis, que ser\u00e1n&nbsp;utilizadas en el primer segmento, es decir, en el personal de salud.<\/p>\n\n\n\n<h4>Segunda etapa&nbsp;<\/h4>\n\n\n\n<p>Ser\u00e1 de febrero del 2021 a abril de ese a\u00f1o. En este tiempo se vacunar\u00e1 al personal de salud restante y apersonas de 60 o m\u00e1s a\u00f1os.<\/p>\n\n\n\n<h4>Tercera etapa<\/h4>\n\n\n\n<p>Se comprender\u00e1 en el periodo de abril a mayo del siguiente a\u00f1o, durante el cual se inocular\u00e1 a personas de entre 50 y 59 a\u00f1os.&nbsp;<\/p>\n\n\n\n<h4>Cuarta etapa&nbsp;<\/h4>\n\n\n\n<p>Se llevar\u00e1 a cabo durante mayo y culminar\u00e1 en junio del 2021. En ella, la vacuna se aplicar\u00e1 a la poblaci\u00f3n de entre 40 y 49 a\u00f1os.&nbsp;<\/p>\n\n\n\n<h4>Quinta etapa&nbsp;<\/h4>\n\n\n\n<p>Comenzar\u00e1 en junio y terminar\u00e1 en marzo, tiempo en el que la vacuna ser\u00e1 aplicada a la poblaci\u00f3n restante.&nbsp;<\/p>\n\n\n\n<figure class=\"wp-block-image\"><img src=\"https:\/\/www.milenio.com\/uploads\/media\/2020\/12\/08\/plan-nacional-de-vacunacion-por.jpg\" alt=\"\"\/><\/figure>\n\n\n\n<p>De igual forma, ya se han dispuesto&nbsp;<strong>dos sitios iniciales para la aplicaci\u00f3n de las vacunas<\/strong>, m\u00e1s otros dos adicionales para cubrir la zona centro, norte, suroriente y occidente,&nbsp;<strong>uno de los cuales estar\u00e1 en Coahuila<\/strong>.<\/p>\n\n\n\n<p>Para el medicamento de Pfizer se tienen contemplados 125 mil esquemas, los cuales se aplicar\u00edan entre diciembre de 2020 y el inicio de 2021. Record\u00f3 que el gobierno mexicano realiz\u00f3 un contrato de compra de 34 millones y se requieren dos dosis, que deben aplicarse con 21 d\u00edas de diferencia entre \u00e9stas.<\/p>\n\n\n\n<blockquote class=\"wp-block-quote\"><p>\u201cEl embarque original de 250 har\u00e1 una mayor seguridad, lo separamos en dos. Sin embargo, por la buena relaci\u00f3n con Pfizer ya tenemos la posibilidad que tengamos embarques subsecuentes conforme se vayan necesitando\u201d, asegur\u00f3 el subsecretario.<\/p><\/blockquote>\n\n\n\n<p>Asimismo, resalt\u00f3 que la campa\u00f1a va dirigida a sensibilizar el manejo de la vacuna, informar sobre los detalles relevantes, hacer un llamado a la acci\u00f3n y dar a conocer el progreso adquisici\u00f3n de vacunas, as\u00ed como del control de la epidemia en general.<\/p>\n\n\n\n<p>El plan de vacunaci\u00f3n ir\u00e1 de la mano con la b\u00fasqueda de tratamientos para combatir el covid-19 en personas que ya se hayan infectado, inform\u00f3 el secretario de Relaciones Exteriores. Entre estos medicamentos se encuentra el remdesivir, as\u00ed como contactos para traer de Corea del Sur y Alemania una lista de cinco tratamientos m\u00e1s. &nbsp;<\/p>\n\n\n\n<p>L\u00f3pez-Gatell adelant\u00f3 ayer que Alcocer Varela convocar\u00e1 a una reuni\u00f3n extraordinaria el mi\u00e9rcoles con el Consejo Nacional de Salud, donde participan todos los secretarios de Salud del pa\u00eds, para discutir con ellos la pol\u00edtica nacional de vacunaci\u00f3n.&nbsp;<\/p>\n<div class='share-to-whatsapp-wrapper'><div class='share-on-whsp'>Share on: <\/div><a data-text='Gobierno presenta Pol\u00edtica Nacional de Vacunaci\u00f3n contra covid-19' data-link='https:\/\/visionpeninsular.com\/mid\/gobierno-presenta-politica-nacional-de-vacunacion-contra-covid-19\/' class='whatsapp-button whatsapp-share'>WhatsApp<\/a><div class='clear '><\/div><\/div>","protected":false},"excerpt":{"rendered":"<p>El subsecretario de Prevenci\u00f3n y Promoci\u00f3n de la Salud, Hugo L\u00f3pez-Gatell,\u00a0present\u00f3 la\u00a0Pol\u00edtica Nacional de Vacunaci\u00f3n contra el covid-19, en el cual se destaca que quienes tendr\u00e1n prioridad para recibir la vacuna ser\u00e1n\u00a0personal m\u00e9dico y poblaci\u00f3n de riesgo.\u00a0 Durante la conferencia ma\u00f1anera del presidente Andr\u00e9s Manuel L\u00f3pez Obrador, el funcionario&nbsp;inform\u00f3 los pasos a seguir en el &hellip;<\/p>\n","protected":false},"author":1,"featured_media":137684,"comment_status":"open","ping_status":"open","sticky":false,"template":"","format":"standard","meta":{"_mi_skip_tracking":false},"categories":[49,37],"tags":[25095],"_links":{"self":[{"href":"https:\/\/visionpeninsular.com\/mid\/wp-json\/wp\/v2\/posts\/137681"}],"collection":[{"href":"https:\/\/visionpeninsular.com\/mid\/wp-json\/wp\/v2\/posts"}],"about":[{"href":"https:\/\/visionpeninsular.com\/mid\/wp-json\/wp\/v2\/types\/post"}],"author":[{"embeddable":true,"href":"https:\/\/visionpeninsular.com\/mid\/wp-json\/wp\/v2\/users\/1"}],"replies":[{"embeddable":true,"href":"https:\/\/visionpeninsular.com\/mid\/wp-json\/wp\/v2\/comments?post=137681"}],"version-history":[{"count":1,"href":"https:\/\/visionpeninsular.com\/mid\/wp-json\/wp\/v2\/posts\/137681\/revisions"}],"predecessor-version":[{"id":137685,"href":"https:\/\/visionpeninsular.com\/mid\/wp-json\/wp\/v2\/posts\/137681\/revisions\/137685"}],"wp:featuredmedia":[{"embeddable":true,"href":"https:\/\/visionpeninsular.com\/mid\/wp-json\/wp\/v2\/media\/137684"}],"wp:attachment":[{"href":"https:\/\/visionpeninsular.com\/mid\/wp-json\/wp\/v2\/media?parent=137681"}],"wp:term":[{"taxonomy":"category","embeddable":true,"href":"https:\/\/visionpeninsular.com\/mid\/wp-json\/wp\/v2\/categories?post=137681"},{"taxonomy":"post_tag","embeddable":true,"href":"https:\/\/visionpeninsular.com\/mid\/wp-json\/wp\/v2\/tags?post=137681"}],"curies":[{"name":"wp","href":"https:\/\/api.w.org\/{rel}","templated":true}]}}