{"id":137668,"date":"2020-12-08T09:45:10","date_gmt":"2020-12-08T15:45:10","guid":{"rendered":"http:\/\/visionpeninsular.com\/mid\/?p=137668"},"modified":"2020-12-08T09:45:17","modified_gmt":"2020-12-08T15:45:17","slug":"violencia-politica-en-campeche-contra-la-regidora-salazar-gomez","status":"publish","type":"post","link":"https:\/\/visionpeninsular.com\/mid\/violencia-politica-en-campeche-contra-la-regidora-salazar-gomez\/","title":{"rendered":"Violencia pol\u00edtica en Campeche contra la Regidora Salazar G\u00f3mez"},"content":{"rendered":"\n<p>La Regidora Maricela Salazar G\u00f3mez confirm\u00f3 que durante los dos a\u00f1os y meses de Eliseo Fern\u00e1ndez como Alcalde, ella se sinti\u00f3 amenazada, ya que desde el d\u00eda uno, Fern\u00e1ndez lanz\u00f3 contra ella&nbsp;cr\u00edticas&nbsp;y a&nbsp;una&nbsp;granja de troles para atacarla y descalificarla.<\/p>\n\n\n\n<p>\u201cUn d\u00eda me dijo \u2018Maricelita\u2019 en tono despectivo como s\u00ed no supiera, y no es as\u00ed, tenemos la oportunidad que para m\u00ed fue nueva&nbsp;de aprender\u2026 es dif\u00edcil para m\u00ed decirlo en medios, pero es algo que ten\u00eda, yo ven\u00eda con miedo porque medios en redes sociales que \u00e9l (Eliseo Fern\u00e1ndez) controla me atacaron sin conocerme\u201d, denunci\u00f3.<\/p>\n\n\n\n<p>Salazar G\u00f3mez lament\u00f3 que en los movimientos legales que ayer tuvieron lugar, se prive a la Regidora Sara Evelin Escalante Flores de la posibilidad de ser Presidenta Municipal, lo que consider\u00f3 una medida retr\u00f3grada que no abona en la lucha de igualdad para las mujeres.<\/p>\n\n\n\n<p>Resalt\u00f3 que todas tienen capacidad para ocupar cargos de importancia, pero la licencia \u201cvoluntaria\u201d de la Primera Regidora confirma el desprecio de Eliseo Fern\u00e1ndez por el g\u00e9nero femenino.<\/p>\n<div class='share-to-whatsapp-wrapper'><div class='share-on-whsp'>Share on: <\/div><a data-text='Violencia pol\u00edtica en Campeche contra la Regidora Salazar G\u00f3mez' data-link='https:\/\/visionpeninsular.com\/mid\/violencia-politica-en-campeche-contra-la-regidora-salazar-gomez\/' class='whatsapp-button whatsapp-share'>WhatsApp<\/a><div class='clear '><\/div><\/div>","protected":false},"excerpt":{"rendered":"<p>La Regidora Maricela Salazar G\u00f3mez confirm\u00f3 que durante los dos a\u00f1os y meses de Eliseo Fern\u00e1ndez como Alcalde, ella se sinti\u00f3 amenazada, ya que desde el d\u00eda uno, Fern\u00e1ndez lanz\u00f3 contra ella&nbsp;cr\u00edticas&nbsp;y a&nbsp;una&nbsp;granja de troles para atacarla y descalificarla. \u201cUn d\u00eda me dijo \u2018Maricelita\u2019 en tono despectivo como s\u00ed no supiera, y no es as\u00ed, &hellip;<\/p>\n","protected":false},"author":1,"featured_media":137669,"comment_status":"open","ping_status":"open","sticky":false,"template":"","format":"standard","meta":{"_mi_skip_tracking":false},"categories":[38,45],"tags":[3973],"_links":{"self":[{"href":"https:\/\/visionpeninsular.com\/mid\/wp-json\/wp\/v2\/posts\/137668"}],"collection":[{"href":"https:\/\/visionpeninsular.com\/mid\/wp-json\/wp\/v2\/posts"}],"about":[{"href":"https:\/\/visionpeninsular.com\/mid\/wp-json\/wp\/v2\/types\/post"}],"author":[{"embeddable":true,"href":"https:\/\/visionpeninsular.com\/mid\/wp-json\/wp\/v2\/users\/1"}],"replies":[{"embeddable":true,"href":"https:\/\/visionpeninsular.com\/mid\/wp-json\/wp\/v2\/comments?post=137668"}],"version-history":[{"count":1,"href":"https:\/\/visionpeninsular.com\/mid\/wp-json\/wp\/v2\/posts\/137668\/revisions"}],"predecessor-version":[{"id":137670,"href":"https:\/\/visionpeninsular.com\/mid\/wp-json\/wp\/v2\/posts\/137668\/revisions\/137670"}],"wp:featuredmedia":[{"embeddable":true,"href":"https:\/\/visionpeninsular.com\/mid\/wp-json\/wp\/v2\/media\/137669"}],"wp:attachment":[{"href":"https:\/\/visionpeninsular.com\/mid\/wp-json\/wp\/v2\/media?parent=137668"}],"wp:term":[{"taxonomy":"category","embeddable":true,"href":"https:\/\/visionpeninsular.com\/mid\/wp-json\/wp\/v2\/categories?post=137668"},{"taxonomy":"post_tag","embeddable":true,"href":"https:\/\/visionpeninsular.com\/mid\/wp-json\/wp\/v2\/tags?post=137668"}],"curies":[{"name":"wp","href":"https:\/\/api.w.org\/{rel}","templated":true}]}}