{"id":13764,"date":"2016-10-03T09:07:53","date_gmt":"2016-10-03T14:07:53","guid":{"rendered":"http:\/\/visionpeninsular.com\/mid\/?p=13764"},"modified":"2016-10-03T09:07:53","modified_gmt":"2016-10-03T14:07:53","slug":"mauricio-vila-destaca-la-importancia-del-adiestramiento-militar","status":"publish","type":"post","link":"https:\/\/visionpeninsular.com\/mid\/mauricio-vila-destaca-la-importancia-del-adiestramiento-militar\/","title":{"rendered":"Mauricio Vila, destaca la importancia del adiestramiento militar"},"content":{"rendered":"<p>El alcalde, Mauricio Vila Dosal, particip\u00f3 en la ceremonia de bienvenida a los 89 j\u00f3venes que cumplir\u00e1n con hacer su Servicio Militar Nacional, en un lapso de tres meses.<br \/>\nJunto con autoridades civiles y militares, el alcalde presenci\u00f3 los honores a la bandera, un desfile de militares y demostraci\u00f3n de ejercicios t\u00e1cticos a cargo de los soldados.<\/p>\n<p>La ceremonia oficial incluy\u00f3 el mensaje del Capit\u00e1n Primero, Hugo Robles Chayres, comandante de la X Regi\u00f3n Militar, quien dijo que los j\u00f3venes recibir\u00e1n un intenso adiestramiento que repercutir\u00e1 en beneficio de la comunidad.<\/p>\n<p>El alcalde Mauricio Vila coment\u00f3 la importancia de realizar el Servicio Militar porque el adiestramiento y los valores que reciben los j\u00f3venes les ser\u00e1 \u00fatil y valioso de por vida.<\/p>\n<p>Extern\u00f3 su benepl\u00e1cito por la confianza que la ciudadan\u00eda mantiene en instituciones fuertes como el Ej\u00e9rcito, la Armada y  la Fuerza A\u00e9rea, de las cuales \u201ctodos nos sentimos orgullosos\u201d.<\/p>\n<p>\u2014En el Ayuntamiento seguiremos trabajando en conjunto con estas autoridades para el bien de los meridanos \u2014puntualiz\u00f3.<\/p>\n<p>Al evento asistieron tambi\u00e9n el comandante de la IX Zona Naval Rosendo Jes\u00fas Escalante Ilizaliturri;  Gustavo Nieto Navarro, comandante de la X Regi\u00f3n Militar;  Jorge Calder\u00f3n Rodr\u00edguez, en representaci\u00f3n de la Secretar\u00eda de Educaci\u00f3n, y Martha G\u00f3ngora S\u00e1nchez, representante del gobierno del Estado, entre otros.<\/p>\n<div class='share-to-whatsapp-wrapper'><div class='share-on-whsp'>Share on: <\/div><a data-text='Mauricio Vila, destaca la importancia del adiestramiento militar' data-link='https:\/\/visionpeninsular.com\/mid\/mauricio-vila-destaca-la-importancia-del-adiestramiento-militar\/' class='whatsapp-button whatsapp-share'>WhatsApp<\/a><div class='clear '><\/div><\/div>","protected":false},"excerpt":{"rendered":"<p>El alcalde, Mauricio Vila Dosal, particip\u00f3 en la ceremonia de bienvenida a los 89 j\u00f3venes que cumplir\u00e1n con hacer su Servicio Militar Nacional, en un lapso de tres meses. Junto con autoridades civiles y militares, el alcalde presenci\u00f3 los honores a la bandera, un desfile de militares y demostraci\u00f3n de ejercicios t\u00e1cticos a cargo de &hellip;<\/p>\n","protected":false},"author":1,"featured_media":13765,"comment_status":"open","ping_status":"open","sticky":false,"template":"","format":"standard","meta":{"_mi_skip_tracking":false},"categories":[50],"tags":[174,40,107],"_links":{"self":[{"href":"https:\/\/visionpeninsular.com\/mid\/wp-json\/wp\/v2\/posts\/13764"}],"collection":[{"href":"https:\/\/visionpeninsular.com\/mid\/wp-json\/wp\/v2\/posts"}],"about":[{"href":"https:\/\/visionpeninsular.com\/mid\/wp-json\/wp\/v2\/types\/post"}],"author":[{"embeddable":true,"href":"https:\/\/visionpeninsular.com\/mid\/wp-json\/wp\/v2\/users\/1"}],"replies":[{"embeddable":true,"href":"https:\/\/visionpeninsular.com\/mid\/wp-json\/wp\/v2\/comments?post=13764"}],"version-history":[{"count":1,"href":"https:\/\/visionpeninsular.com\/mid\/wp-json\/wp\/v2\/posts\/13764\/revisions"}],"predecessor-version":[{"id":13766,"href":"https:\/\/visionpeninsular.com\/mid\/wp-json\/wp\/v2\/posts\/13764\/revisions\/13766"}],"wp:featuredmedia":[{"embeddable":true,"href":"https:\/\/visionpeninsular.com\/mid\/wp-json\/wp\/v2\/media\/13765"}],"wp:attachment":[{"href":"https:\/\/visionpeninsular.com\/mid\/wp-json\/wp\/v2\/media?parent=13764"}],"wp:term":[{"taxonomy":"category","embeddable":true,"href":"https:\/\/visionpeninsular.com\/mid\/wp-json\/wp\/v2\/categories?post=13764"},{"taxonomy":"post_tag","embeddable":true,"href":"https:\/\/visionpeninsular.com\/mid\/wp-json\/wp\/v2\/tags?post=13764"}],"curies":[{"name":"wp","href":"https:\/\/api.w.org\/{rel}","templated":true}]}}