{"id":137610,"date":"2020-12-07T07:45:25","date_gmt":"2020-12-07T13:45:25","guid":{"rendered":"http:\/\/visionpeninsular.com\/mid\/?p=137610"},"modified":"2020-12-07T07:45:29","modified_gmt":"2020-12-07T13:45:29","slug":"alfonso-romo-se-va-impune-sfp-y-semarnat-no-investigaron-el-caso-enerall","status":"publish","type":"post","link":"https:\/\/visionpeninsular.com\/mid\/alfonso-romo-se-va-impune-sfp-y-semarnat-no-investigaron-el-caso-enerall\/","title":{"rendered":"Alfonso Romo se va impune: SFP y Semarnat no investigaron el caso Enerall"},"content":{"rendered":"\n<p><strong><em>Fuente: Investigaci\u00f3n de Proceso<\/em><\/strong><\/p>\n\n\n\n<p><strong>Alfonso Romo Garza<\/strong>, quien hasta hace unos d\u00edas era el jefe de la Oficina de la Presidencia, no fue investigado por la Secretar\u00eda de Medio Ambiente y Recursos Naturales (Semarnat) ni por la Secretar\u00eda de la Funci\u00f3n P\u00fablica (SFP), pese a que el pasado 3 de marzo el presidente de la Rep\u00fablica,\u00a0<strong>Andr\u00e9s Manuel L\u00f3pez Obrador<\/strong>, orden\u00f3 que se revisaran las afectaciones ambientales causadas por el megaproyecto\u00a0<strong>Enerall\u00a0<\/strong>que aqu\u00e9l fund\u00f3 en 2012 y el cual est\u00e1 en manos de su familia.\u00a0<\/p>\n\n\n\n<p>La investigaci\u00f3n se orden\u00f3 luego de que se publicara el reportaje&nbsp;<a href=\"https:\/\/www.proceso.com.mx\/reportajes\/2020\/3\/2\/un-cacique-del-agua-en-el-paraiso-maya-239256.html\">\u201cUn cacique del agua en el para\u00edso maya\u201d<\/a>&nbsp;en la plataforma latinoamericana&nbsp;<strong>Connectas<\/strong>&nbsp;en alianza con&nbsp;<strong>Proceso<\/strong>, Univision, Ruido en la Red, Aristegui Noticias y Vice en Espa\u00f1ol, el cual revel\u00f3 que Enerall, la empresa con&nbsp;<strong>el mayor n\u00famero de concesiones de agua subterr\u00e1nea para uso agr\u00edcola en la pen\u00ednsula de Yucat\u00e1n<\/strong>, realiz\u00f3 una serie de afectaciones a flora, fauna y tap\u00f3 un cenote en el acu\u00edfero con la reserva m\u00e1s importante del pa\u00eds.<\/p>\n\n\n\n<p>\u201c<strong>No va a haber impunidad, sea quien sea<\/strong>, se acaba eso de que no se puede tocar al intocable. Vamos a pedirle a la Secretar\u00eda de Medio Ambiente que haga la investigaci\u00f3n y tambi\u00e9n a la Secretar\u00eda de la Funci\u00f3n P\u00fablica\u201d, dijo L\u00f3pez Obrador un d\u00eda despu\u00e9s de que apareciera la publicaci\u00f3n y tras asegurar que en su gobierno no se concesionan grandes cantidades de agua.&nbsp;<\/p>\n\n\n\n<p>Nueve meses despu\u00e9s no s\u00f3lo la Semarnat y la SFP desacataron la instrucci\u00f3n del presidente, sino que&nbsp;<strong>omitieron actuar de acuerdo con sus facultades<\/strong>, como lo confirman documentos obtenidos v\u00eda la Ley de Transparencia.&nbsp;<\/p>\n\n\n\n<p>A las omisiones de las dependencias que encabezan Mar\u00eda Luisa Albores e Irma Er\u00e9ndira Sandoval se agregan las&nbsp;<strong>quejas de las comunidades mayas<\/strong>&nbsp;por la explotaci\u00f3n del agua que ha realizado Enerall y por la que extraer\u00e1 a partir de la construcci\u00f3n del Tren Maya, megaproyecto que se encuentra a un par de horas de la empresa de la familia de Romo.&nbsp;<\/p>\n\n\n\n<p>\u201cA Alfonso Romo no solamente se le premia con la impunidad, sino que se le va permitir seguir haciendo lo que ha hecho en el pa\u00eds contra el medio ambiente. Es un&nbsp;<strong>campe\u00f3n en la destrucci\u00f3n del medio ambiente<\/strong>, de la destrucci\u00f3n de la tierra, de matar abejas con fumigaciones, de explotar el agua, de abusar del agua, de rellenar cenotes, de sembrar semillas transg\u00e9nicas\u201d, dice en entrevista&nbsp;<strong>Pedro Uc<\/strong>, l\u00edder de la&nbsp;<strong>Asamblea del Territorio Maya<\/strong>.&nbsp;<\/p>\n\n\n\n<p>\u201cLamentamos que esto suceda sobre todo con un personaje tan nocivo como Alfonso Romo, tan&nbsp;<strong>enemigo de la naturaleza y de los pueblos ind\u00edgenas<\/strong>&#8230; No ven en el agua m\u00e1s que dinero\u201d, agrega Uc. A\u00f1ade que la Asamblea del Territorio Maya y el&nbsp;<strong>Consejo Civil Mexicano para la Silvicultura Sostenible<\/strong>&nbsp;presentaron una petici\u00f3n inicial ante la Comisi\u00f3n Interamericana de Derechos Humanos por la posible afectaci\u00f3n de los mantos acu\u00edferos en la pen\u00ednsula por el Tren Maya.&nbsp;<\/p>\n\n\n\n<p>Al respecto, la Semarnat no contest\u00f3 a las peticiones de entrevista y la SFP inform\u00f3 que no dar\u00eda su postura. Tambi\u00e9n se busc\u00f3 la posici\u00f3n de Enerall y Alfonso Romo sin obtener respuesta al cierre de edici\u00f3n.<\/p>\n\n\n\n<h2>Se lavan las manos&nbsp;<\/h2>\n\n\n\n<p>Tras conocerse la orden del presidente,&nbsp;<strong>Proceso<\/strong>&nbsp;solicit\u00f3 los n\u00fameros de expediente y copias simples con las que se abri\u00f3 la investigaci\u00f3n. A trav\u00e9s de los oficios 0001600113420 y 0002700110820, respectivamente, la SFP y Semarnat se\u00f1alaron que no les correspond\u00eda realizar esa tarea.&nbsp;<\/p>\n\n\n\n<p><strong>La SFP apunt\u00f3 que, al tratarse de da\u00f1os ambientales, no ten\u00eda facultades al respecto<\/strong>, pese a que en el reportaje mencionado se aportan elementos sobre el patrimonio y los intereses del entonces coordinador de la Oficina de la Presidencia, Romo Garza, y sus v\u00ednculos con Enerall.&nbsp;<\/p>\n\n\n\n<p>En cuanto a l<strong>a Semarnat, dijo no haber localizado ning\u00fan documento<\/strong>&nbsp;en sus diversas direcciones,<strong>&nbsp;a pesar de los numerosos da\u00f1os ambientales denunciados<\/strong>, a que la Procuradur\u00eda Federal de Protecci\u00f3n al Ambiente (Profepa) encontr\u00f3 da\u00f1os en la flora, la fauna y a cuerpos de agua (el caso del rellenado de un cenote de 5 mil 500 metros cuadrados con material p\u00e9treo), as\u00ed como el aprovechamiento de concesiones de agua en el municipio de Tizim\u00edn, Yucat\u00e1n, que cuenta con el mayor n\u00famero de cenotes y altos \u00edndices de sequ\u00eda.<\/p>\n\n\n\n<p><strong>Tampoco hay evidencia de que Enerall pagara la multa de 741 mil pesos<\/strong>&nbsp;por obturar un cenote, de acuerdo con documentos de la Profepa obtenidos en septiembre por la misma v\u00eda de la Ley de Transparencia.<\/p>\n\n\n\n<p>Por este da\u00f1o ambiental fue que L\u00f3pez Obrador exhort\u00f3 el pasado 3 de marzo a que fueran inspeccionados el resto de los cenotes que Enerall tiene en custodia por encontrarse en sus terrenos. Sin embargo, hasta el momento no se ha presentado ning\u00fan balance de la investigaci\u00f3n asignada a Semarnat ni si se inici\u00f3 la restauraci\u00f3n del cenote afectado.&nbsp;<\/p>\n\n\n\n<p>Fuentes de la dependencia se\u00f1alaron que la Profepa envi\u00f3 inspectores a los terrenos de la empresa, pero se desconoce si detectaron nuevas irregularidades y si se interpuso denuncia penal, ya que en 2018 la Profepa omiti\u00f3 llevar el caso ante la Fiscal\u00eda General de la Rep\u00fablica.&nbsp;<\/p>\n\n\n\n<p>El pasado 10 de marzo la diputada Silvia Garza propuso en el Congreso de la Uni\u00f3n un punto de acuerdo para exhortar a los titulares de la Comisi\u00f3n Nacional del Agua, la Semarnat y la Profepa a investigar los da\u00f1os ambientales cometidos por Enerall.<\/p>\n\n\n\n<h2>\u201cNo tengo conflicto de inter\u00e9s\u201d<\/h2>\n\n\n\n<p>Un d\u00eda despu\u00e9s de publicada la investigaci\u00f3n period\u00edstica en Connectas, el pasado 3 de marzo, los reporteros le preguntaron en una conferencia a Alfonso Romo si estaba dispuesto a dejar su cargo ante las investigaciones que orden\u00f3 el presidente en su contra. En tono en\u00e9rgico, el entonces jefe de la Oficina de la Presidencia respondi\u00f3: \u201c\u00bfQue si voy a renunciar? \u00a1Claro que no!&nbsp;<strong>No tengo ning\u00fan conflicto de inter\u00e9s ni medioambiental.<\/strong><\/p>\n\n\n\n<p>\u201cNo voy a renunciar,&nbsp;<strong>estoy sumamente orgulloso por lo que hice<\/strong>. Ya no soy accionista desde 2017 y 2018. \u00bfPor qu\u00e9? Porque entraron fondos, porque es un proyecto grande, porque me vine al gobierno. No soy accionista, no tengo conflicto de inter\u00e9s en nada.\u201d<\/p>\n\n\n\n<p>La sospecha no era nueva.&nbsp;<a href=\"https:\/\/www.proceso.com.mx\/nacional\/2019\/7\/13\/el-conflicto-de-interes-se-llama-alfonso-romo-revela-carlos-urzua-proceso-227887.html\">Ya hab\u00eda sido se\u00f1alada por el exsecretario de Hacienda&nbsp;<strong>Carlos Urz\u00faa<\/strong>&nbsp;en entrevista con&nbsp;<strong>Proceso<\/strong><\/a>: \u201cDado que en la jefatura de la Oficina de la Presidencia se maneja a diario un c\u00famulo de informaci\u00f3n econ\u00f3mica confidencial, uno quisiera que Alfonso Romo y sus familiares hasta de primer grado no tuvieran actualmente participaci\u00f3n accionaria alguna en la Casa de Bolsa Vector\u201d (<strong>Proceso 2228<\/strong>).<\/p>\n\n\n\n<p><strong>La SFP nunca investig\u00f3 a Romo<\/strong>, a pesar de que hab\u00eda algunas l\u00edneas de investigaci\u00f3n que seguir, como el destino de sus acciones en Grupo Plenus y Enerall; la relaci\u00f3n comercial y de terrenos en Yucat\u00e1n con su hermano Adolfo; tampoco se sabe c\u00f3mo qued\u00f3 el fideicomiso, el cual incluye acciones de las empresas del exfuncionario a favor de su esposa e hijos, seg\u00fan consta en documentos de la Comisi\u00f3n de Bolsa y Valores de Estados Unidos (SEC).<\/p>\n\n\n\n<p>Otro dato que no sigui\u00f3 la dependencia a cargo de Sandoval fue un reporte publicado en el portal ChedrauiLeaks, que con base en documentos de la SEC y de la propia empresa Vector \u2013de Grupo Plenus\u2013 revel\u00f3 que la esposa de Romo, C<strong>onsuelo Lourdes Garza Lag\u00fcera<\/strong>, era propietaria de una empresa de asesor\u00eda de inversiones con sede en Miami, informaci\u00f3n que Romo no detall\u00f3 en su declaraci\u00f3n p\u00fablica de intereses, cuya copia se encuentra en Declaranet.<\/p>\n\n\n\n<figure class=\"wp-block-image\"><img src=\"https:\/\/www.proceso.com.mx\/u\/fotografias\/m\/2020\/12\/6\/f768x400-126122_170025_5050.jpeg\" alt=\"\"\/><figcaption>Da\u00f1os a la fauna en tierras de Enerall Foto: Connectas<\/figcaption><\/figure>\n\n\n\n<p>El pasado mi\u00e9rcoles 2 de diciembre, Romo declar\u00f3 en entrevista con&nbsp;<strong>Milenio Televisi\u00f3n<\/strong>&nbsp;que seguir\u00eda siendo asesor de AMLO pero volver\u00eda a su entorno empresarial. No obstante, \u00e9l&nbsp;<strong>fue un funcionario de \u201cmando superior\u201d<\/strong>, concretamente catalogado como&nbsp;<strong>G11<\/strong>, seg\u00fan su declaraci\u00f3n patrimonial disponible en Declaranet;&nbsp;<strong>esta condici\u00f3n le prohibir\u00eda trabajar para ciertas empresas en al menos 10 a\u00f1os<\/strong>, seg\u00fan la&nbsp;<strong>Ley de Austeridad Republicana<\/strong>.&nbsp;<\/p>\n\n\n\n<p>En el segundo p\u00e1rrafo de su art\u00edculo 24 dicha ley estipula: \u201c(Los funcionarios con rango superior)&nbsp;<strong>no podr\u00e1n ocupar puestos en empresas que hayan supervisado<\/strong>, regulado o respecto de las cuales hayan tenido informaci\u00f3n privilegiada en el ejercicio de su cargo p\u00fablico, salvo que hubiesen transcurrido al menos 10 a\u00f1os\u201d.<\/p>\n\n\n\n<h2>Villalobos, aliado de Romo<\/h2>\n\n\n\n<p>Aunque Romo ya no tendr\u00e1 el mismo peso en la toma de decisiones gubernamentales,&nbsp;<strong>uno de sus mayores aliados seguir\u00e1 al frente de la Secretar\u00eda de Agricultura y Desarrollo Rural (Sader), V\u00edctor Villalobos<\/strong>, con quien ha hecho mancuerna en los agronegocios.<\/p>\n\n\n\n<p>Su relaci\u00f3n qued\u00f3 plasmada al menos desde febrero de 2012, cuando Villalobos, entonces director general del Instituto Interamericano de Cooperaci\u00f3n para la Agricultura (IICA), realiz\u00f3 un recorrido a los campos de Enerall cuando la empresa desarrollaba las primeras etapas de reconversi\u00f3n de tierras inf\u00e9rtiles a cultivables.<\/p>\n\n\n\n<p>Las im\u00e1genes, en poder de&nbsp;<strong>Proceso<\/strong>&nbsp;y que fueron publicadas en las redes sociales de IICA, muestran a Villalobos entre campos de ma\u00edz y en fotograf\u00edas posteriores se muestra maquinaria y el proceso de conversi\u00f3n de tierra que realiza la empresa.<\/p>\n\n\n\n<p><strong>Ambos han mostrado afinidad con las tecnolog\u00edas de gen\u00e9tica aplicada<\/strong>. A\u00f1os atr\u00e1s Romo fund\u00f3 S\u00e9minis, que en 2003 fue adquirida por Monsanto, una de las principales fabricantes de semillas transg\u00e9nicas del mundo. A su vez,&nbsp;<strong>Villalobos es reconocido como promotor de la Ley de Bioseguridad<\/strong>&nbsp;(conocida como Ley Monsanto) en 2004.<\/p>\n\n\n\n<p>La relaci\u00f3n entre Romo y Villalobos fue mencionada incluso por V\u00edctor Manuel Toledo cuando era titular de la Semarnat, en una conversaci\u00f3n filtrada a los medios. En una presunta reuni\u00f3n con su equipo, Toledo se\u00f1ala que&nbsp;<strong>su decisi\u00f3n de suspender las importaciones del herbicida glifosato en el pa\u00eds caus\u00f3 molestia en Romo y Villalobos<\/strong>.<\/p>\n\n\n\n<p>Lo anterior sucedi\u00f3 luego de que la Sader present\u00f3 un anteproyecto de decreto presidencial sobre el glifosato en M\u00e9xico. \u201cEn un acto por dem\u00e1s incomprensible, esta ma\u00f1ana la Secretar\u00eda de Agricultura y Desarrollo Rural subi\u00f3 a la plataforma de la Comisi\u00f3n Nacional de Mejora Regulatoria un anteproyecto de decreto presidencial sobre el tema del glifosato que no s\u00f3lo no refleja, sino que contradice las instrucciones dadas por el presidente\u201d, se\u00f1al\u00f3 Toledo.&nbsp;<\/p>\n\n\n\n<p>Y detalla que en una serie de reuniones convocadas por Romo se buscaba que se aprobara la importaci\u00f3n de glifosato, el herbicida m\u00e1s usado en el mundo, que est\u00e1 asociado a cultivos de semillas gen\u00e9ticamente modificadas y cuyo principal productor es Monsanto.<\/p>\n\n\n\n<p>El entonces secretario de Medio Ambiente tambi\u00e9n acus\u00f3 a Romo de bloquear proyectos ambientales y de transici\u00f3n energ\u00e9tica desde su puesto en la Oficina de la Presidencia.<\/p>\n<div class='share-to-whatsapp-wrapper'><div class='share-on-whsp'>Share on: <\/div><a data-text='Alfonso Romo se va impune: SFP y Semarnat no investigaron el caso Enerall' data-link='https:\/\/visionpeninsular.com\/mid\/alfonso-romo-se-va-impune-sfp-y-semarnat-no-investigaron-el-caso-enerall\/' class='whatsapp-button whatsapp-share'>WhatsApp<\/a><div class='clear '><\/div><\/div>","protected":false},"excerpt":{"rendered":"<p>Fuente: Investigaci\u00f3n de Proceso Alfonso Romo Garza, quien hasta hace unos d\u00edas era el jefe de la Oficina de la Presidencia, no fue investigado por la Secretar\u00eda de Medio Ambiente y Recursos Naturales (Semarnat) ni por la Secretar\u00eda de la Funci\u00f3n P\u00fablica (SFP), pese a que el pasado 3 de marzo el presidente de la &hellip;<\/p>\n","protected":false},"author":1,"featured_media":137611,"comment_status":"open","ping_status":"open","sticky":false,"template":"","format":"standard","meta":{"_mi_skip_tracking":false},"categories":[49,37],"tags":[379],"_links":{"self":[{"href":"https:\/\/visionpeninsular.com\/mid\/wp-json\/wp\/v2\/posts\/137610"}],"collection":[{"href":"https:\/\/visionpeninsular.com\/mid\/wp-json\/wp\/v2\/posts"}],"about":[{"href":"https:\/\/visionpeninsular.com\/mid\/wp-json\/wp\/v2\/types\/post"}],"author":[{"embeddable":true,"href":"https:\/\/visionpeninsular.com\/mid\/wp-json\/wp\/v2\/users\/1"}],"replies":[{"embeddable":true,"href":"https:\/\/visionpeninsular.com\/mid\/wp-json\/wp\/v2\/comments?post=137610"}],"version-history":[{"count":1,"href":"https:\/\/visionpeninsular.com\/mid\/wp-json\/wp\/v2\/posts\/137610\/revisions"}],"predecessor-version":[{"id":137612,"href":"https:\/\/visionpeninsular.com\/mid\/wp-json\/wp\/v2\/posts\/137610\/revisions\/137612"}],"wp:featuredmedia":[{"embeddable":true,"href":"https:\/\/visionpeninsular.com\/mid\/wp-json\/wp\/v2\/media\/137611"}],"wp:attachment":[{"href":"https:\/\/visionpeninsular.com\/mid\/wp-json\/wp\/v2\/media?parent=137610"}],"wp:term":[{"taxonomy":"category","embeddable":true,"href":"https:\/\/visionpeninsular.com\/mid\/wp-json\/wp\/v2\/categories?post=137610"},{"taxonomy":"post_tag","embeddable":true,"href":"https:\/\/visionpeninsular.com\/mid\/wp-json\/wp\/v2\/tags?post=137610"}],"curies":[{"name":"wp","href":"https:\/\/api.w.org\/{rel}","templated":true}]}}