{"id":137158,"date":"2020-11-25T10:55:06","date_gmt":"2020-11-25T16:55:06","guid":{"rendered":"http:\/\/visionpeninsular.com\/mid\/?p=137158"},"modified":"2020-11-25T10:55:11","modified_gmt":"2020-11-25T16:55:11","slug":"muere-diego-armando-maradona-a-los-60-anos","status":"publish","type":"post","link":"https:\/\/visionpeninsular.com\/mid\/muere-diego-armando-maradona-a-los-60-anos\/","title":{"rendered":"Muere Diego Armando Maradona a los 60 a\u00f1os"},"content":{"rendered":"\n<p>Se ha ido uno de los m\u00e1s grandes del futbol mundial.\u00a0<strong>Diego Maradona<\/strong>\u00a0 parec\u00eda evolucionar favorablemente de la operaci\u00f3n en la cabeza a la que fue sometido, luego de que presentara un\u00a0<strong>coagulo\u00a0<\/strong>entre el cerebro y la corteza cerebral, pero este mi\u00e9rcoles\u00a0 sufri\u00f3 un paro cardiorrespiratorio en su casa de Tigre.\u00a0<\/p>\n\n\n\n<p>Cabe recordar que<strong>\u00a0Maradona\u00a0<\/strong>hab\u00eda sido internado en un hospital de<strong>\u00a0La Plata<\/strong>,\u00a0debido a que su cuerpo m\u00e9dico m\u00e1s cercano determin\u00f3 no que se encontraba en las condiciones \u00f3ptimas por un posible cuadro de depresi\u00f3n\u00a0y requer\u00eda de observaci\u00f3n; sin embargo, despu\u00e9s de los ex\u00e1menes pertinentes se decret\u00f3 que hab\u00eda ingresado an\u00e9mico y deshidratado y posteriormente se le detect\u00f3 un\u00a0<strong>hematoma subdural\u00a0<\/strong>que requer\u00eda operaci\u00f3n inmediata.\u00a0<\/p>\n\n\n\n<p>Al tener los resultados, fue trasladado de urgencia al nosocomio&nbsp;<strong>Los Olivos<\/strong>&nbsp;por orden de su doctor de cabecera, el neurocirujano<strong>&nbsp;Leopoldo Luque<\/strong>&nbsp;para ser intervenido quir\u00fargicamente.&nbsp;<\/p>\n\n\n\n<p>Tras la intervenci\u00f3n parec\u00eda que todo llevaba tendencia favorable, sin embargo, el Diez sufri\u00f3 un paro cardiorrespiratoria en su casa de Tigre y, pese a la llegada de las ambulancias, no se logr\u00f3 mantenerlo con vida.\u00a0<\/p>\n<div class='share-to-whatsapp-wrapper'><div class='share-on-whsp'>Share on: <\/div><a data-text='Muere Diego Armando Maradona a los 60 a\u00f1os' data-link='https:\/\/visionpeninsular.com\/mid\/muere-diego-armando-maradona-a-los-60-anos\/' class='whatsapp-button whatsapp-share'>WhatsApp<\/a><div class='clear '><\/div><\/div>","protected":false},"excerpt":{"rendered":"<p>Se ha ido uno de los m\u00e1s grandes del futbol mundial.\u00a0Diego Maradona\u00a0 parec\u00eda evolucionar favorablemente de la operaci\u00f3n en la cabeza a la que fue sometido, luego de que presentara un\u00a0coagulo\u00a0entre el cerebro y la corteza cerebral, pero este mi\u00e9rcoles\u00a0 sufri\u00f3 un paro cardiorrespiratorio en su casa de Tigre.\u00a0 Cabe recordar que\u00a0Maradona\u00a0hab\u00eda sido internado en &hellip;<\/p>\n","protected":false},"author":1,"featured_media":137159,"comment_status":"open","ping_status":"open","sticky":false,"template":"","format":"standard","meta":{"_mi_skip_tracking":false},"categories":[49,37],"tags":[300],"_links":{"self":[{"href":"https:\/\/visionpeninsular.com\/mid\/wp-json\/wp\/v2\/posts\/137158"}],"collection":[{"href":"https:\/\/visionpeninsular.com\/mid\/wp-json\/wp\/v2\/posts"}],"about":[{"href":"https:\/\/visionpeninsular.com\/mid\/wp-json\/wp\/v2\/types\/post"}],"author":[{"embeddable":true,"href":"https:\/\/visionpeninsular.com\/mid\/wp-json\/wp\/v2\/users\/1"}],"replies":[{"embeddable":true,"href":"https:\/\/visionpeninsular.com\/mid\/wp-json\/wp\/v2\/comments?post=137158"}],"version-history":[{"count":1,"href":"https:\/\/visionpeninsular.com\/mid\/wp-json\/wp\/v2\/posts\/137158\/revisions"}],"predecessor-version":[{"id":137160,"href":"https:\/\/visionpeninsular.com\/mid\/wp-json\/wp\/v2\/posts\/137158\/revisions\/137160"}],"wp:featuredmedia":[{"embeddable":true,"href":"https:\/\/visionpeninsular.com\/mid\/wp-json\/wp\/v2\/media\/137159"}],"wp:attachment":[{"href":"https:\/\/visionpeninsular.com\/mid\/wp-json\/wp\/v2\/media?parent=137158"}],"wp:term":[{"taxonomy":"category","embeddable":true,"href":"https:\/\/visionpeninsular.com\/mid\/wp-json\/wp\/v2\/categories?post=137158"},{"taxonomy":"post_tag","embeddable":true,"href":"https:\/\/visionpeninsular.com\/mid\/wp-json\/wp\/v2\/tags?post=137158"}],"curies":[{"name":"wp","href":"https:\/\/api.w.org\/{rel}","templated":true}]}}