{"id":136963,"date":"2020-11-19T22:36:50","date_gmt":"2020-11-20T04:36:50","guid":{"rendered":"http:\/\/visionpeninsular.com\/mid\/?p=136963"},"modified":"2020-11-19T22:36:54","modified_gmt":"2020-11-20T04:36:54","slug":"el-ayuntamiento-ya-comenzo-la-instalacion-del-decorado-navideno-en-algunos-puntos-de-merida","status":"publish","type":"post","link":"https:\/\/visionpeninsular.com\/mid\/el-ayuntamiento-ya-comenzo-la-instalacion-del-decorado-navideno-en-algunos-puntos-de-merida\/","title":{"rendered":"El Ayuntamiento ya comenz\u00f3 la instalaci\u00f3n del decorado navide\u00f1o en algunos puntos de M\u00e9rida"},"content":{"rendered":"\n<p>M\u00e9rida, 18 de noviembre de 2020. La decoraci\u00f3n navide\u00f1a acostumbrada en la ciudad tendr\u00e1 algunos cambios este a\u00f1o ante el panorama in\u00e9dito en que nos coloca la pandemia del COVID-19 en este cierre de a\u00f1o, indic\u00f3 el alcalde Ren\u00e1n Barrera Concha.<\/p>\n\n\n\n<p>\u2014No podemos pasar por alto que esta temporada es de una fuerte tradici\u00f3n y arraigo entre las familias, pero estamos conscientes de que no es posible propiciar aglomeraciones en ning\u00fan punto de la ciudad y por eso en esta ocasi\u00f3n habr\u00e1 algunas restricciones en el decorado navide\u00f1o \u2014explic\u00f3.<\/p>\n\n\n\n<p>Precis\u00f3 que el \u00e1rbol que se instala en el remate del Paseo de Montejo ser\u00e1 el \u00fanico que pondr\u00e1 el Ayuntamiento en la ciudad, adem\u00e1s de que se colocar\u00e1 decoraci\u00f3n navide\u00f1a en la Plaza Grande (calle 60 de la 63 a la 37) y la calle 47 y el Paseo de Montejo, donde se instalar\u00e1n las acostumbradas luces en las copas de los \u00e1rboles.<\/p>\n\n\n\n<p>\u2014Este a\u00f1o el llamado a la ciudadan\u00eda es a no agruparse en parques u otros sitios p\u00fablicos como ha sido la costumbre durante la temporada navide\u00f1a, porque ahora lo primordial es seguir cuidando la salud, evitar cadenas de contagio el virus y respetar las disposiciones de las autoridades sanitarias \u2014puntualiz\u00f3.<\/p>\n\n\n\n<p>El director de Servicios P\u00fabicos Municipales, Jos\u00e9 Collado Soberanis, indic\u00f3 que ya comenz\u00f3 la instalaci\u00f3n de 1,300 adornos 3D, como osos gigantes, esferas, cortinas de luces, \u00e1ngeles, Nacimiento y Reyes Magos, entre otros, que estar\u00e1n en la Plaza, el Remate y el Paseo de Montejo.<\/p>\n\n\n\n<p>&nbsp;Asimismo, se continuar\u00e1 con la instalaci\u00f3n, decoraci\u00f3n e iluminaci\u00f3n del \u00e1rbol navide\u00f1o del remate, que se iluminar\u00e1 con m\u00e1s de 7,000 luces multicolor tipo led realizando diversos efectos luminosos.<\/p>\n\n\n\n<p>A diferencia de a\u00f1os anteriores, no se colocar\u00e1n pinos navide\u00f1os en el sur, poniente y oriente de la ciudad.<\/p>\n\n\n\n<p>La rehabilitaci\u00f3n de los adornos navide\u00f1os que en breve vestir\u00e1n esas zonas espec\u00edficas de la ciudad corre a cargo de unos 120 empleados de los departamentos de Servicios Generales, Alumbrado Oriente y Poniente, as\u00ed como de las \u00e1reas de Parques y Jardines del sector poniente y oriente. La inversi\u00f3n de estos trabajos es de $3.487,744.<\/p>\n<div class='share-to-whatsapp-wrapper'><div class='share-on-whsp'>Share on: <\/div><a data-text='El Ayuntamiento ya comenz\u00f3 la instalaci\u00f3n del decorado navide\u00f1o en algunos puntos de M\u00e9rida' data-link='https:\/\/visionpeninsular.com\/mid\/el-ayuntamiento-ya-comenzo-la-instalacion-del-decorado-navideno-en-algunos-puntos-de-merida\/' class='whatsapp-button whatsapp-share'>WhatsApp<\/a><div class='clear '><\/div><\/div>","protected":false},"excerpt":{"rendered":"<p>M\u00e9rida, 18 de noviembre de 2020. La decoraci\u00f3n navide\u00f1a acostumbrada en la ciudad tendr\u00e1 algunos cambios este a\u00f1o ante el panorama in\u00e9dito en que nos coloca la pandemia del COVID-19 en este cierre de a\u00f1o, indic\u00f3 el alcalde Ren\u00e1n Barrera Concha. \u2014No podemos pasar por alto que esta temporada es de una fuerte tradici\u00f3n y &hellip;<\/p>\n","protected":false},"author":1,"featured_media":136964,"comment_status":"open","ping_status":"open","sticky":false,"template":"","format":"standard","meta":{"_mi_skip_tracking":false},"categories":[49,37],"tags":[107],"_links":{"self":[{"href":"https:\/\/visionpeninsular.com\/mid\/wp-json\/wp\/v2\/posts\/136963"}],"collection":[{"href":"https:\/\/visionpeninsular.com\/mid\/wp-json\/wp\/v2\/posts"}],"about":[{"href":"https:\/\/visionpeninsular.com\/mid\/wp-json\/wp\/v2\/types\/post"}],"author":[{"embeddable":true,"href":"https:\/\/visionpeninsular.com\/mid\/wp-json\/wp\/v2\/users\/1"}],"replies":[{"embeddable":true,"href":"https:\/\/visionpeninsular.com\/mid\/wp-json\/wp\/v2\/comments?post=136963"}],"version-history":[{"count":1,"href":"https:\/\/visionpeninsular.com\/mid\/wp-json\/wp\/v2\/posts\/136963\/revisions"}],"predecessor-version":[{"id":136965,"href":"https:\/\/visionpeninsular.com\/mid\/wp-json\/wp\/v2\/posts\/136963\/revisions\/136965"}],"wp:featuredmedia":[{"embeddable":true,"href":"https:\/\/visionpeninsular.com\/mid\/wp-json\/wp\/v2\/media\/136964"}],"wp:attachment":[{"href":"https:\/\/visionpeninsular.com\/mid\/wp-json\/wp\/v2\/media?parent=136963"}],"wp:term":[{"taxonomy":"category","embeddable":true,"href":"https:\/\/visionpeninsular.com\/mid\/wp-json\/wp\/v2\/categories?post=136963"},{"taxonomy":"post_tag","embeddable":true,"href":"https:\/\/visionpeninsular.com\/mid\/wp-json\/wp\/v2\/tags?post=136963"}],"curies":[{"name":"wp","href":"https:\/\/api.w.org\/{rel}","templated":true}]}}