{"id":136926,"date":"2020-11-19T11:04:01","date_gmt":"2020-11-19T17:04:01","guid":{"rendered":"http:\/\/visionpeninsular.com\/mid\/?p=136926"},"modified":"2020-11-19T11:04:09","modified_gmt":"2020-11-19T17:04:09","slug":"reforma-laboral-en-yucatan-aun-no-aplica-pero-debe-enterarse","status":"publish","type":"post","link":"https:\/\/visionpeninsular.com\/mid\/reforma-laboral-en-yucatan-aun-no-aplica-pero-debe-enterarse\/","title":{"rendered":"Reforma Laboral en Yucat\u00e1n a\u00fan NO aplica, pero debe Enterarse"},"content":{"rendered":"\n<p>Fuente: UNOTV\/ Informaci\u00f3n de Eduardo Ruiz<\/p>\n\n\n\n<p>Inicia primera etapa de Reforma Laboral en estos estados; ve en qu\u00e9 consiste<\/p>\n\n\n\n<p>El nuevo modelo de Reforma Laboral fue presentado por el presidente Andr\u00e9s Manuel L\u00f3pez Obrador; en una primera instancia, entra en vigor en 8 entidades, para despu\u00e9s implementarse en toda la Rep\u00fablica Mexicana.&nbsp;&nbsp;<\/p>\n\n\n\n<p>Las entidades donde inici\u00f3 a partir de este 18 de noviembre son:<\/p>\n\n\n\n<p>Durango<\/p>\n\n\n\n<p>Estado de M\u00e9xico<\/p>\n\n\n\n<p>San Luis Potos\u00ed<\/p>\n\n\n\n<p>Zacatecas<\/p>\n\n\n\n<p>Campeche<\/p>\n\n\n\n<p>Chiapas<\/p>\n\n\n\n<p>Tabasco<\/p>\n\n\n\n<p>Hidalgo, s\u00f3lo a nivel federal<\/p>\n\n\n\n<p>\u00bfEn qu\u00e9 consiste la Reforma Laboral?<\/p>\n\n\n\n<p>El nuevo modelo de Reforma Laboral se centra en la conciliaci\u00f3n como v\u00eda para que empleadores y trabajadores diriman sus diferencias. Se realizar\u00e1 en un plazo m\u00e1ximo de 45 d\u00edas y ser\u00e1 obligatorio asistir si se quiere iniciar un juicio.<\/p>\n\n\n\n<p>El proceso de conciliaci\u00f3n queda en manos del Centro Federal de Conciliaci\u00f3n y Registro Laboral (CFCRL) y los centros de conciliaci\u00f3n de los estados.<\/p>\n\n\n\n<p>Los tribunales laborales realizar\u00e1n juicios orales, \u00e1giles, modernos, expeditos y en presencia de un juez.<\/p>\n\n\n\n<p>La Junta Federal de Conciliaci\u00f3n y Arbitraje, as\u00ed como las Juntas de Conciliaci\u00f3n locales de dichas entidades, cierran sus ventanillas, ya no recibir\u00e1n nuevos casos y s\u00f3lo se dedicar\u00e1n a terminar sus asuntos pendientes.<\/p>\n\n\n\n<p>Se establece la democracia sindical como la v\u00eda para la aprobaci\u00f3n de las principales decisiones de un sindicato.<\/p>\n\n\n\n<p>El voto personal, libre, directo y secreto de los trabajadores es el m\u00e9todo para elegir directivas y aprobar contratos colectivos y sus revisiones.<\/p>\n\n\n\n<p>Se establece la obligaci\u00f3n de probar que se tiene la representaci\u00f3n real de los trabajadores para que un sindicato pueda negociar con empleadores.<\/p>\n\n\n\n<p>Para lo anterior, los sindicatos deben tramitar la \u201cConstancia de Representatividad\u201d, donde demuestran tener el apoyo del 30% de los trabajadores para la celebraci\u00f3n de un contrato colectivo inicial.<\/p>\n\n\n\n<p>El CFCRL llevar\u00e1 el registro nacional de sindicatos, contratos colectivos, contratos-ley y reglamentos interiores de trabajo, as\u00ed como la supervisi\u00f3n de que se cumpla con la democracia sindical.<\/p>\n\n\n\n<p>En su intervenci\u00f3n durante la presentaci\u00f3n de la Reforma Laboral, el ministro presidente de la Suprema Corte de Justicia de la Naci\u00f3n (SCJN), Arturo Zald\u00edvar, asegur\u00f3 que por primera vez se tomar\u00e1n decisiones imparciales.&nbsp;<\/p>\n\n\n\n<p>\u201cEn la impartici\u00f3n de justicia laboral, por primera vez, jueces y juezas independientes e imparciales ser\u00e1n los encargados de adjudicar los derechos de las partes, desde una perspectiva normativo-constitucional\u201d.<\/p>\n\n\n\n<p>Reacciones sobre la Reforma Laboral<\/p>\n\n\n\n<p>El senador y secretario general de la Confederaci\u00f3n de Trabajadores de M\u00e9xico (CTM), Carlos Aceves del Olmo, descart\u00f3 que la implementaci\u00f3n del nuevo modelo (Reforma Laboral) reste poder a los distintos sindicatos que existen en el pa\u00eds; \u201cpor el contrario, los har\u00e1 m\u00e1s fuertes\u201d.<\/p>\n\n\n\n<figure class=\"wp-block-embed-youtube wp-block-embed is-type-video is-provider-youtube wp-embed-aspect-16-9 wp-has-aspect-ratio\"><div class=\"wp-block-embed__wrapper\">\n<iframe loading=\"lazy\" title=\"Inicia primera etapa de Reforma Laboral en estos estados; ve en qu\u00e9 consiste\" width=\"618\" height=\"348\" src=\"https:\/\/www.youtube.com\/embed\/DDW9MKumfMw?feature=oembed\" frameborder=\"0\" allow=\"accelerometer; autoplay; clipboard-write; encrypted-media; gyroscope; picture-in-picture\" allowfullscreen><\/iframe>\n<\/div><\/figure>\n<div class='share-to-whatsapp-wrapper'><div class='share-on-whsp'>Share on: <\/div><a data-text='Reforma Laboral en Yucat\u00e1n a\u00fan NO aplica, pero debe Enterarse' data-link='https:\/\/visionpeninsular.com\/mid\/reforma-laboral-en-yucatan-aun-no-aplica-pero-debe-enterarse\/' class='whatsapp-button whatsapp-share'>WhatsApp<\/a><div class='clear '><\/div><\/div>","protected":false},"excerpt":{"rendered":"<p>Fuente: UNOTV\/ Informaci\u00f3n de Eduardo Ruiz Inicia primera etapa de Reforma Laboral en estos estados; ve en qu\u00e9 consiste El nuevo modelo de Reforma Laboral fue presentado por el presidente Andr\u00e9s Manuel L\u00f3pez Obrador; en una primera instancia, entra en vigor en 8 entidades, para despu\u00e9s implementarse en toda la Rep\u00fablica Mexicana.&nbsp;&nbsp; Las entidades donde &hellip;<\/p>\n","protected":false},"author":5,"featured_media":136927,"comment_status":"open","ping_status":"open","sticky":false,"template":"","format":"standard","meta":{"_mi_skip_tracking":false},"categories":[49,37],"tags":[13658,24818,24817],"_links":{"self":[{"href":"https:\/\/visionpeninsular.com\/mid\/wp-json\/wp\/v2\/posts\/136926"}],"collection":[{"href":"https:\/\/visionpeninsular.com\/mid\/wp-json\/wp\/v2\/posts"}],"about":[{"href":"https:\/\/visionpeninsular.com\/mid\/wp-json\/wp\/v2\/types\/post"}],"author":[{"embeddable":true,"href":"https:\/\/visionpeninsular.com\/mid\/wp-json\/wp\/v2\/users\/5"}],"replies":[{"embeddable":true,"href":"https:\/\/visionpeninsular.com\/mid\/wp-json\/wp\/v2\/comments?post=136926"}],"version-history":[{"count":1,"href":"https:\/\/visionpeninsular.com\/mid\/wp-json\/wp\/v2\/posts\/136926\/revisions"}],"predecessor-version":[{"id":136928,"href":"https:\/\/visionpeninsular.com\/mid\/wp-json\/wp\/v2\/posts\/136926\/revisions\/136928"}],"wp:featuredmedia":[{"embeddable":true,"href":"https:\/\/visionpeninsular.com\/mid\/wp-json\/wp\/v2\/media\/136927"}],"wp:attachment":[{"href":"https:\/\/visionpeninsular.com\/mid\/wp-json\/wp\/v2\/media?parent=136926"}],"wp:term":[{"taxonomy":"category","embeddable":true,"href":"https:\/\/visionpeninsular.com\/mid\/wp-json\/wp\/v2\/categories?post=136926"},{"taxonomy":"post_tag","embeddable":true,"href":"https:\/\/visionpeninsular.com\/mid\/wp-json\/wp\/v2\/tags?post=136926"}],"curies":[{"name":"wp","href":"https:\/\/api.w.org\/{rel}","templated":true}]}}