{"id":13675,"date":"2016-10-01T07:41:00","date_gmt":"2016-10-01T12:41:00","guid":{"rendered":"http:\/\/visionpeninsular.com\/mid\/?p=13675"},"modified":"2016-10-01T07:43:17","modified_gmt":"2016-10-01T12:43:17","slug":"congreso-local-se-dice-a-favor-eliminar-fuero","status":"publish","type":"post","link":"https:\/\/visionpeninsular.com\/mid\/congreso-local-se-dice-a-favor-eliminar-fuero\/","title":{"rendered":"Congreso Local se dice a favor de eliminar el Fuero"},"content":{"rendered":"<p>El segundo periodo del primer a\u00f1o de ejercicio constitucional de la Diputaci\u00f3n Permanente de la LXII Legislatura local del Congreso cerro con un total de 28 asuntos atendidos y 7 acuerdos logrados. <\/p>\n<p>En esta \u00faltima sesi\u00f3n, los Legisladores se reunieron con el Gobernador Alejandro Moreno arenas para dar lectura a la iniciativa para reformar los art\u00edculos del C\u00f3digo Civil del Estado y se tom\u00f3 la protesta de rigor a la titular de la Contralor\u00eda Interna del Poder Legislativo.<\/p>\n<p>En el marco de la reuni\u00f3n, se detallo que fueron 14 sesiones ordinarias y 21 sesiones en total, mientras que de los asuntos aprobados fueron 9 de cada 10 fueron por unanimidad. <\/p>\n<p>En cuanto a la iniciativa del Fuero, a voz del Presidente del Congreso Local, Ram\u00f3n M\u00e9ndez Lanz, se indic\u00f3 que los integrantes se pronuncian a favor de su desaparici\u00f3n. <\/p>\n<div class='share-to-whatsapp-wrapper'><div class='share-on-whsp'>Share on: <\/div><a data-text='Congreso Local se dice a favor de eliminar el Fuero' data-link='https:\/\/visionpeninsular.com\/mid\/congreso-local-se-dice-a-favor-eliminar-fuero\/' class='whatsapp-button whatsapp-share'>WhatsApp<\/a><div class='clear '><\/div><\/div>","protected":false},"excerpt":{"rendered":"<p>El segundo periodo del primer a\u00f1o de ejercicio constitucional de la Diputaci\u00f3n Permanente de la LXII Legislatura local del Congreso cerro con un total de 28 asuntos atendidos y 7 acuerdos logrados. En esta \u00faltima sesi\u00f3n, los Legisladores se reunieron con el Gobernador Alejandro Moreno arenas para dar lectura a la iniciativa para reformar los &hellip;<\/p>\n","protected":false},"author":1,"featured_media":13678,"comment_status":"open","ping_status":"open","sticky":false,"template":"","format":"standard","meta":{"_mi_skip_tracking":false},"categories":[45],"tags":[1385],"_links":{"self":[{"href":"https:\/\/visionpeninsular.com\/mid\/wp-json\/wp\/v2\/posts\/13675"}],"collection":[{"href":"https:\/\/visionpeninsular.com\/mid\/wp-json\/wp\/v2\/posts"}],"about":[{"href":"https:\/\/visionpeninsular.com\/mid\/wp-json\/wp\/v2\/types\/post"}],"author":[{"embeddable":true,"href":"https:\/\/visionpeninsular.com\/mid\/wp-json\/wp\/v2\/users\/1"}],"replies":[{"embeddable":true,"href":"https:\/\/visionpeninsular.com\/mid\/wp-json\/wp\/v2\/comments?post=13675"}],"version-history":[{"count":2,"href":"https:\/\/visionpeninsular.com\/mid\/wp-json\/wp\/v2\/posts\/13675\/revisions"}],"predecessor-version":[{"id":13677,"href":"https:\/\/visionpeninsular.com\/mid\/wp-json\/wp\/v2\/posts\/13675\/revisions\/13677"}],"wp:featuredmedia":[{"embeddable":true,"href":"https:\/\/visionpeninsular.com\/mid\/wp-json\/wp\/v2\/media\/13678"}],"wp:attachment":[{"href":"https:\/\/visionpeninsular.com\/mid\/wp-json\/wp\/v2\/media?parent=13675"}],"wp:term":[{"taxonomy":"category","embeddable":true,"href":"https:\/\/visionpeninsular.com\/mid\/wp-json\/wp\/v2\/categories?post=13675"},{"taxonomy":"post_tag","embeddable":true,"href":"https:\/\/visionpeninsular.com\/mid\/wp-json\/wp\/v2\/tags?post=13675"}],"curies":[{"name":"wp","href":"https:\/\/api.w.org\/{rel}","templated":true}]}}