{"id":136665,"date":"2020-11-11T10:44:40","date_gmt":"2020-11-11T16:44:40","guid":{"rendered":"http:\/\/visionpeninsular.com\/mid\/?p=136665"},"modified":"2020-11-11T10:44:48","modified_gmt":"2020-11-11T16:44:48","slug":"el-alcalde-de-merida-renan-barrera-concha-recibe-el-microfono-de-oro","status":"publish","type":"post","link":"https:\/\/visionpeninsular.com\/mid\/el-alcalde-de-merida-renan-barrera-concha-recibe-el-microfono-de-oro\/","title":{"rendered":"El alcalde de M\u00e9rida, Ren\u00e1n Barrera Concha,  recibe el \u201cMicr\u00f3fono de Oro\u201d"},"content":{"rendered":"\n<p>&nbsp;La Asociaci\u00f3n Nacional de Locutores de M\u00e9xico, reconoci\u00f3 al alcalde Ren\u00e1n Barrera Concha con la entrega del \u201cMicr\u00f3fono de oro\u201d, &nbsp;por su apoyo a las labores que sostienen el desarrollo de la comunicaci\u00f3n libre en el municipio.<\/p>\n\n\n\n<p>Durante un sencillo, pero emotivo evento, celebrado en un c\u00e9ntrico hotel de M\u00e9rida, el concejal refrend\u00f3 su compromiso de continuar privilegiando el di\u00e1logo y mantener las puertas abiertas a los locutores para el correcto desempe\u00f1o de su profesi\u00f3n, siempre en un marco de respeto mutuo.<\/p>\n\n\n\n<figure class=\"wp-block-image size-large\"><img loading=\"lazy\" width=\"768\" height=\"511\" src=\"http:\/\/visionpeninsular.com\/mid\/wp-content\/uploads\/2020\/11\/RENAN_MICROFONO-DE-ORO-3.jpeg\" alt=\"\" class=\"wp-image-136667\" srcset=\"https:\/\/visionpeninsular.com\/mid\/wp-content\/uploads\/2020\/11\/RENAN_MICROFONO-DE-ORO-3.jpeg 768w, https:\/\/visionpeninsular.com\/mid\/wp-content\/uploads\/2020\/11\/RENAN_MICROFONO-DE-ORO-3-300x200.jpeg 300w, https:\/\/visionpeninsular.com\/mid\/wp-content\/uploads\/2020\/11\/RENAN_MICROFONO-DE-ORO-3-310x205.jpeg 310w\" sizes=\"(max-width: 768px) 100vw, 768px\" \/><\/figure>\n\n\n\n<p>\u2014Este reconocimiento no es m\u00e1s que un compromiso de mi parte para hacer todo lo que humana, financiera, t\u00e9cnica y jur\u00eddicamente pueda para que esta ciudad sea cada vez mejor \u2014dijo.<\/p>\n\n\n\n<p>\u2014A veces hay que buscar el bien mayor, o el mal menor, a veces hay que conciliar intereses distintos, pero siempre tener el canal abierto de la comunicaci\u00f3n frecuente con las y los ciudadanos para que esa confianza se mantenga \u2014apunt\u00f3.<\/p>\n\n\n\n<figure class=\"wp-block-image size-large\"><img loading=\"lazy\" width=\"768\" height=\"511\" src=\"http:\/\/visionpeninsular.com\/mid\/wp-content\/uploads\/2020\/11\/RENAN_MICROFONO-DE-ORO-1.jpeg\" alt=\"\" class=\"wp-image-136668\" srcset=\"https:\/\/visionpeninsular.com\/mid\/wp-content\/uploads\/2020\/11\/RENAN_MICROFONO-DE-ORO-1.jpeg 768w, https:\/\/visionpeninsular.com\/mid\/wp-content\/uploads\/2020\/11\/RENAN_MICROFONO-DE-ORO-1-300x200.jpeg 300w, https:\/\/visionpeninsular.com\/mid\/wp-content\/uploads\/2020\/11\/RENAN_MICROFONO-DE-ORO-1-310x205.jpeg 310w\" sizes=\"(max-width: 768px) 100vw, 768px\" \/><\/figure>\n\n\n\n<p>La presidenta de la Asociaci\u00f3n Nacional de Locutores de M\u00e9xico, Rosal\u00eda Buaun S\u00e1nchez, explic\u00f3 que el \u201cMicr\u00f3fono de Oro\u201d es una presea que se entrega desde hace 70 a\u00f1os, cuando se fund\u00f3 esta asociaci\u00f3n, y se le otorga como reconocimiento a la gente que est\u00e1 trabajando por M\u00e9xico.<\/p>\n\n\n\n<p>Es un reconocimiento para hombres y mujeres que quieren a su pa\u00eds, que luchan por \u00e9l y son un ejemplo en esta lucha, expres\u00f3.<\/p>\n\n\n\n<p>\u2014Nos sentimos doblemente orgullosos porque el alcalde es hijo de un locutor y un hombre que est\u00e1 trabajando por M\u00e9rida, Yucat\u00e1n y M\u00e9xico, y que adem\u00e1s es reconocido en todo nuestro pa\u00eds. Nos sentimos muy contentos de poder entregarle nuestro m\u00e1ximo galard\u00f3n \u2014manifest\u00f3.<\/p>\n\n\n\n<p>En el evento participaron tambi\u00e9n Laura Castro Gamboa y Jos\u00e9 Luis Preciado Barreto, presidenta de la delegaci\u00f3n Yucat\u00e1n y presidente regional, respectivamente, de la Asociaci\u00f3n Nacional de Locutores.<\/p>\n\n\n\n<p>\u2014Si estamos hablando de construir una M\u00e9rida de 10, no nos referimos a la calificaci\u00f3n del alcalde o del Ayuntamiento \u2014remarc\u00f3\u2014. Una ciudad de 10 es en funci\u00f3n de sus ciudadanos, por eso M\u00e9rida hoy es una gran ciudad, porque ha construido a lo largo de muchos a\u00f1os una colectividad s\u00f3lida, con una ciudadan\u00eda que sabe participar, que exige sus derechos y que obliga a sus gobiernos a hacer bien las cosas, o les exige construir o los expulsa para competir.<\/p>\n\n\n\n<p>Al recibir el m\u00e1ximo galard\u00f3n entregado por esta asociaci\u00f3n, Barrera Concha reconoci\u00f3 la participaci\u00f3n clave de cada uno de los profesionales del micr\u00f3fono que asumen la responsabilidad de edificar, dignificar y significar vidas y acontecimientos en nuestra ciudad con sus comentarios y opiniones, con los que abonan a la cohesi\u00f3n del tejido social del Municipio.<\/p>\n\n\n\n<p>\u2014Menci\u00f3n aparte merece su trabajo frente al micr\u00f3fono para comunicar y orientar a la poblaci\u00f3n ante esta pandemia y los recientes fen\u00f3menos meteorol\u00f3gicos que han afectado a nuestra poblaci\u00f3n \u2014dijo.<\/p>\n\n\n\n<p>Por su parte, Castro Gamboa destac\u00f3 que la comunicaci\u00f3n es un elemento clave en el desarrollo de un municipio, de una entidad y de un pa\u00eds, por eso la asociaci\u00f3n demanda la profesionalizaci\u00f3n de quienes est\u00e1n al frente de un micr\u00f3fono.<\/p>\n\n\n\n<p>En el evento el alcalde y Rosal\u00eda Buaun tomaron la protesta de la mesa directiva de la delegaci\u00f3n Yucat\u00e1n para el per\u00edodo 2020\u20132023, hicieron la entrega de credenciales a nuevos miembros y otorgaron las medallas \u201cRicardo L\u00f3pez M\u00e9ndez\u201d y \u201cHumberto G. Tamayo\u201d a la maestra Elid\u00e9 Soberanis Carrillo y Helen Mugarte, hija del Lic. Luis Edwin Mugarte Guerrero, respectivamente.<\/p>\n<div class='share-to-whatsapp-wrapper'><div class='share-on-whsp'>Share on: <\/div><a data-text='El alcalde de M\u00e9rida, Ren\u00e1n Barrera Concha,  recibe el \u201cMicr\u00f3fono de Oro\u201d' data-link='https:\/\/visionpeninsular.com\/mid\/el-alcalde-de-merida-renan-barrera-concha-recibe-el-microfono-de-oro\/' class='whatsapp-button whatsapp-share'>WhatsApp<\/a><div class='clear '><\/div><\/div>","protected":false},"excerpt":{"rendered":"<p>&nbsp;La Asociaci\u00f3n Nacional de Locutores de M\u00e9xico, reconoci\u00f3 al alcalde Ren\u00e1n Barrera Concha con la entrega del \u201cMicr\u00f3fono de oro\u201d, &nbsp;por su apoyo a las labores que sostienen el desarrollo de la comunicaci\u00f3n libre en el municipio. Durante un sencillo, pero emotivo evento, celebrado en un c\u00e9ntrico hotel de M\u00e9rida, el concejal refrend\u00f3 su compromiso &hellip;<\/p>\n","protected":false},"author":5,"featured_media":136666,"comment_status":"open","ping_status":"open","sticky":false,"template":"","format":"standard","meta":{"_mi_skip_tracking":false},"categories":[49,37],"tags":[1282,24724,24723,24725],"_links":{"self":[{"href":"https:\/\/visionpeninsular.com\/mid\/wp-json\/wp\/v2\/posts\/136665"}],"collection":[{"href":"https:\/\/visionpeninsular.com\/mid\/wp-json\/wp\/v2\/posts"}],"about":[{"href":"https:\/\/visionpeninsular.com\/mid\/wp-json\/wp\/v2\/types\/post"}],"author":[{"embeddable":true,"href":"https:\/\/visionpeninsular.com\/mid\/wp-json\/wp\/v2\/users\/5"}],"replies":[{"embeddable":true,"href":"https:\/\/visionpeninsular.com\/mid\/wp-json\/wp\/v2\/comments?post=136665"}],"version-history":[{"count":1,"href":"https:\/\/visionpeninsular.com\/mid\/wp-json\/wp\/v2\/posts\/136665\/revisions"}],"predecessor-version":[{"id":136669,"href":"https:\/\/visionpeninsular.com\/mid\/wp-json\/wp\/v2\/posts\/136665\/revisions\/136669"}],"wp:featuredmedia":[{"embeddable":true,"href":"https:\/\/visionpeninsular.com\/mid\/wp-json\/wp\/v2\/media\/136666"}],"wp:attachment":[{"href":"https:\/\/visionpeninsular.com\/mid\/wp-json\/wp\/v2\/media?parent=136665"}],"wp:term":[{"taxonomy":"category","embeddable":true,"href":"https:\/\/visionpeninsular.com\/mid\/wp-json\/wp\/v2\/categories?post=136665"},{"taxonomy":"post_tag","embeddable":true,"href":"https:\/\/visionpeninsular.com\/mid\/wp-json\/wp\/v2\/tags?post=136665"}],"curies":[{"name":"wp","href":"https:\/\/api.w.org\/{rel}","templated":true}]}}