{"id":135899,"date":"2020-10-23T12:27:06","date_gmt":"2020-10-23T17:27:06","guid":{"rendered":"http:\/\/visionpeninsular.com\/mid\/?p=135899"},"modified":"2020-10-23T12:27:13","modified_gmt":"2020-10-23T17:27:13","slug":"entre-corcheas-maricarmen-perez-dominguez","status":"publish","type":"post","link":"https:\/\/visionpeninsular.com\/mid\/entre-corcheas-maricarmen-perez-dominguez\/","title":{"rendered":"\u201cENTRE CORCHEAS\u201d. MARICARMEN P\u00c9REZ DOM\u00cdNGUEZ"},"content":{"rendered":"\n<p>Ing. Alfonso Hiram Garc\u00eda Acosta<\/p>\n\n\n\n<figure class=\"wp-block-image size-large\"><img loading=\"lazy\" width=\"592\" height=\"393\" src=\"http:\/\/visionpeninsular.com\/mid\/wp-content\/uploads\/2020\/10\/maricarmen-perez.jpg\" alt=\"\" class=\"wp-image-135900\" srcset=\"https:\/\/visionpeninsular.com\/mid\/wp-content\/uploads\/2020\/10\/maricarmen-perez.jpg 592w, https:\/\/visionpeninsular.com\/mid\/wp-content\/uploads\/2020\/10\/maricarmen-perez-300x199.jpg 300w, https:\/\/visionpeninsular.com\/mid\/wp-content\/uploads\/2020\/10\/maricarmen-perez-310x205.jpg 310w\" sizes=\"(max-width: 592px) 100vw, 592px\" \/><\/figure>\n\n\n\n<p>Escribir sobre Maricarmen P\u00e9rez en la m\u00fasica, es f\u00e1cil para mi pluma, pues he sido amigo y parte de su familia y ella de la m\u00eda; sus hijos Luis Alfonso y Mar\u00eda Jos\u00e9 se educaron en la Comunidad Educativa \u201cBambini Montessori\u201d que dirige mi hija Addy Margarita; con su padre el ing. Hern\u00e1n P\u00e9rez vega, cuando era presidente de la Asociaci\u00f3n de Valuaci\u00f3n y Catastro, organizamos el Primer Congreso Internacional Latinoamericano del mismo en esta ciudad de M\u00e9rida de Yucat\u00e1n; Hern\u00e1n tocador de guitarra y amante de la trovadoresca peninsular y cubana, ten\u00edamos reuniones familiares en ambas casas y Maricarmen y sus hermanos participaban tambi\u00e9n, uno con su flauta y Hern\u00e1n hijo con su Sax tenor; y en una visita del Dr. Jos\u00e9 Loyola y Presidente del Festival Internacional \u201cBoleros de Oro\u201d \u2013el m\u00e1s importante de este g\u00e9nero musical en Latinoam\u00e9rica- le invit\u00e9 a conocer a Maricarmen en su casa y posteriormente, como organizador de la Delegaci\u00f3n Mexicana, me envi\u00f3 la invitaci\u00f3n para que Maricarmen participara en dicho festival del Bolero.<\/p>\n\n\n\n<p>Y fue para el a\u00f1o de 1994, cuando Armando Manzanero declin\u00f3 la invitaci\u00f3n a ser el homenajeado en dicho festival y se pens\u00f3 en un gran m\u00fasico mexicano, compositor y pianista de los grandes de M\u00e9xico, que resid\u00eda en Guadalajara; Don Gonzalo Curiel, adem\u00e1s de concertista cl\u00e1sico y compositor de grandes oberturas; y creo que en esa ocasi\u00f3n la representaci\u00f3n de M\u00e9xico en Cuba, ha sido la m\u00e1s importante a la fecha por la calidad de sus participantes: Gonzalo Curiel; la inolvidable Amparo Montes; el cantante y parodista Oscar Ch\u00e1vez; Los Caminantes, tr\u00edo yucateco que trabajaba en un restaurante del Aeropuerto capitalino; el Negro Peregrino de Veracruz, la \u201cEmbajadora de la canci\u00f3n Yucateca\u201d Maricarmen P\u00e9rez; la soprano Ileana Cort\u00e9s y el tenor Filiberto Aguilar, y dimos un concierto de despedida para partir a Cuba, en el Club de Golf de Yucat\u00e1n en su Sal\u00f3n del \u201cHoyo 19\u201d de gran \u00e9xito y hay cr\u00f3nicas que lo respaldan.<\/p>\n\n\n\n<p>As\u00ed Maricarmen en esta ocasi\u00f3n hace su primer viaje a Cuba, donde tambi\u00e9n estuvimos: el Dr. Pablo Due\u00f1as, Jes\u00fas Flores y Escalante y el que escribe, los tres como conferencistas en los simposios paralelos en la Sala Villera de la UNEAC; con ponencias sobre el Bolero, con llenos completos; la inauguraci\u00f3n y clausura fue en el teatro Carlos Marx, con aforo superior a los cuatro mil asientos, en unos eventos inolvidables y que a partir de ese evento Maricarmen sigui\u00f3 sus actuaciones en Cuba y Latinoam\u00e9rica.<\/p>\n\n\n\n<p>Con esta introducci\u00f3n demuestro la familiaridad que nos une a trav\u00e9s de la m\u00fasica para entrar en materia.<\/p>\n\n\n\n<p>Maricarmen P\u00e9rez Dom\u00ednguez, se encuentra en el Sal\u00f3n de los Creadores del Museo de la Canci\u00f3n en Yucat\u00e1n, y su semblanza dice:<\/p>\n\n\n\n<p>\u201cCantante, guitarrista, y compositora. Se inici\u00f3 en 1974 como parte del grupo musical Klan 67 del pianista Mario Esquivel. Como int\u00e9rprete y guitarrista ha incursionado en varios g\u00e9neros como el jazz, bossa nova, canto nuevo y bolero; folklore mexicano, cubano, colombiano, venezolano y ecuatoriano. Ha difundido la Canci\u00f3n Yucateca en giras a Cuba, Puerto Rico, los Estados Unidos, Centro y Sur Am\u00e9rica y algunos pa\u00edses de Europa, Asia y \u00c1frica. Desde 1999 es solista de la Orquesta T\u00edpica \u201cYucalpet\u00e9n\u201d.<\/p>\n\n\n\n<p>Ha participado en numerosos festivales internacionales como compositora, int\u00e9rprete, y guitarrista y ha grabado once discos compactos: \u00abEn tus ojos\u00bb dedicado a Pastor Cervera; \u201cTova Yucateca\u201d, volumen I y II y \u201cLo que mi alma siente\u201d, con canciones de Luis Felipe Castillo Herrera, \u201cEsencia Yucateca\u201d su \u00faltima producci\u00f3n con la Orquesta T\u00edpica Yucalpet\u00e9n.<\/p>\n\n\n\n<p>Musicaliz\u00f3 el poema \u201cSencillez\u201d de Jos\u00e9 D\u00edaz Bolio, \u201cLa jaula\u201d de Fernando Espejo y otros m\u00e1s de Jaime Sabines, Carlos Pellicer y otros cantilenistas yucatecos\u201d.<\/p>\n\n\n\n<figure class=\"wp-block-image size-large\"><img loading=\"lazy\" width=\"592\" height=\"329\" src=\"http:\/\/visionpeninsular.com\/mid\/wp-content\/uploads\/2020\/10\/medalla.jpg\" alt=\"\" class=\"wp-image-135901\" srcset=\"https:\/\/visionpeninsular.com\/mid\/wp-content\/uploads\/2020\/10\/medalla.jpg 592w, https:\/\/visionpeninsular.com\/mid\/wp-content\/uploads\/2020\/10\/medalla-300x167.jpg 300w\" sizes=\"(max-width: 592px) 100vw, 592px\" \/><\/figure>\n\n\n\n<p>Maricarmen P\u00e9rez, la \u201cEmbajadora de la canci\u00f3n yucateca\u201d. Recibe una presea en el cabildo de M\u00e9rida.<\/p>\n\n\n\n<p>Por sus casi 50 a\u00f1os de trayectoria art\u00edstica, como compositora, int\u00e9rprete, guitarrista y promotora de la trova local a nivel nacional e internacional, Maricarmen P\u00e9rez Dom\u00ednguez, llamada \u201cEmbajadora de la canci\u00f3n yucateca\u201d, recibi\u00f3 la presea al M\u00e9rito Art\u00edstico \u201cSilvio Zavala Vallado\u201d.<\/p>\n\n\n\n<p>La alcaldesa interina Mar\u00eda Fritz Sierra expres\u00f3 que la ciudad rinde un merecido reconocimiento a la distinguida meridana que ha puesto en alto el nombre del estado y del pa\u00eds en sus giras y festivales, por lo que agradeci\u00f3 al jurado la oportunidad de este homenaje.<\/p>\n\n\n\n<p>Luego de recibir en sesi\u00f3n solemne del Cabildo del Ayuntamiento de M\u00e9rida la medalla por su contribuci\u00f3n y difusi\u00f3n del arte musical, la cantante dijo, sin falsa modestia, que no esperaba esta distinci\u00f3n.<\/p>\n\n\n\n<p>\u201cEs una sorpresa que hace sonre\u00edr mi coraz\u00f3n\u201d, solt\u00f3 ante autoridades y p\u00fablico.<\/p>\n\n\n\n<p>\u201cUno no hace las cosas para que te cuelguen medallas o te den premios, o reconocimientos.&nbsp; As\u00ed nos ense\u00f1aron nuestros padres; hay que hacer las cosas bien, siempre en pro de la comunidad y de la gente que est\u00e9 a tu alrededor\u201d, manifest\u00f3 la int\u00e9rprete, al recordar la influencia de su familia en su formaci\u00f3n.<\/p>\n\n\n\n<p>Asegur\u00f3 que: \u201cla medalla es un reconocimiento a los trovadores yucatecos, a los compositores que han contribuido a dar identidad musical y cultural a nuestro estado como Pastor Cervera, Luis Felipe Castillo y Armando Manzanero\u201d. \u201cLa vida me ha dado tanto y por eso hay que ser agradecida\u201d, agreg\u00f3, en medio de prolongado aplauso de los integrantes del Cabildo de M\u00e9rida, as\u00ed como de invitados especiales.<\/p>\n\n\n\n<p>P\u00e9rez Dom\u00ednguez, quien ha difundido la Canci\u00f3n Yucateca en giras a Cuba, Puerto Rico, los Estados Unidos, Centro y Sur Am\u00e9rica y algunos pa\u00edses de Europa, Asia y \u00c1frica, llam\u00f3 a los j\u00f3venes de todas las disciplinas art\u00edsticas a prepararse, a no improvisar, a dar lo mejor de s\u00ed mismo.<\/p>\n\n\n\n<p>&nbsp;\u201cEn el arte ll\u00e1mese pintura, m\u00fasica, literatura y teatro, o cualquiera que sea la disciplina art\u00edstica, uno es la imagen de nuestra ciudad o pa\u00eds ante el mundo y uno se tiene que preparar\u201d, recalc\u00f3 la destacada mujer, quien ha interpretado tambi\u00e9n los versos de poetas como Jos\u00e9 D\u00edaz Bolio, Jaime Sabines y Carlos Pellicer\u201d.<\/p>\n\n\n\n<p>Afirm\u00f3 que: \u201cel Ayuntamiento de M\u00e9rida est\u00e1 comprometido con la promoci\u00f3n cultural en la ciudad, ya que el talento, refiri\u00f3, est\u00e1 en la casa, en la escuela y en la calle, de ah\u00ed que se trabaja en edificar el Centro Cultural del Sur con una inversi\u00f3n de 44 millones de pesos que dar\u00e1 opciones a los j\u00f3venes de esa zona\u201d.<\/p>\n\n\n\n<p>Desde 1999, Maricarmen es solista de la Orquesta T\u00edpica \u201cYucalpet\u00e9n\u201d. Ha grabado 19 discos de larga duraci\u00f3n y participado en m\u00e1s de 40 festivales alrededor del mundo.<\/p>\n\n\n\n<figure class=\"wp-block-image size-large\"><img loading=\"lazy\" width=\"538\" height=\"304\" src=\"http:\/\/visionpeninsular.com\/mid\/wp-content\/uploads\/2020\/10\/escrito.jpg\" alt=\"\" class=\"wp-image-135902\" srcset=\"https:\/\/visionpeninsular.com\/mid\/wp-content\/uploads\/2020\/10\/escrito.jpg 538w, https:\/\/visionpeninsular.com\/mid\/wp-content\/uploads\/2020\/10\/escrito-300x170.jpg 300w\" sizes=\"(max-width: 538px) 100vw, 538px\" \/><\/figure>\n\n\n\n<p>&nbsp;Con el reconocimiento escrito del Cabildo de la ciudad de M\u00e9rida, de Yucat\u00e1n.<\/p>\n\n\n\n<p>Una de las cualidades que caracterizan a Maricarmen, es su conocimiento historiogr\u00e1fico de m\u00fasicos y compositores vern\u00e1culos y Latinoamericanos, con que salpica con segmentos hist\u00f3ricos cada una de sus canciones, lo que da un toque cultural y anecd\u00f3tico a cada una de sus presentaciones, su voz c\u00e1lida que enamora y se acompa\u00f1a casi siempre de su maravilloso toque de la guitarra.<\/p>\n\n\n\n<figure class=\"wp-block-image size-large\"><img loading=\"lazy\" width=\"614\" height=\"480\" src=\"http:\/\/visionpeninsular.com\/mid\/wp-content\/uploads\/2020\/10\/luis-demetrio.jpg\" alt=\"\" class=\"wp-image-135903\" srcset=\"https:\/\/visionpeninsular.com\/mid\/wp-content\/uploads\/2020\/10\/luis-demetrio.jpg 614w, https:\/\/visionpeninsular.com\/mid\/wp-content\/uploads\/2020\/10\/luis-demetrio-300x235.jpg 300w\" sizes=\"(max-width: 614px) 100vw, 614px\" \/><figcaption>Maricarmen P\u00e9rez Dom\u00ednguez, junto al \u00f3leo del compositor Luis Demetrio Traconis, antes de su recital sobre la obra de nuestro admirado Luis Demetrio<\/figcaption><\/figure>\n\n\n\n<p>La int\u00e9rprete enamora con su voz y sorprende con su manejo de la guitarra y podemos decir que es la Golondrina Viajera de Yucat\u00e1n que trabaja como investigadora, recopiladora y embajadora musical por los m\u00e1s de veinte pa\u00edses visitados en sus giras internacionales. Adelante Maricarmen, tu tambi\u00e9n tienes un sitio como mujer en la m\u00fasica del Caribe peninsular que lleva la cultura musical del Mayab, como digna embajadora y gestora cultural de nuestra patria. AHGA.<\/p>\n<div class='share-to-whatsapp-wrapper'><div class='share-on-whsp'>Share on: <\/div><a data-text='\u201cENTRE CORCHEAS\u201d. MARICARMEN P\u00c9REZ DOM\u00cdNGUEZ' data-link='https:\/\/visionpeninsular.com\/mid\/entre-corcheas-maricarmen-perez-dominguez\/' class='whatsapp-button whatsapp-share'>WhatsApp<\/a><div class='clear '><\/div><\/div>","protected":false},"excerpt":{"rendered":"<p>Ing. Alfonso Hiram Garc\u00eda Acosta Escribir sobre Maricarmen P\u00e9rez en la m\u00fasica, es f\u00e1cil para mi pluma, pues he sido amigo y parte de su familia y ella de la m\u00eda; sus hijos Luis Alfonso y Mar\u00eda Jos\u00e9 se educaron en la Comunidad Educativa \u201cBambini Montessori\u201d que dirige mi hija Addy Margarita; con su padre &hellip;<\/p>\n","protected":false},"author":5,"featured_media":135896,"comment_status":"open","ping_status":"open","sticky":false,"template":"","format":"standard","meta":{"_mi_skip_tracking":false},"categories":[44],"tags":[9930,24425],"_links":{"self":[{"href":"https:\/\/visionpeninsular.com\/mid\/wp-json\/wp\/v2\/posts\/135899"}],"collection":[{"href":"https:\/\/visionpeninsular.com\/mid\/wp-json\/wp\/v2\/posts"}],"about":[{"href":"https:\/\/visionpeninsular.com\/mid\/wp-json\/wp\/v2\/types\/post"}],"author":[{"embeddable":true,"href":"https:\/\/visionpeninsular.com\/mid\/wp-json\/wp\/v2\/users\/5"}],"replies":[{"embeddable":true,"href":"https:\/\/visionpeninsular.com\/mid\/wp-json\/wp\/v2\/comments?post=135899"}],"version-history":[{"count":1,"href":"https:\/\/visionpeninsular.com\/mid\/wp-json\/wp\/v2\/posts\/135899\/revisions"}],"predecessor-version":[{"id":135904,"href":"https:\/\/visionpeninsular.com\/mid\/wp-json\/wp\/v2\/posts\/135899\/revisions\/135904"}],"wp:featuredmedia":[{"embeddable":true,"href":"https:\/\/visionpeninsular.com\/mid\/wp-json\/wp\/v2\/media\/135896"}],"wp:attachment":[{"href":"https:\/\/visionpeninsular.com\/mid\/wp-json\/wp\/v2\/media?parent=135899"}],"wp:term":[{"taxonomy":"category","embeddable":true,"href":"https:\/\/visionpeninsular.com\/mid\/wp-json\/wp\/v2\/categories?post=135899"},{"taxonomy":"post_tag","embeddable":true,"href":"https:\/\/visionpeninsular.com\/mid\/wp-json\/wp\/v2\/tags?post=135899"}],"curies":[{"name":"wp","href":"https:\/\/api.w.org\/{rel}","templated":true}]}}