{"id":135861,"date":"2020-10-22T12:23:37","date_gmt":"2020-10-22T17:23:37","guid":{"rendered":"http:\/\/visionpeninsular.com\/mid\/?p=135861"},"modified":"2020-10-22T12:23:42","modified_gmt":"2020-10-22T17:23:42","slug":"genio-de-la-poesia-experimental","status":"publish","type":"post","link":"https:\/\/visionpeninsular.com\/mid\/genio-de-la-poesia-experimental\/","title":{"rendered":"Genio de la poes\u00eda experimental"},"content":{"rendered":"\n<p>Fuente: Diario de Yucat\u00e1n<\/p>\n\n\n\n<p>Ra\u00fal Ren\u00e1n es el tema en c\u00e1psulas web de Prohispen<\/p>\n\n\n\n<p>En \u201cMiradas en el tiempo\u201d, c\u00e1psulas culturales de ProHispen, que se transmiten los martes y jueves en las diversas redes sociales de la instituci\u00f3n y en la p\u00e1gina web www.prohispen.com, Rodrigo Orda\u00f1ez comparte un peque\u00f1o texto a prop\u00f3sito de Ra\u00fal Ren\u00e1n, uno de nuestros m\u00e1ximos exponentes de la poes\u00eda experimental, que naci\u00f3 en M\u00e9rida, Yucat\u00e1n el 2 de marzo de 1928 y falleci\u00f3 el 14 de junio de 2017.<\/p>\n\n\n\n<p>Fue un escritor vers\u00e1til y apasionado del oficio que consagr\u00f3 su vida; destacado como poeta, narrador y editor, sin embargo uno de los campos donde fue muy prol\u00edfico es en la direcci\u00f3n de decenas de talleres literarios, centros de reuni\u00f3n donde muchos de nosotros conocimos a Ra\u00fal como maestro, amigo y un gu\u00eda que nos abri\u00f3 camino hacia el descubrimiento de nuestra voz po\u00e9tica.<\/p>\n\n\n\n<p>Entre sus obras destacan \u201cL\u00e1mparas oscuras\u201d, \u201cCatulinarias y s\u00e1ficas\u201d, \u201cDe las queridas cosas\u201d, \u201cGram\u00e1tica fant\u00e1stica\u201d, \u201cLos silencios de Homero\u201d o \u201cMi nombre en juego\u201d. Sin embargo hay libros que hoy d\u00eda forman parte de su legado como los testimoniales de amigos y alumnos y seres queridos que casa a\u00f1o revelan una foto in\u00e9dita, una entrevista o los homenajes hechos en su memoria, porque<\/p>\n\n\n\n<p>Ra\u00fal Ren\u00e1n dej\u00f3 un vac\u00edo que su poes\u00eda pulveriza al recordarnos su sonrisa franca, la charla amena y las ma\u00f1anas donde lo ve\u00edamos en los caf\u00e9s combatiendo por encontrar una comuni\u00f3n entre la forma po\u00e9tica y el verso hasta convertirlos en una imagen viva.<\/p>\n\n\n\n<p>Decir que Ra\u00fal Ren\u00e1n emprendi\u00f3 su viaje al universo de las palabras en la ciudad de M\u00e9xico el 14 de junio de 2017 ser\u00eda m\u00e1s preciso por que como ellas \u00e9l se multiplica y renace entre nosotros sus lectores cuando abrimos sus libros y visitamos su universo literario, desde donde a\u00fan contin\u00faa habl\u00e1ndonos con la misma alegr\u00eda con que mir\u00f3 al mundo .<\/p>\n\n\n\n<p>En el 2018, el Centro Cultural ProHispen devel\u00f3 una placa en su honor en la Escuela Primaria \u201cManuel Cepeda Peraza\u201d ubicada en el barrio de San Sebasti\u00e1n, donde el reconocido poeta yucatanense efectu\u00f3 sus primeros estudios.<\/p>\n<div class='share-to-whatsapp-wrapper'><div class='share-on-whsp'>Share on: <\/div><a data-text='Genio de la poes\u00eda experimental' data-link='https:\/\/visionpeninsular.com\/mid\/genio-de-la-poesia-experimental\/' class='whatsapp-button whatsapp-share'>WhatsApp<\/a><div class='clear '><\/div><\/div>","protected":false},"excerpt":{"rendered":"<p>Fuente: Diario de Yucat\u00e1n Ra\u00fal Ren\u00e1n es el tema en c\u00e1psulas web de Prohispen En \u201cMiradas en el tiempo\u201d, c\u00e1psulas culturales de ProHispen, que se transmiten los martes y jueves en las diversas redes sociales de la instituci\u00f3n y en la p\u00e1gina web www.prohispen.com, Rodrigo Orda\u00f1ez comparte un peque\u00f1o texto a prop\u00f3sito de Ra\u00fal Ren\u00e1n, &hellip;<\/p>\n","protected":false},"author":5,"featured_media":135757,"comment_status":"open","ping_status":"open","sticky":false,"template":"","format":"standard","meta":{"_mi_skip_tracking":false},"categories":[44],"tags":[22444,3424,24409],"_links":{"self":[{"href":"https:\/\/visionpeninsular.com\/mid\/wp-json\/wp\/v2\/posts\/135861"}],"collection":[{"href":"https:\/\/visionpeninsular.com\/mid\/wp-json\/wp\/v2\/posts"}],"about":[{"href":"https:\/\/visionpeninsular.com\/mid\/wp-json\/wp\/v2\/types\/post"}],"author":[{"embeddable":true,"href":"https:\/\/visionpeninsular.com\/mid\/wp-json\/wp\/v2\/users\/5"}],"replies":[{"embeddable":true,"href":"https:\/\/visionpeninsular.com\/mid\/wp-json\/wp\/v2\/comments?post=135861"}],"version-history":[{"count":1,"href":"https:\/\/visionpeninsular.com\/mid\/wp-json\/wp\/v2\/posts\/135861\/revisions"}],"predecessor-version":[{"id":135862,"href":"https:\/\/visionpeninsular.com\/mid\/wp-json\/wp\/v2\/posts\/135861\/revisions\/135862"}],"wp:featuredmedia":[{"embeddable":true,"href":"https:\/\/visionpeninsular.com\/mid\/wp-json\/wp\/v2\/media\/135757"}],"wp:attachment":[{"href":"https:\/\/visionpeninsular.com\/mid\/wp-json\/wp\/v2\/media?parent=135861"}],"wp:term":[{"taxonomy":"category","embeddable":true,"href":"https:\/\/visionpeninsular.com\/mid\/wp-json\/wp\/v2\/categories?post=135861"},{"taxonomy":"post_tag","embeddable":true,"href":"https:\/\/visionpeninsular.com\/mid\/wp-json\/wp\/v2\/tags?post=135861"}],"curies":[{"name":"wp","href":"https:\/\/api.w.org\/{rel}","templated":true}]}}