{"id":135739,"date":"2020-10-20T10:09:06","date_gmt":"2020-10-20T15:09:06","guid":{"rendered":"http:\/\/visionpeninsular.com\/mid\/?p=135739"},"modified":"2020-10-20T10:09:15","modified_gmt":"2020-10-20T15:09:15","slug":"imputado-por-tentativa-de-feminicidio-en-kanasin","status":"publish","type":"post","link":"https:\/\/visionpeninsular.com\/mid\/imputado-por-tentativa-de-feminicidio-en-kanasin\/","title":{"rendered":"Imputado por tentativa de feminicidio en Kanas\u00edn"},"content":{"rendered":"\n<p>Por su presunta participaci\u00f3n en la tentativa de feminicidio en agravio de su pareja sentimental, la Fiscal\u00eda General del Estado (FGE) formul\u00f3 la imputaci\u00f3n del delito a O.S.M. denunciado tras los hechos ocurridos el pasado 16 de octubre en el fraccionamiento Santa Ana, en la localidad de Kanas\u00edn, por lo que permanecer\u00e1 en prisi\u00f3n hasta que se esclarezca su participaci\u00f3n en la agresi\u00f3n.<\/p>\n\n\n\n<p>Conforme a la informaci\u00f3n reunida durante la indagatoria, los hechos ocurrieron en el interior de un predio del citado fraccionamiento, donde el imputado presuntamente ejecut\u00f3 actos encaminados a privar de la vida a la v\u00edctima, quien logr\u00f3 salir del lugar para pedir ayuda, por lo que fue detenido y se abri\u00f3 una carpeta de investigaci\u00f3n que deriv\u00f3 en la causa penal 79\/2020.<\/p>\n\n\n\n<p>En la audiencia realizada en el Centro de Justicia Oral de Kanas\u00edn, el Juez de Control decret\u00f3 la legalidad en la detenci\u00f3n y los fiscales adscritos, despu\u00e9s de formular la imputaci\u00f3n, presentaron los datos de prueba para solicitar la vinculaci\u00f3n a proceso del imputado, quien se acogi\u00f3 a la duplicidad del t\u00e9rmino constitucional para definir su situaci\u00f3n jur\u00eddica, por lo que la autoridad judicial estableci\u00f3 la continuaci\u00f3n de la audiencia el pr\u00f3ximo 22 de octubre.<\/p>\n\n\n\n<p>Por \u00faltimo, los fiscales adscritos presentaron sus argumentos para justificar la solicitud de la medida cautelar de prisi\u00f3n preventiva, misma que fue otorgada por la autoridad judicial por todo el tiempo que dure el proceso.<\/p>\n\n\n\n<p>Bolet\u00edn de prensa<\/p>\n<div class='share-to-whatsapp-wrapper'><div class='share-on-whsp'>Share on: <\/div><a data-text='Imputado por tentativa de feminicidio en Kanas\u00edn' data-link='https:\/\/visionpeninsular.com\/mid\/imputado-por-tentativa-de-feminicidio-en-kanasin\/' class='whatsapp-button whatsapp-share'>WhatsApp<\/a><div class='clear '><\/div><\/div>","protected":false},"excerpt":{"rendered":"<p>Por su presunta participaci\u00f3n en la tentativa de feminicidio en agravio de su pareja sentimental, la Fiscal\u00eda General del Estado (FGE) formul\u00f3 la imputaci\u00f3n del delito a O.S.M. denunciado tras los hechos ocurridos el pasado 16 de octubre en el fraccionamiento Santa Ana, en la localidad de Kanas\u00edn, por lo que permanecer\u00e1 en prisi\u00f3n hasta &hellip;<\/p>\n","protected":false},"author":5,"featured_media":135740,"comment_status":"open","ping_status":"open","sticky":false,"template":"","format":"standard","meta":{"_mi_skip_tracking":false},"categories":[50,37],"tags":[3078,24348,1499,14836,13484],"_links":{"self":[{"href":"https:\/\/visionpeninsular.com\/mid\/wp-json\/wp\/v2\/posts\/135739"}],"collection":[{"href":"https:\/\/visionpeninsular.com\/mid\/wp-json\/wp\/v2\/posts"}],"about":[{"href":"https:\/\/visionpeninsular.com\/mid\/wp-json\/wp\/v2\/types\/post"}],"author":[{"embeddable":true,"href":"https:\/\/visionpeninsular.com\/mid\/wp-json\/wp\/v2\/users\/5"}],"replies":[{"embeddable":true,"href":"https:\/\/visionpeninsular.com\/mid\/wp-json\/wp\/v2\/comments?post=135739"}],"version-history":[{"count":1,"href":"https:\/\/visionpeninsular.com\/mid\/wp-json\/wp\/v2\/posts\/135739\/revisions"}],"predecessor-version":[{"id":135741,"href":"https:\/\/visionpeninsular.com\/mid\/wp-json\/wp\/v2\/posts\/135739\/revisions\/135741"}],"wp:featuredmedia":[{"embeddable":true,"href":"https:\/\/visionpeninsular.com\/mid\/wp-json\/wp\/v2\/media\/135740"}],"wp:attachment":[{"href":"https:\/\/visionpeninsular.com\/mid\/wp-json\/wp\/v2\/media?parent=135739"}],"wp:term":[{"taxonomy":"category","embeddable":true,"href":"https:\/\/visionpeninsular.com\/mid\/wp-json\/wp\/v2\/categories?post=135739"},{"taxonomy":"post_tag","embeddable":true,"href":"https:\/\/visionpeninsular.com\/mid\/wp-json\/wp\/v2\/tags?post=135739"}],"curies":[{"name":"wp","href":"https:\/\/api.w.org\/{rel}","templated":true}]}}